{"id":30845,"date":"2022-08-10T19:39:56","date_gmt":"2022-08-10T22:39:56","guid":{"rendered":"https:\/\/morenoprimero.com.ar\/?p=30845"},"modified":"2022-08-10T19:39:56","modified_gmt":"2022-08-10T22:39:56","slug":"el-morenito-representara-a-la-ciudad-de-moreno-en-peru","status":"publish","type":"post","link":"https:\/\/morenoprimero.com.ar\/archivo\/el-morenito-representara-a-la-ciudad-de-moreno-en-peru\/","title":{"rendered":"\u00abEl Morenito\u00bb representar\u00e1 a la ciudad de Moreno en Per\u00fa"},"content":{"rendered":"\n<p>Los Premios Miradas Internacionales 2022, distinci\u00f3n que otorga anualmente la Revista Miradas a organizaciones de la actividad tur\u00edstica, gastron\u00f3mica, cultural y afines, tendr\u00e1 lugar el 24 y 25 de agosto en Lima, Per\u00fa. En esta nueva edici\u00f3n estar\u00e1 presente el chef Leonardo Guti\u00e9rrez, creador del guiso carrero \u00abEl Morenito\u00bb en representaci\u00f3n a Moreno.<\/p>\n\n\n\n<p>El chef y vecino de Moreno, Leonardo Guti\u00e9rrez representar\u00e1 a la ciudad y cocinar\u00e1 su receta en la noche de Gala al Rey de Espa\u00f1a Felipe VI. El guiso carrero \u201cEl Morenito\u201d fue declarado de inter\u00e9s cultural y tur\u00edstico por el Municipio de Moreno.<\/p>\n\n\n\n<p>Al respecto, Leonardo Guti\u00e9rrez expres\u00f3: <strong>\u201cestos premios son una ventana al mundo para mostrar nuestras costumbres, nuestra cultura y nuestra receta \u00abEl Morenito\u00bb<\/strong>. Un d\u00eda antes de la alfombra roja, cocinaremos nuestro guiso carrero y vamos a dar una charla a los chefs de todo el mundo que se re\u00fanen para competir. Es un orgullo cerrar la jornada y ser embajadores internacionales de Moreno\u201d, y destac\u00f3 \u201cestoy agradecido por el apoyo que recibimos de la ciudad y de la gesti\u00f3n de Mariel Fern\u00e1ndez\u201d.<\/p>\n\n\n\n<p>\u201cEl Morenito\u201d est\u00e1 nominado en la categor\u00eda \u00abExcelencia\u00bb y votado por 11 pa\u00edses.<\/p>\n\n\n\n<figure class=\"wp-block-image size-large\"><a href=\"https:\/\/morenoprimero.com.ar\/wp-content\/uploads\/2022\/08\/WhatsApp-Image-2022-08-05-at-2.01.28-PM.jpeg\"><img loading=\"lazy\" decoding=\"async\" width=\"1024\" height=\"681\" src=\"https:\/\/morenoprimero.com.ar\/wp-content\/uploads\/2022\/08\/WhatsApp-Image-2022-08-05-at-2.01.28-PM-1024x681.jpeg\" alt=\"\" class=\"wp-image-30856\" srcset=\"https:\/\/morenoprimero.com.ar\/archivo\/wp-content\/uploads\/2022\/08\/WhatsApp-Image-2022-08-05-at-2.01.28-PM-1024x681.jpeg 1024w, https:\/\/morenoprimero.com.ar\/archivo\/wp-content\/uploads\/2022\/08\/WhatsApp-Image-2022-08-05-at-2.01.28-PM-300x199.jpeg 300w, https:\/\/morenoprimero.com.ar\/archivo\/wp-content\/uploads\/2022\/08\/WhatsApp-Image-2022-08-05-at-2.01.28-PM-768x511.jpeg 768w, https:\/\/morenoprimero.com.ar\/archivo\/wp-content\/uploads\/2022\/08\/WhatsApp-Image-2022-08-05-at-2.01.28-PM.jpeg 1280w\" sizes=\"auto, (max-width: 1024px) 100vw, 1024px\" \/><\/a><\/figure>\n","protected":false},"excerpt":{"rendered":"<p>Los Premios Miradas Internacionales 2022, distinci\u00f3n que otorga anualmente la Revista Miradas a organizaciones de la actividad tur\u00edstica, gastron\u00f3mica, cultural y afines, tendr\u00e1 lugar el 24 y 25 de agosto en Lima, Per\u00fa. En esta nueva edici\u00f3n estar\u00e1 presente el &hellip; <a href=\"https:\/\/morenoprimero.com.ar\/archivo\/el-morenito-representara-a-la-ciudad-de-moreno-en-peru\/\">Sigue leyendo <span class=\"meta-nav\">&rarr;<\/span><\/a><\/p>\n","protected":false},"author":6,"featured_media":30857,"comment_status":"closed","ping_status":"closed","sticky":false,"template":"","format":"standard","meta":{"footnotes":""},"categories":[21],"tags":[3405,4014,6],"class_list":["post-30845","post","type-post","status-publish","format-standard","has-post-thumbnail","hentry","category-interes-general","tag-guiso-carrero-el-morenito","tag-leo-gutierrez-2","tag-moreno"],"_links":{"self":[{"href":"https:\/\/morenoprimero.com.ar\/archivo\/wp-json\/wp\/v2\/posts\/30845","targetHints":{"allow":["GET"]}}],"collection":[{"href":"https:\/\/morenoprimero.com.ar\/archivo\/wp-json\/wp\/v2\/posts"}],"about":[{"href":"https:\/\/morenoprimero.com.ar\/archivo\/wp-json\/wp\/v2\/types\/post"}],"author":[{"embeddable":true,"href":"https:\/\/morenoprimero.com.ar\/archivo\/wp-json\/wp\/v2\/users\/6"}],"replies":[{"embeddable":true,"href":"https:\/\/morenoprimero.com.ar\/archivo\/wp-json\/wp\/v2\/comments?post=30845"}],"version-history":[{"count":3,"href":"https:\/\/morenoprimero.com.ar\/archivo\/wp-json\/wp\/v2\/posts\/30845\/revisions"}],"predecessor-version":[{"id":31026,"href":"https:\/\/morenoprimero.com.ar\/archivo\/wp-json\/wp\/v2\/posts\/30845\/revisions\/31026"}],"wp:featuredmedia":[{"embeddable":true,"href":"https:\/\/morenoprimero.com.ar\/archivo\/wp-json\/wp\/v2\/media\/30857"}],"wp:attachment":[{"href":"https:\/\/morenoprimero.com.ar\/archivo\/wp-json\/wp\/v2\/media?parent=30845"}],"wp:term":[{"taxonomy":"category","embeddable":true,"href":"https:\/\/morenoprimero.com.ar\/archivo\/wp-json\/wp\/v2\/categories?post=30845"},{"taxonomy":"post_tag","embeddable":true,"href":"https:\/\/morenoprimero.com.ar\/archivo\/wp-json\/wp\/v2\/tags?post=30845"}],"curies":[{"name":"wp","href":"https:\/\/api.w.org\/{rel}","templated":true}]}}