{"id":30837,"date":"2022-08-10T11:11:15","date_gmt":"2022-08-10T14:11:15","guid":{"rendered":"https:\/\/morenoprimero.com.ar\/?p=30837"},"modified":"2022-08-10T11:11:15","modified_gmt":"2022-08-10T14:11:15","slug":"moreno-lo-que-llega-para-educacion-se-invierte-en-educacion","status":"publish","type":"post","link":"https:\/\/morenoprimero.com.ar\/archivo\/moreno-lo-que-llega-para-educacion-se-invierte-en-educacion\/","title":{"rendered":"Moreno: lo que llega para educaci\u00f3n, se invierte en educaci\u00f3n"},"content":{"rendered":"\n<p>El avance en materia de infraestructura escolar&nbsp;es realmente significativo en el Municipio de Moreno en un doble sentido. El primero, por la cantidad de obras que se realizaron y se contin\u00faan realizando a lo largo y ancho del distrito. El segundo, por una gesti\u00f3n municipal que invierte los fondos que arriban al municipio para que esas obras se puedan llevar a cabo. &nbsp;<\/p>\n\n\n\n<p>En el primer a\u00f1o de la actual gesti\u00f3n, la intendenta Mariel Fern\u00e1ndez afirm\u00f3&nbsp;en la conmemoraci\u00f3n del aniversario de la tragedia de la Escuela N\u00ba 49: \u201cLo que ahora llega para educaci\u00f3n, se invierte en educaci\u00f3n\u201d. Una definici\u00f3n con una carga simb\u00f3lica importante en Moreno, que ven\u00eda de reclamar mejoras en las escuelas a gestiones que no invert\u00edan y que no escuchaban los reclamos de la sociedad morenense.&nbsp;<\/p>\n\n\n\n<p>Desde Moreno Primero dialogamos con la subsecretaria de Educaci\u00f3n, Cynthia Mu\u00f1oz, y con la presidenta del Consejo Escolar, Sonia Beltr\u00e1n, quienes dieron cuenta de las diferentes obras que se realizan en el Municipio, como as\u00ed tambi\u00e9n, los diferentes programas que llevan a cabo.&nbsp;<\/p>\n\n\n\n<p><strong>Las obras m\u00e1s importantes<\/strong>&nbsp;<\/p>\n\n\n\n<p>\u201cLas obras m\u00e1s importantes que se realizaron a trav\u00e9s del Fondo Educativo son; la&nbsp;refacci\u00f3n integral de la Casona hist\u00f3rica del Instituto Rojas que adem\u00e1s implic\u00f3 el arreglo de ba\u00f1os, electricidad y conexi\u00f3n de aires acondicionados en todas las aulas. La finalizaci\u00f3n del edificio propio de la EES32 de Villanueva que pr\u00f3ximamente ser\u00e1 inaugurado, obras de ampliaci\u00f3n como por ejemplo la EP 27 de Trujui donde estamos construyendo 4 aulas, la Primaria 82 de Casasco donde estamos construyendo 6 aulas y adem\u00e1s estamos haciendo instalaci\u00f3n de aires acondicionados en toda la Escuela\u201d detall\u00f3 la subsecretaria de Educaci\u00f3n, y agreg\u00f3, \u201cadem\u00e1s se retomaron obras abandonadas por la anterior gesti\u00f3n, como la Escuela Primaria 57 de Cuartel Quinto y la Escuela Primaria 83 de La Reja. Estos edificios est\u00e1n en obra y son financiados a trav\u00e9s del Programa PEED de la Provincia en articulaci\u00f3n con el \u00e1rea de Obras Publicas Municipio. Son escuelas muy necesarias para nuestra comunidad.\u201d&nbsp;<\/p>\n\n\n\n<figure class=\"wp-block-gallery has-nested-images columns-default is-cropped wp-block-gallery-1 is-layout-flex wp-block-gallery-is-layout-flex\">\n<figure class=\"wp-block-image size-full\"><a href=\"https:\/\/morenoprimero.com.ar\/wp-content\/uploads\/2022\/02\/Obras-escuelas-3.jpeg\"><img loading=\"lazy\" decoding=\"async\" width=\"768\" height=\"512\" data-id=\"24686\" src=\"https:\/\/morenoprimero.com.ar\/wp-content\/uploads\/2022\/02\/Obras-escuelas-3.jpeg\" alt=\"\" class=\"wp-image-24686\" srcset=\"https:\/\/morenoprimero.com.ar\/archivo\/wp-content\/uploads\/2022\/02\/Obras-escuelas-3.jpeg 768w, https:\/\/morenoprimero.com.ar\/archivo\/wp-content\/uploads\/2022\/02\/Obras-escuelas-3-300x200.jpeg 300w\" sizes=\"auto, (max-width: 768px) 100vw, 768px\" \/><\/a><\/figure>\n\n\n\n<figure class=\"wp-block-image size-full\"><a href=\"https:\/\/morenoprimero.com.ar\/wp-content\/uploads\/2022\/02\/Obras-escuelas-3.jpg\"><img loading=\"lazy\" decoding=\"async\" width=\"720\" height=\"458\" data-id=\"24687\" src=\"https:\/\/morenoprimero.com.ar\/wp-content\/uploads\/2022\/02\/Obras-escuelas-3.jpg\" alt=\"\" class=\"wp-image-24687\" srcset=\"https:\/\/morenoprimero.com.ar\/archivo\/wp-content\/uploads\/2022\/02\/Obras-escuelas-3.jpg 720w, https:\/\/morenoprimero.com.ar\/archivo\/wp-content\/uploads\/2022\/02\/Obras-escuelas-3-300x191.jpg 300w\" sizes=\"auto, (max-width: 720px) 100vw, 720px\" \/><\/a><\/figure>\n<\/figure>\n\n\n\n<p><strong>Alrededor de 3000 obras en 3 a\u00f1os<\/strong>&nbsp;<\/p>\n\n\n\n<p>Desde el Consejo Escolar, el trabajo tambi\u00e9n es arduo, lo que permiti\u00f3, tal como como precis\u00f3 Sonia Beltr\u00e1n, que \u201cen el a\u00f1o 2020 se hicieron m\u00e1s de 1200 obras desde el Fondo Compensador, que son obras de infraestructura; en el a\u00f1o 2021 se hicieron cerca de 900 obras, y en el a\u00f1o 2022, desde enero hasta junio, vamos m\u00e1s de 700 obras de intervenciones menores y mayores de infraestructura escolar, a trav\u00e9s tambi\u00e9n de los fondos puntuales que gir\u00f3 provincia\u201d.&nbsp;<\/p>\n\n\n\n<p><strong>Las obras abandonadas, retomadas<\/strong>&nbsp;<\/p>\n\n\n\n<p>Para la presidenta del Consejo Escolar es clave la \u201cla&nbsp;articulaci\u00f3n\u201d que se lleva a cabo en el Municipio\u201d con la provincia, porque \u201cac\u00e1 en Moreno nuestra intendenta Mariel Fern\u00e1ndez le interesa y pone todo su acento en el trabajo, en el seguimiento de todo lo necesario para nuestras comunidades educativas\u201d. As\u00ed, contin\u00faa, \u201ctanto es as\u00ed que se han tomado obras abandonadas por la gesti\u00f3n anterior: la famosa \u201cescuela fantasma\u00bb EP 83, que est\u00e1 avanzando a pasos agigantados, la EP 32, tambi\u00e9n una obra abandonada y que ahora la escuela est\u00e1 a punto de ser inaugurada; la EP 57, escuela incendiada en el 2015 y que est\u00e1 a meses de poder culminarse la obra; sumado al jard\u00edn de infantes que se est\u00e1 construyendo, y otros que hay en proyecto\u201d. Tambi\u00e9n, Sonia adelante que \u201cya elevamos la n\u00f3mina de obras a realizar en esta segunda parte del a\u00f1o.\u201d&nbsp;<\/p>\n\n\n\n<figure class=\"wp-block-image size-large\"><a href=\"https:\/\/morenoprimero.com.ar\/wp-content\/uploads\/2021\/11\/3_Escuela39.jpeg\"><img loading=\"lazy\" decoding=\"async\" width=\"1024\" height=\"682\" src=\"https:\/\/morenoprimero.com.ar\/wp-content\/uploads\/2021\/11\/3_Escuela39-1024x682.jpeg\" alt=\"\" class=\"wp-image-20653\" srcset=\"https:\/\/morenoprimero.com.ar\/archivo\/wp-content\/uploads\/2021\/11\/3_Escuela39-1024x682.jpeg 1024w, https:\/\/morenoprimero.com.ar\/archivo\/wp-content\/uploads\/2021\/11\/3_Escuela39-300x200.jpeg 300w, https:\/\/morenoprimero.com.ar\/archivo\/wp-content\/uploads\/2021\/11\/3_Escuela39-768x512.jpeg 768w, https:\/\/morenoprimero.com.ar\/archivo\/wp-content\/uploads\/2021\/11\/3_Escuela39.jpeg 1280w\" sizes=\"auto, (max-width: 1024px) 100vw, 1024px\" \/><\/a><\/figure>\n\n\n\n<p><strong>Las obras de gas y la llegada de aires acondicionado&nbsp;<\/strong><\/p>\n\n\n\n<p>Con los fondos recibidos por el Consejo Escolar surgieron programas como escuelas a la obra y de emergencia edilicia, sumado a los fondos especiales para instalaciones de electricidad, de arreglos de sanitarios, de agua, mantenimiento, y una problem\u00e1tica que urg\u00eda solucionar en Moreno: el gas. &nbsp;<\/p>\n\n\n\n<p>\u201cM muchas obras de gas estaban mal hechas, con falta de mantenimiento\u201d, aclar\u00f3 Sonia Beltr\u00e1n al respecto. No s\u00f3lo se avanz\u00f3 en el reparo de esas obras deficientes&nbsp;y donde no hab\u00edan llegado, adem\u00e1s, \u201cel Consejo Escolar de Moreno fue el primero a nivel provincial que pudo hacer el pedido a trav\u00e9s de una disposici\u00f3n, de que todos los a\u00f1os se realicen en los edificios escolares las pruebas de hermeticidad y grafitado, y eso fue aprobado por la provincia y todos los a\u00f1os se realizan, y en caso de ser necesario se realizan las obras necesarias para el arreglo del gas\u201d. Por otro lado, a\u00f1ade la presidenta del Consejo Escolar, \u201chubo este a\u00f1o un programa de reacondicionamiento t\u00e9rmico que tiene que ver, no s\u00f3lo con instalar el gas en las escuelas, en las cocinas, sino tambi\u00e9n con la instalaci\u00f3n de equipos de aires acondicionados, que es lo que vamos haciendo en articulaci\u00f3n constante con obras p\u00fablicas y la Secretar\u00eda de Educaci\u00f3n del Municipio\u201d&nbsp;<\/p>\n\n\n\n\n\n<p><strong>La gesti\u00f3n contin\u00faa<\/strong>&nbsp;<\/p>\n\n\n\n<p>La subsecretar\u00eda de Educaci\u00f3n adelant\u00f3 a Moreno Primero que \u201cen los pr\u00f3ximos d\u00edas comenzaremos a entregar mobiliario que adquirimos a trav\u00e9s del Fondo Educativo para 46 escuelas del distrito, Jardines, Primarias, y Secundarias\u201d. Cabe destacar que hasta febrero del corriente a\u00f1o se&nbsp;entregaron m\u00e1s de 5.000 elementos en 79 escuelas p\u00fablicas.&nbsp; &nbsp;<\/p>\n\n\n\n<figure class=\"wp-block-image size-full\"><a href=\"https:\/\/morenoprimero.com.ar\/wp-content\/uploads\/2022\/08\/image-6.png\"><img loading=\"lazy\" decoding=\"async\" width=\"800\" height=\"445\" src=\"https:\/\/morenoprimero.com.ar\/wp-content\/uploads\/2022\/08\/image-6.png\" alt=\"\" class=\"wp-image-30838\" srcset=\"https:\/\/morenoprimero.com.ar\/archivo\/wp-content\/uploads\/2022\/08\/image-6.png 800w, https:\/\/morenoprimero.com.ar\/archivo\/wp-content\/uploads\/2022\/08\/image-6-300x167.png 300w, https:\/\/morenoprimero.com.ar\/archivo\/wp-content\/uploads\/2022\/08\/image-6-768x427.png 768w\" sizes=\"auto, (max-width: 800px) 100vw, 800px\" \/><\/a><\/figure>\n\n\n\n<p>Adem\u00e1s, \u201centre los meses de septiembre y diciembre vamos a inaugurar m\u00e1s de 30 aulas nuevas que estamos construyendo con el Fondo Educativo que garantizara mejores condiciones educativas para m\u00e1s de 900 estudiantes de escuelas p\u00fablicas de Moreno.\u201d&nbsp;<\/p>\n\n\n\n<p>Por otro lado, continuar\u00e1n todos los programas que se llevan a cabo desde el municipio en el\u00e1rea de Educaci\u00f3n: \u201cContinuaremos con los programas de salidas educativas al Teatro Marechal, Los Robles y a los Museos Nacionales, en los que est\u00e1n inscriptos m\u00e1s de 17.000 estudiantes de todos los niveles educativos y jardines comunitarios. Tambi\u00e9n seguiremos realizando los encuentros de ESI para escuelas secundarias y articulando con todas las \u00e1reas del Municipio que realizan diferentes proyectos en las Escuelas de Moreno\u201c.&nbsp;<\/p>\n","protected":false},"excerpt":{"rendered":"<p>El avance en materia de infraestructura escolar&nbsp;es realmente significativo en el Municipio de Moreno en un doble sentido. El primero, por la cantidad de obras que se realizaron y se contin\u00faan realizando a lo largo y ancho del distrito. El &hellip; <a href=\"https:\/\/morenoprimero.com.ar\/archivo\/moreno-lo-que-llega-para-educacion-se-invierte-en-educacion\/\">Sigue leyendo <span class=\"meta-nav\">&rarr;<\/span><\/a><\/p>\n","protected":false},"author":6,"featured_media":30980,"comment_status":"closed","ping_status":"closed","sticky":false,"template":"","format":"standard","meta":{"footnotes":""},"categories":[1],"tags":[],"class_list":["post-30837","post","type-post","status-publish","format-standard","has-post-thumbnail","hentry","category-sin-categoria"],"_links":{"self":[{"href":"https:\/\/morenoprimero.com.ar\/archivo\/wp-json\/wp\/v2\/posts\/30837","targetHints":{"allow":["GET"]}}],"collection":[{"href":"https:\/\/morenoprimero.com.ar\/archivo\/wp-json\/wp\/v2\/posts"}],"about":[{"href":"https:\/\/morenoprimero.com.ar\/archivo\/wp-json\/wp\/v2\/types\/post"}],"author":[{"embeddable":true,"href":"https:\/\/morenoprimero.com.ar\/archivo\/wp-json\/wp\/v2\/users\/6"}],"replies":[{"embeddable":true,"href":"https:\/\/morenoprimero.com.ar\/archivo\/wp-json\/wp\/v2\/comments?post=30837"}],"version-history":[{"count":2,"href":"https:\/\/morenoprimero.com.ar\/archivo\/wp-json\/wp\/v2\/posts\/30837\/revisions"}],"predecessor-version":[{"id":30979,"href":"https:\/\/morenoprimero.com.ar\/archivo\/wp-json\/wp\/v2\/posts\/30837\/revisions\/30979"}],"wp:featuredmedia":[{"embeddable":true,"href":"https:\/\/morenoprimero.com.ar\/archivo\/wp-json\/wp\/v2\/media\/30980"}],"wp:attachment":[{"href":"https:\/\/morenoprimero.com.ar\/archivo\/wp-json\/wp\/v2\/media?parent=30837"}],"wp:term":[{"taxonomy":"category","embeddable":true,"href":"https:\/\/morenoprimero.com.ar\/archivo\/wp-json\/wp\/v2\/categories?post=30837"},{"taxonomy":"post_tag","embeddable":true,"href":"https:\/\/morenoprimero.com.ar\/archivo\/wp-json\/wp\/v2\/tags?post=30837"}],"curies":[{"name":"wp","href":"https:\/\/api.w.org\/{rel}","templated":true}]}}