{"id":3077,"date":"2020-09-24T18:04:45","date_gmt":"2020-09-24T18:04:45","guid":{"rendered":"https:\/\/morenoprimero.com.ar\/?p=3077"},"modified":"2020-09-24T18:04:45","modified_gmt":"2020-09-24T18:04:45","slug":"la-cifra-de-positivos-de-covid-19-en-moreno-supera-los-200-confirmados","status":"publish","type":"post","link":"https:\/\/morenoprimero.com.ar\/archivo\/la-cifra-de-positivos-de-covid-19-en-moreno-supera-los-200-confirmados\/","title":{"rendered":"LA CIFRA DE POSITIVOS DE COVID-19 EN MORENO SUPERA LOS 200 CONFIRMADOS"},"content":{"rendered":"\n<h4 class=\"wp-block-heading\">&nbsp; &nbsp;Seg\u00fan el reporte brindado por la Secretar\u00eda de Salud del Municipio de Moreno el d\u00eda 24 de septiembre.&nbsp;<\/h4>\n\n\n\n<p><strong>&nbsp;Son 209 los casos confirmados que, sumados dentro del total, alcanzan los 13081 positivos en Moreno.&nbsp;<\/strong>&nbsp;<\/p>\n\n\n\n<p>&nbsp; &nbsp;A su vez, 10 537 personas se encuentran recuperadas y <strong>2029 casos est\u00e1n en estudio.&nbsp;&nbsp;<\/strong><\/p>\n\n\n\n<p>&nbsp; &nbsp;De las 220 defunciones, 173 se encuentran asociadas a Covid-19. A<strong>l d\u00eda de hoy se presentaron 7 defunciones.&nbsp;<\/strong><\/p>\n\n\n\n<figure class=\"wp-block-image size-large\"><img loading=\"lazy\" decoding=\"async\" width=\"1024\" height=\"477\" src=\"https:\/\/morenoprimero.com.ar\/wp-content\/uploads\/2020\/09\/WhatsApp-Image-2020-09-24-at-2.12.45-PM-1024x477.jpeg\" alt=\"\" class=\"wp-image-3078\" srcset=\"https:\/\/morenoprimero.com.ar\/archivo\/wp-content\/uploads\/2020\/09\/WhatsApp-Image-2020-09-24-at-2.12.45-PM-1024x477.jpeg 1024w, https:\/\/morenoprimero.com.ar\/archivo\/wp-content\/uploads\/2020\/09\/WhatsApp-Image-2020-09-24-at-2.12.45-PM-300x140.jpeg 300w, https:\/\/morenoprimero.com.ar\/archivo\/wp-content\/uploads\/2020\/09\/WhatsApp-Image-2020-09-24-at-2.12.45-PM-768x358.jpeg 768w, https:\/\/morenoprimero.com.ar\/archivo\/wp-content\/uploads\/2020\/09\/WhatsApp-Image-2020-09-24-at-2.12.45-PM.jpeg 1080w\" sizes=\"auto, (max-width: 1024px) 100vw, 1024px\" \/><\/figure>\n","protected":false},"excerpt":{"rendered":"<p>&nbsp; &nbsp;Seg\u00fan el reporte brindado por la Secretar\u00eda de Salud del Municipio de Moreno el d\u00eda 24 de septiembre.&nbsp; &nbsp;Son 209 los casos confirmados que, sumados dentro del total, alcanzan los 13081 positivos en Moreno.&nbsp;&nbsp; &nbsp; &nbsp;A su vez, 10 &hellip; <a href=\"https:\/\/morenoprimero.com.ar\/archivo\/la-cifra-de-positivos-de-covid-19-en-moreno-supera-los-200-confirmados\/\">Sigue leyendo <span class=\"meta-nav\">&rarr;<\/span><\/a><\/p>\n","protected":false},"author":6,"featured_media":2910,"comment_status":"open","ping_status":"open","sticky":false,"template":"","format":"standard","meta":{"footnotes":""},"categories":[5,536,20],"tags":[94,6,568],"class_list":["post-3077","post","type-post","status-publish","format-standard","has-post-thumbnail","hentry","category-recomendadas","category-salud","category-sociedad","tag-covid-19","tag-moreno","tag-reporte-covid-19"],"_links":{"self":[{"href":"https:\/\/morenoprimero.com.ar\/archivo\/wp-json\/wp\/v2\/posts\/3077","targetHints":{"allow":["GET"]}}],"collection":[{"href":"https:\/\/morenoprimero.com.ar\/archivo\/wp-json\/wp\/v2\/posts"}],"about":[{"href":"https:\/\/morenoprimero.com.ar\/archivo\/wp-json\/wp\/v2\/types\/post"}],"author":[{"embeddable":true,"href":"https:\/\/morenoprimero.com.ar\/archivo\/wp-json\/wp\/v2\/users\/6"}],"replies":[{"embeddable":true,"href":"https:\/\/morenoprimero.com.ar\/archivo\/wp-json\/wp\/v2\/comments?post=3077"}],"version-history":[{"count":2,"href":"https:\/\/morenoprimero.com.ar\/archivo\/wp-json\/wp\/v2\/posts\/3077\/revisions"}],"predecessor-version":[{"id":3081,"href":"https:\/\/morenoprimero.com.ar\/archivo\/wp-json\/wp\/v2\/posts\/3077\/revisions\/3081"}],"wp:featuredmedia":[{"embeddable":true,"href":"https:\/\/morenoprimero.com.ar\/archivo\/wp-json\/wp\/v2\/media\/2910"}],"wp:attachment":[{"href":"https:\/\/morenoprimero.com.ar\/archivo\/wp-json\/wp\/v2\/media?parent=3077"}],"wp:term":[{"taxonomy":"category","embeddable":true,"href":"https:\/\/morenoprimero.com.ar\/archivo\/wp-json\/wp\/v2\/categories?post=3077"},{"taxonomy":"post_tag","embeddable":true,"href":"https:\/\/morenoprimero.com.ar\/archivo\/wp-json\/wp\/v2\/tags?post=3077"}],"curies":[{"name":"wp","href":"https:\/\/api.w.org\/{rel}","templated":true}]}}