{"id":30731,"date":"2022-08-11T08:43:32","date_gmt":"2022-08-11T11:43:32","guid":{"rendered":"https:\/\/morenoprimero.com.ar\/?p=30731"},"modified":"2022-08-11T12:45:59","modified_gmt":"2022-08-11T15:45:59","slug":"el-municipio-de-moreno-invita-a-participar-de-la-ronda-de-negocios-multisectorial-expo-industria-2022","status":"publish","type":"post","link":"https:\/\/morenoprimero.com.ar\/archivo\/el-municipio-de-moreno-invita-a-participar-de-la-ronda-de-negocios-multisectorial-expo-industria-2022\/","title":{"rendered":"El Municipio de Moreno invita a participar de la \u201cRonda de Negocios Multisectorial Expo Industria 2022\u201d\u00a0\u00a0\u00a0"},"content":{"rendered":"\n<p>Para el coordinador general de Industria y Comercio de Moreno, Federico Fongi, las expectativas sobre la Expo Industria 2022 son altas ya que \u201clas distintas rondas de negocios durante este a\u00f1o muestran el buen \u00e1nimo (de las empresas) para buscar proveedores y clientes\u201d. Tambi\u00e9n para el distrito, cuyo futuro \u201cmuestra que podemos crecer industrialmente de manera ordenada\u201d, y el acompa\u00f1amiento clave del IMDEL con una \u201ctarea permanente en la vinculaci\u00f3n de empresas, Parques, Organismos de Cr\u00e9dito y Oficina de Empleo\u201d. Las personas interesadas deben inscribirse antes del 16 de agosto.<\/p>\n\n\n\n<p><strong>EL Ministerio de Producci\u00f3n, Ciencia e Innovaci\u00f3n Tecnol\u00f3gica de la Provincia de Buenos Aires, junto a la Municipalidad de Moreno, a trav\u00e9s de la Coordinaci\u00f3n de Industria y Comercio del IMDEL, invitan a la comunidad a participar de la Ronda de Negocios Multisectorial el d\u00eda 30 de agosto.&nbsp;<\/strong><\/p>\n\n\n\n<p>Dicha jornada se realiza con el objetivo de posibilitar el intercambio entre las empresas participantes, iniciar contactos comerciales u\/o instituciones, para incentivar la solidificaci\u00f3n de negocios, representaciones y todo aquello que impulse la competitividad de las PyMEs de Moreno.&nbsp;<\/p>\n\n\n\n<p><strong>Para ser parte de la jornada propuesta por el IMDEL, las personas interesadas deben inscribirse, antes del 16 de agosto, en <a href=\"http:\/\/linktr.ee\/IMDEL_MORENO\" target=\"_blank\" rel=\"noreferrer noopener\">linktr.ee\/IMDEL_MORENO<\/a>.&nbsp;<\/strong><\/p>\n\n\n\n<p>Desde Moreno Primero dialogamos con el coordinador general de Comercio e Industria de Moreno, <strong>Federico Fongi<\/strong>, quien destac\u00f3 la importancia de este evento que est\u00e1 centrado en la industria local, cont\u00f3 c\u00f3mo se va a desarrollar, y detall\u00f3 el acompa\u00f1amiento del IMDEL y su relevancia para el crecimiento industrial local de los \u00faltimos tres a\u00f1os.&nbsp;<\/p>\n\n\n\n<p>Fongi explic\u00f3&nbsp;que <strong>\u201cla novena Ronda de Negocios que organiza el Municipio de Moreno cambia de formato este a\u00f1o, ampliando el evento a la Expo Industria Moreno 2022<\/strong>\u201d, y agreg\u00f3 que el evento, <strong>\u201cpermite mostrar el crecimiento de la actividad en el distrito, con exposici\u00f3n de empresas, presentaciones de productos, demostraciones en vivo y capacitaciones, feria de empleo y universidades, rondas de financiamiento y evento de comercio exterior. Es la gran posibilidad de conjugar en una semana muchas de las necesidades de las industrias en un solo lugar<\/strong>\u201d.&nbsp;<\/p>\n\n\n\n<figure class=\"wp-block-image size-large\"><a href=\"https:\/\/morenoprimero.com.ar\/wp-content\/uploads\/2022\/08\/image-3.png\"><img loading=\"lazy\" decoding=\"async\" width=\"1024\" height=\"1024\" src=\"https:\/\/morenoprimero.com.ar\/wp-content\/uploads\/2022\/08\/image-3-1024x1024.png\" alt=\"\" class=\"wp-image-30751\" srcset=\"https:\/\/morenoprimero.com.ar\/archivo\/wp-content\/uploads\/2022\/08\/image-3.png 1024w, https:\/\/morenoprimero.com.ar\/archivo\/wp-content\/uploads\/2022\/08\/image-3-300x300.png 300w, https:\/\/morenoprimero.com.ar\/archivo\/wp-content\/uploads\/2022\/08\/image-3-150x150.png 150w, https:\/\/morenoprimero.com.ar\/archivo\/wp-content\/uploads\/2022\/08\/image-3-768x768.png 768w\" sizes=\"auto, (max-width: 1024px) 100vw, 1024px\" \/><\/a><\/figure>\n\n\n\n<p>Si bien, \u201cel evento e<strong>st\u00e1 centrado en la industria local<\/strong>\u201d, Federico aclar\u00f3&nbsp;que \u00ab<strong>se contar\u00e1 con participaci\u00f3n regional de industrias que consideramos estrat\u00e9gicas para el desarrollo del distrito\u201d<\/strong>. Adem\u00e1s, apuntan al objetivo de tener 90 expositores, que, \u201c<strong>estar\u00e1n divididos en dos pabellones dedicados a la industria, servicios y parques, y otro pabell\u00f3n con herramientas y maquinaria industrial. En el pabell\u00f3n principal van a darse todos los eventos de la semana, que es un centro de convenciones permanente, disponible a partir de la Expo para las actividades del distrito<\/strong>\u201d.&nbsp;<\/p>\n\n\n\n<p>Siempre que se realizaron Rondas de Negocios, asegur\u00f3 el coordinador general de Industria y Comercio,<strong> \u201ctuvimos un alto nivel de acompa\u00f1amiento por parte de las empresas locales y de la regi\u00f3n\u201d<\/strong>, adem\u00e1s detall\u00f3 que <strong>\u201ceste tipo de pol\u00edticas requieren de un estado provincial presente\u201d<\/strong>.&nbsp;<\/p>\n\n\n\n<p>Las Rondas de Negocio se realizan desde principios de a\u00f1o, en el mes de julio se llevaron a cabo en&nbsp;Bah\u00eda Blanca, General San Mart\u00edn y Quilmes. Comenzado el mes de agosto, se realiz\u00f3 en Berazategui, el pr\u00f3ximo evento ser\u00e1 en Tigre, luego Mar del Plata, y el 30 de agosto llega a Moreno. Al respecto, Fongi declar\u00f3 que <strong>\u201csin dudas, el resultado de las distintas rondas de negocios durante este a\u00f1o muestra el buen \u00e1nimo para buscar proveedores y clientes<\/strong>\u201d.&nbsp;&nbsp;<\/p>\n\n\n\n<p>En Moreno las expectativas para la Expo Industria 2022 son altas, y tiene que ver con el trabajo que se realiz\u00f3 desde el a\u00f1o 2019. \u201c<strong>El Municipio realiza una tarea permanente a trav\u00e9s del Instituto Municipal de Desarrollo Econ\u00f3mico Local (IMDEL) en la vinculaci\u00f3n de empresas, Parques, Organismos de Cr\u00e9dito, y Oficina de Empleo, para que&nbsp;la llegada de nuevos emprendimientos contin\u00fae en el ritmo de los \u00faltimos 3 a\u00f1o<\/strong>s\u201d, destac\u00f3 el funcionario. Incluso, agreg\u00f3, \u201cdurante la pandemia, el movimiento fue muy importante y una muestra de ello es la creaci\u00f3n de nuevos Parques Industriales\u201d. &nbsp;<\/p>\n\n\n\n<p>Por \u00faltimo, el coordinador de Industria y Comercio de Moreno cerr\u00f3 con altas expectativas no s\u00f3lo en la Expo 2022, sino en el futuro del distrito, que \u201c<strong>muestra que podemos crecer industrialmente de manera ordenada, con los parques como emblema, sin perder la visi\u00f3n de la necesidad de cuidar nuestro medio ambiente con empresas socialmente responsables<\/strong>\u201d. &nbsp;<\/p>\n","protected":false},"excerpt":{"rendered":"<p>Para el coordinador general de Industria y Comercio de Moreno, Federico Fongi, las expectativas sobre la Expo Industria 2022 son altas ya que \u201clas distintas rondas de negocios durante este a\u00f1o muestran el buen \u00e1nimo (de las empresas) para buscar &hellip; <a href=\"https:\/\/morenoprimero.com.ar\/archivo\/el-municipio-de-moreno-invita-a-participar-de-la-ronda-de-negocios-multisectorial-expo-industria-2022\/\">Sigue leyendo <span class=\"meta-nav\">&rarr;<\/span><\/a><\/p>\n","protected":false},"author":6,"featured_media":30896,"comment_status":"closed","ping_status":"closed","sticky":false,"template":"","format":"standard","meta":{"footnotes":""},"categories":[3,21],"tags":[],"class_list":["post-30731","post","type-post","status-publish","format-standard","has-post-thumbnail","hentry","category-importantes","category-interes-general"],"_links":{"self":[{"href":"https:\/\/morenoprimero.com.ar\/archivo\/wp-json\/wp\/v2\/posts\/30731","targetHints":{"allow":["GET"]}}],"collection":[{"href":"https:\/\/morenoprimero.com.ar\/archivo\/wp-json\/wp\/v2\/posts"}],"about":[{"href":"https:\/\/morenoprimero.com.ar\/archivo\/wp-json\/wp\/v2\/types\/post"}],"author":[{"embeddable":true,"href":"https:\/\/morenoprimero.com.ar\/archivo\/wp-json\/wp\/v2\/users\/6"}],"replies":[{"embeddable":true,"href":"https:\/\/morenoprimero.com.ar\/archivo\/wp-json\/wp\/v2\/comments?post=30731"}],"version-history":[{"count":8,"href":"https:\/\/morenoprimero.com.ar\/archivo\/wp-json\/wp\/v2\/posts\/30731\/revisions"}],"predecessor-version":[{"id":31036,"href":"https:\/\/morenoprimero.com.ar\/archivo\/wp-json\/wp\/v2\/posts\/30731\/revisions\/31036"}],"wp:featuredmedia":[{"embeddable":true,"href":"https:\/\/morenoprimero.com.ar\/archivo\/wp-json\/wp\/v2\/media\/30896"}],"wp:attachment":[{"href":"https:\/\/morenoprimero.com.ar\/archivo\/wp-json\/wp\/v2\/media?parent=30731"}],"wp:term":[{"taxonomy":"category","embeddable":true,"href":"https:\/\/morenoprimero.com.ar\/archivo\/wp-json\/wp\/v2\/categories?post=30731"},{"taxonomy":"post_tag","embeddable":true,"href":"https:\/\/morenoprimero.com.ar\/archivo\/wp-json\/wp\/v2\/tags?post=30731"}],"curies":[{"name":"wp","href":"https:\/\/api.w.org\/{rel}","templated":true}]}}