{"id":30598,"date":"2022-08-01T17:54:01","date_gmt":"2022-08-01T20:54:01","guid":{"rendered":"https:\/\/morenoprimero.com.ar\/?p=30598"},"modified":"2022-08-01T18:08:39","modified_gmt":"2022-08-01T21:08:39","slug":"santiago-maldonado-a-5-anos-de-un-crimen-no-resuelto","status":"publish","type":"post","link":"https:\/\/morenoprimero.com.ar\/archivo\/santiago-maldonado-a-5-anos-de-un-crimen-no-resuelto\/","title":{"rendered":"Santiago Maldonado: a 5 a\u00f1os de un crimen no resuelto"},"content":{"rendered":"\n<p>Este 1\u00b0 de agosto se cumplen cinco a\u00f1os de la desaparici\u00f3n de Santiago Maldonado, que luego de 78 d\u00edas desaparecido fue hallado sin vida tras una represi\u00f3n ejecutada en agosto de 2017, en Chubut, por agentes de la Gendarmer\u00eda. El hermano del joven artesano, Sergio Maldonado, asegur\u00f3 que el caso est\u00e1 a la espera de la designaci\u00f3n de un juez que \u00abinvestigue de verdad\u00bb.<\/p>\n\n\n\n<p>A ra\u00edz del aniversario de la desaparici\u00f3n de Santiago Maldonado, hecho que ocurri\u00f3 el 1\u00b0 de agosto de 2017, Sergio Maldonado, hermano del joven reprimido, expres\u00f3 que la causa continua <strong>\u00abparalizada en la Corte desde marzo de 2020, a la espera de que se investigue como &#8216;desaparici\u00f3n forzada&#8217; y que se designe otro juez\u00bb<\/strong>.<\/p>\n\n\n\n<p>En relacion a la \u00faltima presentaci\u00f3n efectuada en octubre pasado frente al m\u00e1ximo tribunal, Sergio Maldonado reclam\u00f3 la designaci\u00f3n de un nuevo juez que \u00abinvestigue de verdad\u00bb, ante la falta de celeridad en la resoluci\u00f3n del expediente a cargo del magistrado Gustavo Lleral. Entre otras declaraciones, Maldonado sostuvo: <strong>\u00abA Lleral ya lo recusamos cuatro veces, no reconstruy\u00f3 siquiera lo que pas\u00f3 ese 1\u00b0 de agosto de 2017. Apelamos para que se designe a otro juez, \u00e9l se agarra de eso para decir &#8216;No voy a hacer nada hasta que no resuelvan qu\u00e9 van a hacer conmigo, no puedo hacer algo distinto porque yo ya d\u00ed mi fallo\u00bb<\/strong>. Hasta el momento, el expediente no tiene culpables ni responsables condenados.<\/p>\n\n\n\n<p>En noviembre de 2018, luego de dictaminar el ahogamiento como causa de muerte de Santiago y de eximir de responsabilidad al gendarme imputado Emmanuel Echaz\u00fa, quien integr\u00f3 el operativo represivo en la comunidad Pu Lof aquel 1\u00b0 agosto de 2017, Lleral cerr\u00f3 la causa.<\/p>\n\n\n\n<p>Por otro lado, en referencia a la reciente declaraci\u00f3n de una integrante del personal de salud de Gendarmer\u00eda del Escuadr\u00f3n 36 de Esquel, Sergio afirm\u00f3 que <strong>\u00abel no tomarle declaraci\u00f3n a la nueva testigo, por ejemplo, es una muestra m\u00e1s de la falta de compromiso con la causa y, tambi\u00e9n, una bajada de l\u00ednea o una forma de amedrentamiento al resto de las personas que quieran declarar\u00bb<\/strong>. A su vez, se\u00f1al\u00f3 que la testigo, de identidad reservada, declar\u00f3 por cuatro horas frente al fiscal federal de esa ciudad, Federico Baquioni, a quien relat\u00f3 que al d\u00eda siguiente de la represi\u00f3n en la Pu Lof \u00abasistieron a su consultorio D\u00e1vila Felipe y Jorge Espejo\u00bb, comentando que <strong>\u00abhab\u00edan detenido en la zona del campo de Benetton a una persona a la cual se refer\u00edan como <strong>&#8216;<\/strong>el hippie&#8217;<\/strong> \u00ab.<\/p>\n\n\n\n<p>Recientemente, Sergio publico en sus redes sociales lo que expuso la testigo, en su declaraci\u00f3n a Baquioni, en la que asegura haber escuchado que <strong>\u00abAhumadita se hab\u00eda mandado la cagada del siglo\u00bb<\/strong> y que al parecer <strong>\u00abChuqui (apodo con el que identifican al segundo jefe del escuadr\u00f3n 36, Juan Pablo Escola), hab\u00eda dado la orden y Ahumada la hab\u00eda ejecutado\u00bb.<\/strong> Ante esto, Sergio cuestion\u00f3 que conocen much\u00edsimas personas que pueden aportar informaci\u00f3n que ayude a destrabar la causa, pero es muy dif\u00edcil hacerlo si no hay un juez que investigue.<\/p>\n\n\n\n<p>Adem\u00e1s,&nbsp;durante la investigaci\u00f3n se observaron varias irregularidades, entre las que Maldonado resalt\u00f3:&nbsp;libros de actuaci\u00f3n de Gendarmer\u00eda adulterados, grabaciones incompletas del operativo, quema de evidencia, el espionaje ilegal de celulares a su familia y la falta de an\u00e1lisis de las contradicciones que surgen de las declaraciones testimoniales que dieron los gendarmes.<\/p>\n\n\n\n<p><\/p>\n\n\n\n<p><strong>La opini\u00f3n del Centro de Estudios Legales y Sociales<\/strong><\/p>\n\n\n\n<p>En respuesta, Manuel Tufr\u00f3, director de Justicia y Seguridad del Centro de Estudios Legales y Sociales (Cels), se\u00f1al\u00f3 que<strong>&nbsp;<\/strong>no se cumplen los derechos que se han reconocido en la Constituci\u00f3n y en diferentes leyes de que los pueblos tienen que acceder a sus tierras ancestrales<strong>,<\/strong>&nbsp;y que \u00ablos gobiernos provinciales y muchos intereses privados obstaculizan esta posibilidad de acceso\u00bb. En este sentido, Truf\u00f3 declar\u00f3 que <strong>\u00abla desaparici\u00f3n y muerte de Maldonado se dio en el contexto de un plan implementado\u00bb por la gesti\u00f3n anterior, liderada por Mauricio Macri, para \u00abreprimir a la comunidad mapuche\u00bb.<\/strong> Y se\u00f1al\u00f3 que \u00abel Gobierno anterior, a pedido expl\u00edcito de la Sociedad Rural de la Patagonia, avanz\u00f3 con un plan represivo que implicaba, entre otras cosas, desplegar a las fuerzas federales y realizar pr\u00e1cticas de inteligencia ilegales para espiar a estas comunidades\u00bb.<\/p>\n\n\n\n<p><strong>\u00abLos gendarmes que entraron ah\u00ed no estaban preparados ni entrenados para lidiar con situaciones de conflicto social, hubo problemas en el dise\u00f1o y en la ejecuci\u00f3n totalmente violenta del operativo\u00bb<\/strong>, indic\u00f3 el director de Justicia y Seguridad del CELS.<\/p>\n\n\n\n<p>Adem\u00e1s, Tufr\u00f3 expres\u00f3 que es necesario que la investigaci\u00f3n judicial pueda avanzar en reconstruir estos aspectos para \u00abpoder determinar las responsabilidades que les competen a los gendarmes pero, sobre todo, a quienes ordenaron e implementaron el operativo\u00bb.<\/p>\n\n\n\n<p>Por otro lado, el hermano de Santiago Maldonado sostuvo que<strong>&nbsp;\u00abmientras mas pasa el tiempo y mas nos alejamos de la verdad, en la que se van perdiendo pruebas, sin saber d\u00f3nde est\u00e1n las pertenencias de Santiago para analizarlas, o si las cuidaron\u00bb<\/strong>, y agreg\u00f3 que \u00absi el propio juez rompi\u00f3 la cadena de custodia del DNI, no me quiero imaginar d\u00f3nde deben estar tiradas todas las cosas\u00bb.<\/p>\n\n\n\n<p>Este 25 de julio, Santiago hubiera cumplido 33 a\u00f1os. A cinco a\u00f1os de su muerte, contin\u00faan las irregularidades y los obst\u00e1culos que insertan los mas poderosos congelado la causa en el tiempo.<\/p>\n\n\n\n<p>Este lunes desde las 17 horas, en la quinta conmemoraci\u00f3n de su desaparici\u00f3n, su familia y amigos, junto a organismos de derechos humanos y organizaciones sociales, se concentrar\u00e1n en Plaza de Mayo para reclamar, una vez m\u00e1s, justicia y verdad.<\/p>\n","protected":false},"excerpt":{"rendered":"<p>Este 1\u00b0 de agosto se cumplen cinco a\u00f1os de la desaparici\u00f3n de Santiago Maldonado, que luego de 78 d\u00edas desaparecido fue hallado sin vida tras una represi\u00f3n ejecutada en agosto de 2017, en Chubut, por agentes de la Gendarmer\u00eda. El &hellip; <a href=\"https:\/\/morenoprimero.com.ar\/archivo\/santiago-maldonado-a-5-anos-de-un-crimen-no-resuelto\/\">Sigue leyendo <span class=\"meta-nav\">&rarr;<\/span><\/a><\/p>\n","protected":false},"author":6,"featured_media":30599,"comment_status":"closed","ping_status":"closed","sticky":false,"template":"","format":"standard","meta":{"footnotes":""},"categories":[21],"tags":[4153],"class_list":["post-30598","post","type-post","status-publish","format-standard","has-post-thumbnail","hentry","category-interes-general","tag-santiago-maldonado"],"_links":{"self":[{"href":"https:\/\/morenoprimero.com.ar\/archivo\/wp-json\/wp\/v2\/posts\/30598","targetHints":{"allow":["GET"]}}],"collection":[{"href":"https:\/\/morenoprimero.com.ar\/archivo\/wp-json\/wp\/v2\/posts"}],"about":[{"href":"https:\/\/morenoprimero.com.ar\/archivo\/wp-json\/wp\/v2\/types\/post"}],"author":[{"embeddable":true,"href":"https:\/\/morenoprimero.com.ar\/archivo\/wp-json\/wp\/v2\/users\/6"}],"replies":[{"embeddable":true,"href":"https:\/\/morenoprimero.com.ar\/archivo\/wp-json\/wp\/v2\/comments?post=30598"}],"version-history":[{"count":4,"href":"https:\/\/morenoprimero.com.ar\/archivo\/wp-json\/wp\/v2\/posts\/30598\/revisions"}],"predecessor-version":[{"id":30606,"href":"https:\/\/morenoprimero.com.ar\/archivo\/wp-json\/wp\/v2\/posts\/30598\/revisions\/30606"}],"wp:featuredmedia":[{"embeddable":true,"href":"https:\/\/morenoprimero.com.ar\/archivo\/wp-json\/wp\/v2\/media\/30599"}],"wp:attachment":[{"href":"https:\/\/morenoprimero.com.ar\/archivo\/wp-json\/wp\/v2\/media?parent=30598"}],"wp:term":[{"taxonomy":"category","embeddable":true,"href":"https:\/\/morenoprimero.com.ar\/archivo\/wp-json\/wp\/v2\/categories?post=30598"},{"taxonomy":"post_tag","embeddable":true,"href":"https:\/\/morenoprimero.com.ar\/archivo\/wp-json\/wp\/v2\/tags?post=30598"}],"curies":[{"name":"wp","href":"https:\/\/api.w.org\/{rel}","templated":true}]}}