{"id":30443,"date":"2022-07-27T13:04:36","date_gmt":"2022-07-27T16:04:36","guid":{"rendered":"https:\/\/morenoprimero.com.ar\/?p=30443"},"modified":"2022-07-27T13:04:36","modified_gmt":"2022-07-27T16:04:36","slug":"continua-la-campana-de-vacunacion-contra-el-covid-19-postas-en-moreno","status":"publish","type":"post","link":"https:\/\/morenoprimero.com.ar\/archivo\/continua-la-campana-de-vacunacion-contra-el-covid-19-postas-en-moreno\/","title":{"rendered":"Contin\u00faa la campa\u00f1a de vacunaci\u00f3n contra el Covid-19: Postas en Moreno"},"content":{"rendered":"\n<p>Para evitar los contagios y preservar la salud toda la comunidad<\/p>\n\n\n\n<p>El invierno, con la llegada de las temperaturas bajas, la poca ventilaci\u00f3n y la alta circulaci\u00f3n de virus respiratorios, son el momento propicio para los contagios y enfermedades; por eso tanto desde el Municipio como del Gobierno de la Provincia de Buenos Aires, se remarca a toda comunidad la importancia de continuar con todos los esquemas de vacunaci\u00f3n vigentes.<\/p>\n\n\n\n<p>El Municipio de Moreno, a trav\u00e9s de la Secretar\u00eda de Salud y Ambiente, pone a disposici\u00f3n una posta de vacunaci\u00f3n en la Sociedad Espa\u00f1ola, ubicada en Espa\u00f1a 348, Moreno Centro, y en la Sociedad de Fomento Los Para\u00edsos, situada en El Salvador 6618, Moreno Norte. Ambos vacunatorios funcionan de 8 a 18 horas, de lunes a viernes, sin turno previo.<\/p>\n\n\n\n<p>En la Maternidad Estela de Carlotto, sobre Albatros 7225, localidad de Trujui, tambi\u00e9n se realiza la vacunaci\u00f3n contra el Covid 19, de lunes a viernes de 8 a 16 horas, y los d\u00edas s\u00e1bados de 8 a 12 horas.<\/p>\n\n\n\n<figure class=\"wp-block-gallery has-nested-images columns-default is-cropped wp-block-gallery-1 is-layout-flex wp-block-gallery-is-layout-flex\">\n<figure class=\"wp-block-image size-large\"><a href=\"https:\/\/morenoprimero.com.ar\/wp-content\/uploads\/2022\/07\/Vac-covid-2.jpg\"><img loading=\"lazy\" decoding=\"async\" width=\"1024\" height=\"638\" data-id=\"30446\" src=\"https:\/\/morenoprimero.com.ar\/wp-content\/uploads\/2022\/07\/Vac-covid-2-1024x638.jpg\" alt=\"\" class=\"wp-image-30446\" srcset=\"https:\/\/morenoprimero.com.ar\/archivo\/wp-content\/uploads\/2022\/07\/Vac-covid-2-1024x638.jpg 1024w, https:\/\/morenoprimero.com.ar\/archivo\/wp-content\/uploads\/2022\/07\/Vac-covid-2-300x187.jpg 300w, https:\/\/morenoprimero.com.ar\/archivo\/wp-content\/uploads\/2022\/07\/Vac-covid-2-768x478.jpg 768w, https:\/\/morenoprimero.com.ar\/archivo\/wp-content\/uploads\/2022\/07\/Vac-covid-2.jpg 1280w\" sizes=\"auto, (max-width: 1024px) 100vw, 1024px\" \/><\/a><\/figure>\n\n\n\n<figure class=\"wp-block-image size-large\"><a href=\"https:\/\/morenoprimero.com.ar\/wp-content\/uploads\/2022\/07\/Vac-covid-3.jpg\"><img loading=\"lazy\" decoding=\"async\" width=\"1024\" height=\"518\" data-id=\"30445\" src=\"https:\/\/morenoprimero.com.ar\/wp-content\/uploads\/2022\/07\/Vac-covid-3-1024x518.jpg\" alt=\"\" class=\"wp-image-30445\" srcset=\"https:\/\/morenoprimero.com.ar\/archivo\/wp-content\/uploads\/2022\/07\/Vac-covid-3-1024x518.jpg 1024w, https:\/\/morenoprimero.com.ar\/archivo\/wp-content\/uploads\/2022\/07\/Vac-covid-3-300x152.jpg 300w, https:\/\/morenoprimero.com.ar\/archivo\/wp-content\/uploads\/2022\/07\/Vac-covid-3-768x388.jpg 768w, https:\/\/morenoprimero.com.ar\/archivo\/wp-content\/uploads\/2022\/07\/Vac-covid-3.jpg 1280w\" sizes=\"auto, (max-width: 1024px) 100vw, 1024px\" \/><\/a><\/figure>\n\n\n\n<figure class=\"wp-block-image size-large\"><a href=\"https:\/\/morenoprimero.com.ar\/wp-content\/uploads\/2022\/07\/Vac-covid-4.jpg\"><img loading=\"lazy\" decoding=\"async\" width=\"1024\" height=\"504\" data-id=\"30447\" src=\"https:\/\/morenoprimero.com.ar\/wp-content\/uploads\/2022\/07\/Vac-covid-4-1024x504.jpg\" alt=\"\" class=\"wp-image-30447\" srcset=\"https:\/\/morenoprimero.com.ar\/archivo\/wp-content\/uploads\/2022\/07\/Vac-covid-4-1024x504.jpg 1024w, https:\/\/morenoprimero.com.ar\/archivo\/wp-content\/uploads\/2022\/07\/Vac-covid-4-300x148.jpg 300w, https:\/\/morenoprimero.com.ar\/archivo\/wp-content\/uploads\/2022\/07\/Vac-covid-4-768x378.jpg 768w, https:\/\/morenoprimero.com.ar\/archivo\/wp-content\/uploads\/2022\/07\/Vac-covid-4.jpg 1280w\" sizes=\"auto, (max-width: 1024px) 100vw, 1024px\" \/><\/a><\/figure>\n<\/figure>\n\n\n\n<p>Las personas que cumplan con los requisitos necesarios y deseen vacunarse tambi\u00e9n pueden hacerlo de lunes a viernes de 8 a 18 horas, en el hospital Mariano y Luciano de la Vega.<\/p>\n\n\n\n<p>La vacuna es libre y federal en todos los vacunatorios. La cuarto dosis se pueden aplicar personas mayores de 18 a\u00f1os, con el esquema primario de dos dosis y un refuerzo. Mientras que, por el momento, solo podr\u00e1n acceder a la quinta dosis \u00fanicamente los mayores de 12 que se encuentren inmunocomprometidos y los mayores de 50 a\u00f1os que recibieron la vacuna Sinopharm como parte del esquema primario.<\/p>\n\n\n\n<p>Adem\u00e1s, deben haber pasado como m\u00ednimo cuatro meses desde la aplicaci\u00f3n de la \u00faltima dosis.<\/p>\n\n\n\n<figure class=\"wp-block-gallery has-nested-images columns-default is-cropped wp-block-gallery-2 is-layout-flex wp-block-gallery-is-layout-flex\">\n<figure class=\"wp-block-image size-large\"><a href=\"https:\/\/morenoprimero.com.ar\/wp-content\/uploads\/2022\/07\/Vac-covid-5.jpg\"><img loading=\"lazy\" decoding=\"async\" width=\"1024\" height=\"768\" data-id=\"30448\" src=\"https:\/\/morenoprimero.com.ar\/wp-content\/uploads\/2022\/07\/Vac-covid-5-1024x768.jpg\" alt=\"\" class=\"wp-image-30448\" srcset=\"https:\/\/morenoprimero.com.ar\/archivo\/wp-content\/uploads\/2022\/07\/Vac-covid-5-1024x768.jpg 1024w, https:\/\/morenoprimero.com.ar\/archivo\/wp-content\/uploads\/2022\/07\/Vac-covid-5-300x225.jpg 300w, https:\/\/morenoprimero.com.ar\/archivo\/wp-content\/uploads\/2022\/07\/Vac-covid-5-768x576.jpg 768w, https:\/\/morenoprimero.com.ar\/archivo\/wp-content\/uploads\/2022\/07\/Vac-covid-5.jpg 1280w\" sizes=\"auto, (max-width: 1024px) 100vw, 1024px\" \/><\/a><\/figure>\n\n\n\n<figure class=\"wp-block-image size-large\"><a href=\"https:\/\/morenoprimero.com.ar\/wp-content\/uploads\/2022\/07\/Vacuna-covid-1.jpg\"><img loading=\"lazy\" decoding=\"async\" width=\"859\" height=\"1024\" data-id=\"30449\" src=\"https:\/\/morenoprimero.com.ar\/wp-content\/uploads\/2022\/07\/Vacuna-covid-1-859x1024.jpg\" alt=\"\" class=\"wp-image-30449\" srcset=\"https:\/\/morenoprimero.com.ar\/archivo\/wp-content\/uploads\/2022\/07\/Vacuna-covid-1-859x1024.jpg 859w, https:\/\/morenoprimero.com.ar\/archivo\/wp-content\/uploads\/2022\/07\/Vacuna-covid-1-252x300.jpg 252w, https:\/\/morenoprimero.com.ar\/archivo\/wp-content\/uploads\/2022\/07\/Vacuna-covid-1-768x915.jpg 768w, https:\/\/morenoprimero.com.ar\/archivo\/wp-content\/uploads\/2022\/07\/Vacuna-covid-1.jpg 1074w\" sizes=\"auto, (max-width: 859px) 100vw, 859px\" \/><\/a><\/figure>\n<\/figure>\n\n\n\n<p>En cuanto a la poblaci\u00f3n pedi\u00e1trica, las ni\u00f1as y ni\u00f1os de m\u00e1s de 3 a\u00f1os deben contar con la primera y segunda dosis de la vacuna. Y para las y los mayores de 5 a\u00f1os est\u00e1 disponible la tercera dosis, es decir el primer refuerzo, para estar protegidos tanto ellas y ellos, como el resto de su familia; lo que permitir\u00e1 tambi\u00e9n mantener la presencialidad en las escuelas luego del receso invernal.<\/p>\n\n\n\n<p>A partir de la primera quincena de agosto, estar\u00e1 disponible de forma libre el refuerzo de la vacuna para ni\u00f1os y ni\u00f1as de 3 y 4 a\u00f1os.<\/p>\n\n\n\n<p>Mientras que los ni\u00f1os y ni\u00f1as de entre seis meses y tres a\u00f1os ya pueden registrarse para recibir la vacuna contra el Covid, a trav\u00e9s de la p\u00e1gina vacunatepba.gba.gob.ar o desde la aplicaci\u00f3n VacunatePBA, donde se les asignar\u00e1 un turno, con d\u00eda y horario, en los vacunatorios de la provincia de Buenos Aires.<\/p>\n\n\n\n<figure class=\"wp-block-image size-large\"><a href=\"https:\/\/morenoprimero.com.ar\/wp-content\/uploads\/2022\/07\/image-22.png\"><img loading=\"lazy\" decoding=\"async\" width=\"1024\" height=\"1024\" src=\"https:\/\/morenoprimero.com.ar\/wp-content\/uploads\/2022\/07\/image-22-1024x1024.png\" alt=\"\" class=\"wp-image-30444\" srcset=\"https:\/\/morenoprimero.com.ar\/archivo\/wp-content\/uploads\/2022\/07\/image-22-1024x1024.png 1024w, https:\/\/morenoprimero.com.ar\/archivo\/wp-content\/uploads\/2022\/07\/image-22-300x300.png 300w, https:\/\/morenoprimero.com.ar\/archivo\/wp-content\/uploads\/2022\/07\/image-22-150x150.png 150w, https:\/\/morenoprimero.com.ar\/archivo\/wp-content\/uploads\/2022\/07\/image-22-768x768.png 768w, https:\/\/morenoprimero.com.ar\/archivo\/wp-content\/uploads\/2022\/07\/image-22.png 1280w\" sizes=\"auto, (max-width: 1024px) 100vw, 1024px\" \/><\/a><\/figure>\n","protected":false},"excerpt":{"rendered":"<p>Para evitar los contagios y preservar la salud toda la comunidad El invierno, con la llegada de las temperaturas bajas, la poca ventilaci\u00f3n y la alta circulaci\u00f3n de virus respiratorios, son el momento propicio para los contagios y enfermedades; por &hellip; <a href=\"https:\/\/morenoprimero.com.ar\/archivo\/continua-la-campana-de-vacunacion-contra-el-covid-19-postas-en-moreno\/\">Sigue leyendo <span class=\"meta-nav\">&rarr;<\/span><\/a><\/p>\n","protected":false},"author":6,"featured_media":30450,"comment_status":"closed","ping_status":"closed","sticky":false,"template":"","format":"standard","meta":{"footnotes":""},"categories":[21],"tags":[94,6,169],"class_list":["post-30443","post","type-post","status-publish","format-standard","has-post-thumbnail","hentry","category-interes-general","tag-covid-19","tag-moreno","tag-vacunacion"],"_links":{"self":[{"href":"https:\/\/morenoprimero.com.ar\/archivo\/wp-json\/wp\/v2\/posts\/30443","targetHints":{"allow":["GET"]}}],"collection":[{"href":"https:\/\/morenoprimero.com.ar\/archivo\/wp-json\/wp\/v2\/posts"}],"about":[{"href":"https:\/\/morenoprimero.com.ar\/archivo\/wp-json\/wp\/v2\/types\/post"}],"author":[{"embeddable":true,"href":"https:\/\/morenoprimero.com.ar\/archivo\/wp-json\/wp\/v2\/users\/6"}],"replies":[{"embeddable":true,"href":"https:\/\/morenoprimero.com.ar\/archivo\/wp-json\/wp\/v2\/comments?post=30443"}],"version-history":[{"count":1,"href":"https:\/\/morenoprimero.com.ar\/archivo\/wp-json\/wp\/v2\/posts\/30443\/revisions"}],"predecessor-version":[{"id":30451,"href":"https:\/\/morenoprimero.com.ar\/archivo\/wp-json\/wp\/v2\/posts\/30443\/revisions\/30451"}],"wp:featuredmedia":[{"embeddable":true,"href":"https:\/\/morenoprimero.com.ar\/archivo\/wp-json\/wp\/v2\/media\/30450"}],"wp:attachment":[{"href":"https:\/\/morenoprimero.com.ar\/archivo\/wp-json\/wp\/v2\/media?parent=30443"}],"wp:term":[{"taxonomy":"category","embeddable":true,"href":"https:\/\/morenoprimero.com.ar\/archivo\/wp-json\/wp\/v2\/categories?post=30443"},{"taxonomy":"post_tag","embeddable":true,"href":"https:\/\/morenoprimero.com.ar\/archivo\/wp-json\/wp\/v2\/tags?post=30443"}],"curies":[{"name":"wp","href":"https:\/\/api.w.org\/{rel}","templated":true}]}}