{"id":30394,"date":"2022-07-27T18:42:09","date_gmt":"2022-07-27T21:42:09","guid":{"rendered":"https:\/\/morenoprimero.com.ar\/?p=30394"},"modified":"2022-07-27T18:42:10","modified_gmt":"2022-07-27T21:42:10","slug":"deportes-y-recreacion-como-parte-de-la-oferta-para-estas-vacaciones-de-invierno","status":"publish","type":"post","link":"https:\/\/morenoprimero.com.ar\/archivo\/deportes-y-recreacion-como-parte-de-la-oferta-para-estas-vacaciones-de-invierno\/","title":{"rendered":"Deportes y recreaci\u00f3n como parte de la oferta para estas vacaciones de invierno"},"content":{"rendered":"\n<p>El municipio de Moreno viene trabajando desde el comienzo de estas vacaciones de invierno, de forma articulada con todas las \u00e1reas que lo componen para lograr una variada e importante oferta de actividades para las y los vecinos de Moreno. Desde Moreno Primero dialogamos con el director de Deportes Social del municipio, Mauro Wasiluk.<\/p>\n\n\n\n<p>El caso de la Subsecretar\u00eda de Deportes, a cargo de Carolina Arturi, perteneciente a la Secretar\u00eda de Cultura, Educaci\u00f3n y Deportes no es la excepci\u00f3n, por eso dialogamos con Mauro Wasiluk director de deporte social de la Secretaria, quien en primer lugar remarc\u00f3 esa articulaci\u00f3n con la que se viene trabajando: \u00ab<strong>Venimos desarrollando actividades&nbsp;deportivas, en las plazas del territorio de 14 a 17 horas, en simult\u00e1neo a las actividades que vienen desarrollando desde otras \u00e1reas como cultura o turismo, funciones de cine, actividad en centros culturales, entre otras&#8217;,&nbsp; <\/strong>y afirma que<strong> \u00abpor eso recomendamos que se puedan fijar en las p\u00e1ginas del municipio para que puedan buscar ah\u00ed las actividades que les queden m\u00e1s cerca de su casa, ya sea de cultura, turismo o las que organizamos nosotros desde Deportes<\/strong>\u00ab.<\/p>\n\n\n\n<p>Tanto en la reserva Los Robles, donde habr\u00e1 una propuesta diaria organizada desde el IMDEL, como en el polo sanitario donde se encuentra la carpa de circo con distintas propuestas, la secretar\u00eda de deportes estar\u00e1 presente tambi\u00e9n con propuestas recreativas, por eso Mauro deja abierta la invitaci\u00f3n \u00ab<strong>Los esperamos, a las ni\u00f1as, los ni\u00f1os, las familias, en alguno de estos d\u00edas de estas dos semanas de vacaciones de invierno\u00bb.<\/strong><\/p>\n\n\n\n<figure class=\"wp-block-gallery has-nested-images columns-default is-cropped wp-block-gallery-1 is-layout-flex wp-block-gallery-is-layout-flex\">\n<figure class=\"wp-block-image size-large\"><a href=\"https:\/\/morenoprimero.com.ar\/wp-content\/uploads\/2022\/07\/WhatsApp-Image-2022-07-25-at-2.19.47-PM-1.jpeg\"><img loading=\"lazy\" decoding=\"async\" width=\"1024\" height=\"576\" data-id=\"30398\" src=\"https:\/\/morenoprimero.com.ar\/wp-content\/uploads\/2022\/07\/WhatsApp-Image-2022-07-25-at-2.19.47-PM-1-1024x576.jpeg\" alt=\"\" class=\"wp-image-30398\" srcset=\"https:\/\/morenoprimero.com.ar\/archivo\/wp-content\/uploads\/2022\/07\/WhatsApp-Image-2022-07-25-at-2.19.47-PM-1-1024x576.jpeg 1024w, https:\/\/morenoprimero.com.ar\/archivo\/wp-content\/uploads\/2022\/07\/WhatsApp-Image-2022-07-25-at-2.19.47-PM-1-300x169.jpeg 300w, https:\/\/morenoprimero.com.ar\/archivo\/wp-content\/uploads\/2022\/07\/WhatsApp-Image-2022-07-25-at-2.19.47-PM-1-768x432.jpeg 768w, https:\/\/morenoprimero.com.ar\/archivo\/wp-content\/uploads\/2022\/07\/WhatsApp-Image-2022-07-25-at-2.19.47-PM-1-1536x864.jpeg 1536w, https:\/\/morenoprimero.com.ar\/archivo\/wp-content\/uploads\/2022\/07\/WhatsApp-Image-2022-07-25-at-2.19.47-PM-1.jpeg 1600w\" sizes=\"auto, (max-width: 1024px) 100vw, 1024px\" \/><\/a><\/figure>\n\n\n\n<figure class=\"wp-block-image size-large\"><a href=\"https:\/\/morenoprimero.com.ar\/wp-content\/uploads\/2022\/07\/WhatsApp-Image-2022-07-25-at-2.19.47-PM.jpeg\"><img loading=\"lazy\" decoding=\"async\" width=\"1024\" height=\"576\" data-id=\"30399\" src=\"https:\/\/morenoprimero.com.ar\/wp-content\/uploads\/2022\/07\/WhatsApp-Image-2022-07-25-at-2.19.47-PM-1024x576.jpeg\" alt=\"\" class=\"wp-image-30399\" srcset=\"https:\/\/morenoprimero.com.ar\/archivo\/wp-content\/uploads\/2022\/07\/WhatsApp-Image-2022-07-25-at-2.19.47-PM-1024x576.jpeg 1024w, https:\/\/morenoprimero.com.ar\/archivo\/wp-content\/uploads\/2022\/07\/WhatsApp-Image-2022-07-25-at-2.19.47-PM-300x169.jpeg 300w, https:\/\/morenoprimero.com.ar\/archivo\/wp-content\/uploads\/2022\/07\/WhatsApp-Image-2022-07-25-at-2.19.47-PM-768x432.jpeg 768w, https:\/\/morenoprimero.com.ar\/archivo\/wp-content\/uploads\/2022\/07\/WhatsApp-Image-2022-07-25-at-2.19.47-PM-1536x864.jpeg 1536w, https:\/\/morenoprimero.com.ar\/archivo\/wp-content\/uploads\/2022\/07\/WhatsApp-Image-2022-07-25-at-2.19.47-PM.jpeg 1600w\" sizes=\"auto, (max-width: 1024px) 100vw, 1024px\" \/><\/a><\/figure>\n\n\n\n<figure class=\"wp-block-image size-large\"><a href=\"https:\/\/morenoprimero.com.ar\/wp-content\/uploads\/2022\/07\/WhatsApp-Image-2022-07-25-at-2.19.462-PM.jpeg\"><img loading=\"lazy\" decoding=\"async\" width=\"576\" height=\"1024\" data-id=\"30397\" src=\"https:\/\/morenoprimero.com.ar\/wp-content\/uploads\/2022\/07\/WhatsApp-Image-2022-07-25-at-2.19.462-PM-576x1024.jpeg\" alt=\"\" class=\"wp-image-30397\" srcset=\"https:\/\/morenoprimero.com.ar\/archivo\/wp-content\/uploads\/2022\/07\/WhatsApp-Image-2022-07-25-at-2.19.462-PM-576x1024.jpeg 576w, https:\/\/morenoprimero.com.ar\/archivo\/wp-content\/uploads\/2022\/07\/WhatsApp-Image-2022-07-25-at-2.19.462-PM-169x300.jpeg 169w, https:\/\/morenoprimero.com.ar\/archivo\/wp-content\/uploads\/2022\/07\/WhatsApp-Image-2022-07-25-at-2.19.462-PM-768x1365.jpeg 768w, https:\/\/morenoprimero.com.ar\/archivo\/wp-content\/uploads\/2022\/07\/WhatsApp-Image-2022-07-25-at-2.19.462-PM-864x1536.jpeg 864w, https:\/\/morenoprimero.com.ar\/archivo\/wp-content\/uploads\/2022\/07\/WhatsApp-Image-2022-07-25-at-2.19.462-PM.jpeg 900w\" sizes=\"auto, (max-width: 576px) 100vw, 576px\" \/><\/a><\/figure>\n<\/figure>\n","protected":false},"excerpt":{"rendered":"<p>El municipio de Moreno viene trabajando desde el comienzo de estas vacaciones de invierno, de forma articulada con todas las \u00e1reas que lo componen para lograr una variada e importante oferta de actividades para las y los vecinos de Moreno. &hellip; <a href=\"https:\/\/morenoprimero.com.ar\/archivo\/deportes-y-recreacion-como-parte-de-la-oferta-para-estas-vacaciones-de-invierno\/\">Sigue leyendo <span class=\"meta-nav\">&rarr;<\/span><\/a><\/p>\n","protected":false},"author":6,"featured_media":30395,"comment_status":"closed","ping_status":"closed","sticky":false,"template":"","format":"standard","meta":{"footnotes":""},"categories":[673,3],"tags":[6,2505,653],"class_list":["post-30394","post","type-post","status-publish","format-standard","has-post-thumbnail","hentry","category-deporte","category-importantes","tag-moreno","tag-secretaria-de-cultura-educacion-y-deportes","tag-subsecretaria-de-deportes-y-recreacion"],"_links":{"self":[{"href":"https:\/\/morenoprimero.com.ar\/archivo\/wp-json\/wp\/v2\/posts\/30394","targetHints":{"allow":["GET"]}}],"collection":[{"href":"https:\/\/morenoprimero.com.ar\/archivo\/wp-json\/wp\/v2\/posts"}],"about":[{"href":"https:\/\/morenoprimero.com.ar\/archivo\/wp-json\/wp\/v2\/types\/post"}],"author":[{"embeddable":true,"href":"https:\/\/morenoprimero.com.ar\/archivo\/wp-json\/wp\/v2\/users\/6"}],"replies":[{"embeddable":true,"href":"https:\/\/morenoprimero.com.ar\/archivo\/wp-json\/wp\/v2\/comments?post=30394"}],"version-history":[{"count":3,"href":"https:\/\/morenoprimero.com.ar\/archivo\/wp-json\/wp\/v2\/posts\/30394\/revisions"}],"predecessor-version":[{"id":30473,"href":"https:\/\/morenoprimero.com.ar\/archivo\/wp-json\/wp\/v2\/posts\/30394\/revisions\/30473"}],"wp:featuredmedia":[{"embeddable":true,"href":"https:\/\/morenoprimero.com.ar\/archivo\/wp-json\/wp\/v2\/media\/30395"}],"wp:attachment":[{"href":"https:\/\/morenoprimero.com.ar\/archivo\/wp-json\/wp\/v2\/media?parent=30394"}],"wp:term":[{"taxonomy":"category","embeddable":true,"href":"https:\/\/morenoprimero.com.ar\/archivo\/wp-json\/wp\/v2\/categories?post=30394"},{"taxonomy":"post_tag","embeddable":true,"href":"https:\/\/morenoprimero.com.ar\/archivo\/wp-json\/wp\/v2\/tags?post=30394"}],"curies":[{"name":"wp","href":"https:\/\/api.w.org\/{rel}","templated":true}]}}