{"id":3031,"date":"2020-09-24T18:02:05","date_gmt":"2020-09-24T18:02:05","guid":{"rendered":"https:\/\/morenoprimero.com.ar\/?p=3031"},"modified":"2020-09-24T18:02:05","modified_gmt":"2020-09-24T18:02:05","slug":"reabre-el-cementerio-de-moreno-con-protocolo","status":"publish","type":"post","link":"https:\/\/morenoprimero.com.ar\/archivo\/reabre-el-cementerio-de-moreno-con-protocolo\/","title":{"rendered":"REABRE EL CEMENTERIO DE MORENO CON PROTOCOLO"},"content":{"rendered":"\n<h4 class=\"wp-block-heading\">&nbsp; Un d\u00eda despu\u00e9s que en la Provincia de Buenos Aires se habilit\u00f3 el ingreso a cementerios, se anunci\u00f3, mediante disposici\u00f3n interna, los protocolos para el ingreso al Cementerio Municipal de Moreno.&nbsp;<\/h4>\n\n\n\n<p>&nbsp; El protocolo establece la solicitud de ingreso al cementerio de forma telef\u00f3nica. <strong>El interesado o la interesada debe llamar a los n\u00fameros 0237- 4631083 \/ 0237-4620608 de 13 a 16 Hs.&nbsp; &nbsp;<\/strong>&nbsp;<\/p>\n\n\n\n<p>&nbsp; &nbsp;<strong>El cementerio contar\u00e1 con un cronograma establecido desde la administraci\u00f3n <\/strong>con el fin de llevar delante de forma segura para familiares, vecinos y vecinas, trabajadores del \u00e1rea que se encuentren en el establecimiento por diferentes razones.&nbsp;<\/p>\n\n\n\n<p>\u2022 Podr\u00e1n ingresar al cementerio de lunes a domingos (incluyendo los feriados) <strong>en el horario de 13 a 16 Hs<\/strong>. Previa solicitud telef\u00f3nica de turno con d\u00eda y horario antedicho.&nbsp;<\/p>\n\n\n\n<p>\u2022 Se podr\u00e1 ingresar en <strong>grupos no mayores a dos (2) personas por b\u00f3veda<\/strong>, sepultura no m\u00e1s de a tres grupos por manzana, urna o nicho.&nbsp;<\/p>\n\n\n\n<p>\u2022 Las visitas podr\u00e1n ingresar al cementerio caminando cada uno de ellos <strong>deber\u00e1n seguir la ruta de circulaci\u00f3n interna m\u00e1s directa hacia dicha \u00e1rea asignada<\/strong>, sin estar en espacios comunes&nbsp;y&nbsp; sin&nbsp;circular. En el caso de venir con sus veh\u00edculos, los mismos deber\u00e1n quedar afuera del Cementerio.&nbsp;&nbsp;<\/p>\n\n\n\n<p>\u2022 La permanencia en el sector de visita<strong> no podr\u00e1 ser superior a media hora.<\/strong>&nbsp;<\/p>\n\n\n\n<p>\u2022 <strong>No se permitir\u00e1n visitas de car\u00e1cter tur\u00edstico o recreativo<\/strong>.&nbsp;<\/p>\n\n\n\n<p><strong>\u25cfLas visitas deber\u00e1n en todo momento dar cumplimiento con las medidas de prevenci\u00f3n establecidas&nbsp;.<\/strong><\/p>\n\n\n\n<p>\u25cf El uso de tapabocas es obligatorio.&nbsp;<\/p>\n\n\n\n<p>\u25cf Al toser y estornudar, cubrirse la boca y nariz con el codo.&nbsp;<\/p>\n\n\n\n<p>\u25cf Lavarse las manos con agua y jab\u00f3n o usar alcohol en gel.&nbsp;<\/p>\n\n\n\n<p>\u25cf Evitar tocarse la cara con las manos.&nbsp;<\/p>\n\n\n\n<p>\u25cf Mantener al menos 2 metros de distanciamiento social.&nbsp;<\/p>\n\n\n\n<p>\u25cf Se toma la temperatura, se roc\u00eda con alcohol y se pregunte por s\u00edntomas a todas las personas que ingresen en caso de ser necesario llamar a organismo de&nbsp;salud por&nbsp;caso sospechoso.&nbsp;<\/p>\n\n\n\n<p>\u25cfSe deber\u00e1 evitar la manipulaci\u00f3n de bancos, puertas, l\u00e1pidas, pasamanos, barandas y manijas, como de cualquier otro elemento que se encuentre en el lugar.&nbsp;<\/p>\n\n\n\n<p>\u25cfSe mantiene la imposibilidad de asistir a los cementerios a cualquier persona que presente s\u00edntomas compatibles con COVID-19.&nbsp;<\/p>\n\n\n\n<p>\u25cfPara el hipot\u00e9tico caso en que, al momento de ingresar, existiera una o varias personas en un sector cercano al sitio donde se dirige, deber\u00e1 cumplimentar con el distanciamiento social previsto en el presente, y de no ser posible, deber\u00e1 esperar en sector aislado a que la persona abandone el lugar.&nbsp;<\/p>\n","protected":false},"excerpt":{"rendered":"<p>&nbsp; Un d\u00eda despu\u00e9s que en la Provincia de Buenos Aires se habilit\u00f3 el ingreso a cementerios, se anunci\u00f3, mediante disposici\u00f3n interna, los protocolos para el ingreso al Cementerio Municipal de Moreno.&nbsp; &nbsp; El protocolo establece la solicitud de ingreso &hellip; <a href=\"https:\/\/morenoprimero.com.ar\/archivo\/reabre-el-cementerio-de-moreno-con-protocolo\/\">Sigue leyendo <span class=\"meta-nav\">&rarr;<\/span><\/a><\/p>\n","protected":false},"author":6,"featured_media":3034,"comment_status":"open","ping_status":"open","sticky":false,"template":"","format":"standard","meta":{"footnotes":""},"categories":[3,21,20],"tags":[360,6,348],"class_list":["post-3031","post","type-post","status-publish","format-standard","has-post-thumbnail","hentry","category-importantes","category-interes-general","category-sociedad","tag-cementerio-de-moreno","tag-moreno","tag-protocolo-covid-19"],"_links":{"self":[{"href":"https:\/\/morenoprimero.com.ar\/archivo\/wp-json\/wp\/v2\/posts\/3031","targetHints":{"allow":["GET"]}}],"collection":[{"href":"https:\/\/morenoprimero.com.ar\/archivo\/wp-json\/wp\/v2\/posts"}],"about":[{"href":"https:\/\/morenoprimero.com.ar\/archivo\/wp-json\/wp\/v2\/types\/post"}],"author":[{"embeddable":true,"href":"https:\/\/morenoprimero.com.ar\/archivo\/wp-json\/wp\/v2\/users\/6"}],"replies":[{"embeddable":true,"href":"https:\/\/morenoprimero.com.ar\/archivo\/wp-json\/wp\/v2\/comments?post=3031"}],"version-history":[{"count":2,"href":"https:\/\/morenoprimero.com.ar\/archivo\/wp-json\/wp\/v2\/posts\/3031\/revisions"}],"predecessor-version":[{"id":3080,"href":"https:\/\/morenoprimero.com.ar\/archivo\/wp-json\/wp\/v2\/posts\/3031\/revisions\/3080"}],"wp:featuredmedia":[{"embeddable":true,"href":"https:\/\/morenoprimero.com.ar\/archivo\/wp-json\/wp\/v2\/media\/3034"}],"wp:attachment":[{"href":"https:\/\/morenoprimero.com.ar\/archivo\/wp-json\/wp\/v2\/media?parent=3031"}],"wp:term":[{"taxonomy":"category","embeddable":true,"href":"https:\/\/morenoprimero.com.ar\/archivo\/wp-json\/wp\/v2\/categories?post=3031"},{"taxonomy":"post_tag","embeddable":true,"href":"https:\/\/morenoprimero.com.ar\/archivo\/wp-json\/wp\/v2\/tags?post=3031"}],"curies":[{"name":"wp","href":"https:\/\/api.w.org\/{rel}","templated":true}]}}