{"id":3025,"date":"2020-09-23T19:21:35","date_gmt":"2020-09-23T19:21:35","guid":{"rendered":"https:\/\/morenoprimero.com.ar\/?p=3025"},"modified":"2020-09-23T19:21:35","modified_gmt":"2020-09-23T19:21:35","slug":"coronavirus-en-moreno-236-nuevos-casos-y-7-fallecidos","status":"publish","type":"post","link":"https:\/\/morenoprimero.com.ar\/archivo\/coronavirus-en-moreno-236-nuevos-casos-y-7-fallecidos\/","title":{"rendered":"CORONAVIRUS EN MORENO: 236 NUEVOS CASOS Y 7 FALLECIDOS"},"content":{"rendered":"\n<p><strong>Al d\u00eda de la fecha,<\/strong> <strong>en el Municipio de Moreno hay 236 nuevos casos confirmados, 234 casos recuperados y 7 defunciones que se encuentran asociadas a covid.&nbsp; <\/strong>En total suman 12872 casos confirmados, 2030 casos sospechosos y 15397 casos descartados.<\/p>\n\n\n\n<p>De los casos positivos hay <strong>2352 casos activos<\/strong> que cumplen con las medidas de aislamiento obligatorio hospitalarias y domiciliarias, <strong>10307 personas recuperadas <\/strong>a quienes se les realizaron los hisopados correspondientes que certificaron la ausencia del virus y han acontecido <strong>213 decesos, de los cuales 166 casos su defunci\u00f3n se encontraba asociada al evento<\/strong>.<\/p>\n\n\n\n<p>De las 7 \u00faltimas defunciones, una es el del mes de julio, 4 del mes de agosto y 2 del mes de septiembre. Se trata de 3 mujeres (77, 83 y 93 a\u00f1os) y 4 hombres (62, 77, 77 y 82 a\u00f1os); de los cuales 4 contaban con antecedentes de comorbilidades.<\/p>\n\n\n\n<p><strong>La Secretar\u00eda de Salud contin\u00faa trabajando en contener la propagaci\u00f3n del virus,<\/strong> para ello se realizan desde el inicio del aislamiento una serie de acciones, como el seguimiento de casos sospechosos y confirmados y sus respectivos contactos estrechos para aislamiento y seguimiento cl\u00ednico; y el operativo DETECTAR en conjunto con el ministerio de Provincia y Naci\u00f3n para b\u00fasqueda activa de casos sospechosos y su consecuente diagn\u00f3stico.<\/p>\n\n\n\n<figure class=\"wp-block-image size-large\"><img loading=\"lazy\" decoding=\"async\" width=\"671\" height=\"1024\" src=\"https:\/\/morenoprimero.com.ar\/wp-content\/uploads\/2020\/09\/1-671x1024.jpeg\" alt=\"\" class=\"wp-image-3027\" srcset=\"https:\/\/morenoprimero.com.ar\/archivo\/wp-content\/uploads\/2020\/09\/1-671x1024.jpeg 671w, https:\/\/morenoprimero.com.ar\/archivo\/wp-content\/uploads\/2020\/09\/1-197x300.jpeg 197w, https:\/\/morenoprimero.com.ar\/archivo\/wp-content\/uploads\/2020\/09\/1-768x1172.jpeg 768w, https:\/\/morenoprimero.com.ar\/archivo\/wp-content\/uploads\/2020\/09\/1.jpeg 839w\" sizes=\"auto, (max-width: 671px) 100vw, 671px\" \/><\/figure>\n","protected":false},"excerpt":{"rendered":"<p>Al d\u00eda de la fecha, en el Municipio de Moreno hay 236 nuevos casos confirmados, 234 casos recuperados y 7 defunciones que se encuentran asociadas a covid.&nbsp; En total suman 12872 casos confirmados, 2030 casos sospechosos y 15397 casos descartados. &hellip; <a href=\"https:\/\/morenoprimero.com.ar\/archivo\/coronavirus-en-moreno-236-nuevos-casos-y-7-fallecidos\/\">Sigue leyendo <span class=\"meta-nav\">&rarr;<\/span><\/a><\/p>\n","protected":false},"author":6,"featured_media":3026,"comment_status":"open","ping_status":"open","sticky":false,"template":"","format":"standard","meta":{"footnotes":""},"categories":[3,536],"tags":[702,94],"class_list":["post-3025","post","type-post","status-publish","format-standard","has-post-thumbnail","hentry","category-importantes","category-salud","tag-coronavirus-en-moreno","tag-covid-19"],"_links":{"self":[{"href":"https:\/\/morenoprimero.com.ar\/archivo\/wp-json\/wp\/v2\/posts\/3025","targetHints":{"allow":["GET"]}}],"collection":[{"href":"https:\/\/morenoprimero.com.ar\/archivo\/wp-json\/wp\/v2\/posts"}],"about":[{"href":"https:\/\/morenoprimero.com.ar\/archivo\/wp-json\/wp\/v2\/types\/post"}],"author":[{"embeddable":true,"href":"https:\/\/morenoprimero.com.ar\/archivo\/wp-json\/wp\/v2\/users\/6"}],"replies":[{"embeddable":true,"href":"https:\/\/morenoprimero.com.ar\/archivo\/wp-json\/wp\/v2\/comments?post=3025"}],"version-history":[{"count":1,"href":"https:\/\/morenoprimero.com.ar\/archivo\/wp-json\/wp\/v2\/posts\/3025\/revisions"}],"predecessor-version":[{"id":3028,"href":"https:\/\/morenoprimero.com.ar\/archivo\/wp-json\/wp\/v2\/posts\/3025\/revisions\/3028"}],"wp:featuredmedia":[{"embeddable":true,"href":"https:\/\/morenoprimero.com.ar\/archivo\/wp-json\/wp\/v2\/media\/3026"}],"wp:attachment":[{"href":"https:\/\/morenoprimero.com.ar\/archivo\/wp-json\/wp\/v2\/media?parent=3025"}],"wp:term":[{"taxonomy":"category","embeddable":true,"href":"https:\/\/morenoprimero.com.ar\/archivo\/wp-json\/wp\/v2\/categories?post=3025"},{"taxonomy":"post_tag","embeddable":true,"href":"https:\/\/morenoprimero.com.ar\/archivo\/wp-json\/wp\/v2\/tags?post=3025"}],"curies":[{"name":"wp","href":"https:\/\/api.w.org\/{rel}","templated":true}]}}