{"id":30218,"date":"2022-07-20T09:57:34","date_gmt":"2022-07-20T12:57:34","guid":{"rendered":"https:\/\/morenoprimero.com.ar\/?p=30218"},"modified":"2022-07-20T09:57:35","modified_gmt":"2022-07-20T12:57:35","slug":"servicio-de-transporte-publico-de-pasajeros-reducido-en-el-amba","status":"publish","type":"post","link":"https:\/\/morenoprimero.com.ar\/archivo\/servicio-de-transporte-publico-de-pasajeros-reducido-en-el-amba\/","title":{"rendered":"Servicio de Transporte P\u00fablico de Pasajeros reducido en el AMBA"},"content":{"rendered":"\n<p>Desde el pasado martes 19 de julio a las 00 horas, redujeron al 50% los servicios de transporte p\u00fablico de pasajeros por automotor del AMBA.<\/p>\n\n\n\n<p>La medida responde a un \u201cconsiderable atraso verificado en la acreditacion de los fondos de las compensaciones tarifarias correspondientes a los mayores costos incurridos durante el a\u00f1o en curso\u201d. &nbsp;<\/p>\n\n\n\n<p>As\u00ed lo comunicaron desde la C\u00e1mara Empresaria de Autotransporte de Pasajeros (CEAP), la C\u00e1maras Empresaria del Transporte Urbano de Buenos Aires (CERUBA), y la C\u00e1mara del Transporte de la Provincia de Buenos Aires (CTPBA). &nbsp;<\/p>\n\n\n\n<p>Adem\u00e1s, indican que \u201cal d\u00eda de la fecha, las empresas llevan afrontados gastos correspondientes a mayores costos del primer semestre por un valor total equivalente a las compensaciones de un mes completo\u201d. Por lo tanto, y \u201ccon el objeto de no interrumpir totalmente las prestaciones y compatibilizarlas con los recursos econ\u00f3micos disponibles\u201d tomaron la decisi\u00f3n de \u201cllevar a cabo la medida de prestaci\u00f3n de los servicios con el 50% de la frecuencia normal y habitual\u201d.&nbsp;<\/p>\n\n\n\n<p>En el comunicado publicado concluyeron \u201clas entidades firmantes, en representaci\u00f3n de sus afiliados, piden disculpas al p\u00fablico por los inconvenientes que pudieran producirse y advierten que la racionalizaci\u00f3n tiene como objetivo evitar la paralizaci\u00f3n total de las prestaciones\u201d. &nbsp;<\/p>\n\n\n\n<p>Por esta medida, unas cien l\u00edneas se ven afectadas, incluyendo las provinciales y las municipales, entre las cuales est\u00e1n las:&nbsp;<\/p>\n\n\n\n<p>622, 628, 218, 284, 325, 378, 203, 910, 915, 49, 97, 126, 37, 524, 193, 86, 522, 527, 518, 53, 464, 463, 462, 320, 461, 303, 443, 244, 390, 302, 503, 506 A, 501, 95, 29, 105, 166, 236, 269, 395, 441, 443, 504, 634, 64, 306, 179, 914, 630, 180, 315, 440, 740, 291, 520, 228 F, 509, 114, 129, 143, 61, 62, 88, 502, 47, 118, 154, 45, 707, 333, 407, 437, 318, 295, 721, 59, 160, 620, 382, 911, 912, 350, 355, 313, 511, 501, 124, 80, 39, 102, 15, 2, 93, 4, 33, 621, 205, 185, 96, 123, 501, 500, 288, 311, 312, 329, 422, 328, 70, 501, 502, 503, 248 C, 351, 338, 406, 181, 46, 543, 544, 541, 561, 562, 549.&nbsp;<\/p>\n","protected":false},"excerpt":{"rendered":"<p>Desde el pasado martes 19 de julio a las 00 horas, redujeron al 50% los servicios de transporte p\u00fablico de pasajeros por automotor del AMBA. La medida responde a un \u201cconsiderable atraso verificado en la acreditacion de los fondos de &hellip; <a href=\"https:\/\/morenoprimero.com.ar\/archivo\/servicio-de-transporte-publico-de-pasajeros-reducido-en-el-amba\/\">Sigue leyendo <span class=\"meta-nav\">&rarr;<\/span><\/a><\/p>\n","protected":false},"author":6,"featured_media":2422,"comment_status":"open","ping_status":"open","sticky":false,"template":"","format":"standard","meta":{"footnotes":""},"categories":[21],"tags":[3087],"class_list":["post-30218","post","type-post","status-publish","format-standard","has-post-thumbnail","hentry","category-interes-general","tag-transporte-publico-2"],"_links":{"self":[{"href":"https:\/\/morenoprimero.com.ar\/archivo\/wp-json\/wp\/v2\/posts\/30218","targetHints":{"allow":["GET"]}}],"collection":[{"href":"https:\/\/morenoprimero.com.ar\/archivo\/wp-json\/wp\/v2\/posts"}],"about":[{"href":"https:\/\/morenoprimero.com.ar\/archivo\/wp-json\/wp\/v2\/types\/post"}],"author":[{"embeddable":true,"href":"https:\/\/morenoprimero.com.ar\/archivo\/wp-json\/wp\/v2\/users\/6"}],"replies":[{"embeddable":true,"href":"https:\/\/morenoprimero.com.ar\/archivo\/wp-json\/wp\/v2\/comments?post=30218"}],"version-history":[{"count":2,"href":"https:\/\/morenoprimero.com.ar\/archivo\/wp-json\/wp\/v2\/posts\/30218\/revisions"}],"predecessor-version":[{"id":30222,"href":"https:\/\/morenoprimero.com.ar\/archivo\/wp-json\/wp\/v2\/posts\/30218\/revisions\/30222"}],"wp:featuredmedia":[{"embeddable":true,"href":"https:\/\/morenoprimero.com.ar\/archivo\/wp-json\/wp\/v2\/media\/2422"}],"wp:attachment":[{"href":"https:\/\/morenoprimero.com.ar\/archivo\/wp-json\/wp\/v2\/media?parent=30218"}],"wp:term":[{"taxonomy":"category","embeddable":true,"href":"https:\/\/morenoprimero.com.ar\/archivo\/wp-json\/wp\/v2\/categories?post=30218"},{"taxonomy":"post_tag","embeddable":true,"href":"https:\/\/morenoprimero.com.ar\/archivo\/wp-json\/wp\/v2\/tags?post=30218"}],"curies":[{"name":"wp","href":"https:\/\/api.w.org\/{rel}","templated":true}]}}