{"id":30127,"date":"2022-07-15T16:43:54","date_gmt":"2022-07-15T19:43:54","guid":{"rendered":"https:\/\/morenoprimero.com.ar\/?p=30127"},"modified":"2022-07-15T16:43:54","modified_gmt":"2022-07-15T19:43:54","slug":"propuestas-culturales-y-turismo-de-cercania-para-disfrutar-el-fin-de-semana","status":"publish","type":"post","link":"https:\/\/morenoprimero.com.ar\/archivo\/propuestas-culturales-y-turismo-de-cercania-para-disfrutar-el-fin-de-semana\/","title":{"rendered":"Propuestas culturales y turismo de cercan\u00eda para disfrutar el fin de semana"},"content":{"rendered":"\n<p>Como cada fin de semana, el Municipio invita a las y los morenenses, como as\u00ed tambi\u00e9n a vecinas y vecinos de otros distritos, a visitar Moreno y a disfrutar de las propuestas culturales y tur\u00edsticas que ofrece el gobierno local. Variada de propuestas culturales y tur\u00edsticas para disfrutar.<\/p>\n\n\n\n<p>Todos los s\u00e1bados, mediante la propuesta \u201cDescubr\u00ed Moreno\u201d, se pueden recorrer diferentes sitios tur\u00edsticos e hist\u00f3ricos del distrito. El punto de salida es a las 16 horas desde plaza Mariano Moreno, y est\u00e1 organizado en dos circuitos, acompa\u00f1ados por dos gu\u00edas tur\u00edsticas que compartir\u00e1n informaci\u00f3n en cada parada. Visitar\u00e1n: el Casco Hist\u00f3rico de Moreno, el Museo y Archivo Hist\u00f3rico Municipal Amancio Alcorta, la parroquia Santa Mar\u00eda de Guadalupe, dise\u00f1ada por el arquitecto Claudio Caveri, y finalizar\u00e1 en la Reserva Municipal \u00abLos Robles\u00bb, con una degustaci\u00f3n y tendr\u00e1 la opci\u00f3n de realizar una caminata guiada por los senderos del Museo F. Mu\u00f1iz. La actividad es libre, gratuita y con cupos limitados. Para participar hay que enviar al correo electr\u00f3nicoturismo@moreno.gov.ar su nombre, apellido, DNI y tel\u00e9fono.<\/p>\n\n\n\n<p>Todos los s\u00e1bados, domingos y feriados de 9 a 18 horas, se puede visitar y disfrutar en familia del Predio Municipal Ferial, Ruta23 y O\u2019Brien, donde se ofrece indumentaria, artesan\u00edas, bazar, antig\u00fcedades y juguetes. El espacio cuenta adem\u00e1s con patio de comidas y estacionamiento libre y gratuito.<\/p>\n\n\n\n<p>El viernes 15 de julio, a partir de las 20 horas, el bar \u00abAlfonsina\u00bb, ubicado en la Avenida Storni 1219, en La Reja, brindar\u00e1 para toda la familia el ciclo \u201cUna noche de tango\u201d en la que estar\u00e1 presentes los artistas: Cristina Pinto, Germ\u00e1n Schreiber, NicoI\u00e1s Ru\u00edz, Maxi Bracamonte, la Orquesta Municipal de Tango y Pura Energ\u00eda Escuela de Danza y Tango.<\/p>\n\n\n\n<p>Adem\u00e1s, el viernes 15 de julio, a las 21 horas, en el Teatro Municipal Leopoldo Marechal, ubicado en Asconap\u00e9 85, se realizar\u00e1 el ciclo M\u00fasica en el Teatro, donde podr\u00e1n disfrutar de F3 \u2013 Rock \u2013 Blues y Jazz en la voz de Cintia Pons, bajo y coros de Rodrigo Ramos y MG Guitarras Arm\u00f3nicas. Las entradas son libres y gratuitas, y se retiran una hora antes del espect\u00e1culo. Para ingresar a la sala se solicitar\u00e1 el pase sanitario.<\/p>\n\n\n\n<p>El s\u00e1bado 16 de julio, a las 15 horas, se realizar\u00e1 el ciclo \u00abLa Plaza Rockea\u00bb, en la Plaza de la estaci\u00f3n de Paso del Rey, El Indio y M. de Grandi. En esta oportunidad se presentar\u00e1n las bandas: Devanea, Mangala y Telein Rap Rock.<\/p>\n\n\n\n<p>El s\u00e1bado 16 de julio, a las 21 horas, en el Teatro Municipal \u201cLeopoldo Marechal\u201d, se presentar\u00e1 la obra \u201cCumbia Moreno\u201d escrita por Mauricio Kartun. Se trata de una pieza teatral que por medio de la comicidad y las risas dispara una profunda reflexi\u00f3n existencial. Las entradas son libres y gratuitas, y se retiran una hora antes del espect\u00e1culo. Para ingresar a la sala se solicitar\u00e1 el pase sanitario.<\/p>\n\n\n\n<p><strong>RESERVA MUNICIPAL LOS ROBLES<\/strong><\/p>\n\n\n\n<p>La Reserva Natural Municipal \u201cLos Robles\u201d es una excelente alternativa para compartir en familia y disfrutar de las bondades de este espacio natural que hacen de \u00e9l un punto tur\u00edstico importante en la provincia de Buenos Aires. All\u00ed se puede dormir, disfrutar del sector gastron\u00f3mico, las caminatas guiadas, espacios de juegos libres y de lectura para la ni\u00f1ez, y diversas actividades m\u00e1s.<\/p>\n\n\n\n<p>El s\u00e1bado 16, se desarrollar\u00e1n las siguientes actividades: de 10 a 17 horas estar\u00e1 disponible el patio gastron\u00f3mico para degustar de desayunos, almuerzos y meriendas; desde las 14 hasta las 16 horas habr\u00e1 m\u00fasica en vivo y desde las 12 horas estar\u00e1 disponible la feria artesanal. A las 14 horas taller de mandalas ilustrados, deportes de turismo aventura en el sector deportivo. A las 15 horas taller de ciencia para la ni\u00f1ez en la biblioteca y caminatas guiadas por guardaparques para toda la familia.<\/p>\n\n\n\n<p>El domingo 17, de 10 a 17 horas estar\u00e1 disponible el patio gastron\u00f3mico para degustar de desayunos, almuerzos y meriendas y desde las 12 horas la feria artesanal. De 14 a 16 horas se desarrollar\u00e1 Patio Milonguero en el sector gastron\u00f3mico. A las 14.30 habr\u00e1 un espect\u00e1culo de Circo y Payaso en la alameda y a las 15 horas caminatas guiadas por guardaparques.<\/p>\n\n\n\n<p>En los Robles se tiene la posibilidad de alquilar Posadas del Bosque y las reservas se pueden tramitar a trav\u00e9s del e-mailturismo@moreno.gov.ar, o por las siguientes plataformas: #Airbnb, #TripAdvisor y #Booking; as\u00ed como de manera presencial en la administraci\u00f3n de las caba\u00f1as.<\/p>\n\n\n\n<p>Para visitar la reserva no hace falta inscripci\u00f3n previa, las visitas son por orden de llegada hasta completar la capacidad del lugar. El Municipio invita a disfrutar con conciencia este hermoso refugio de vida y naturaleza.<\/p>\n\n\n\n<p>Para llegar en transporte p\u00fablico, est\u00e1 el recorrido 26 de La Perlita, cartel \u201cLos Robles\u201d. Horarios desde Moreno: 7.30 horas y 12.30 horas; y el regreso desde Los Robles es a las 13 horas y a las 18 horas. La tarifa de ingreso es de $ 100 para personas que viven en Moreno; de $ 250 para el p\u00fablico en general, y menores y jubilados no abonan. El estacionamiento tiene un valor de $ 70 para motos; de $ 150 para autos y de $ 300 para combis.<\/p>\n","protected":false},"excerpt":{"rendered":"<p>Como cada fin de semana, el Municipio invita a las y los morenenses, como as\u00ed tambi\u00e9n a vecinas y vecinos de otros distritos, a visitar Moreno y a disfrutar de las propuestas culturales y tur\u00edsticas que ofrece el gobierno local. &hellip; <a href=\"https:\/\/morenoprimero.com.ar\/archivo\/propuestas-culturales-y-turismo-de-cercania-para-disfrutar-el-fin-de-semana\/\">Sigue leyendo <span class=\"meta-nav\">&rarr;<\/span><\/a><\/p>\n","protected":false},"author":6,"featured_media":30128,"comment_status":"closed","ping_status":"closed","sticky":false,"template":"","format":"standard","meta":{"footnotes":""},"categories":[2332],"tags":[6],"class_list":["post-30127","post","type-post","status-publish","format-standard","has-post-thumbnail","hentry","category-cultura","tag-moreno"],"_links":{"self":[{"href":"https:\/\/morenoprimero.com.ar\/archivo\/wp-json\/wp\/v2\/posts\/30127","targetHints":{"allow":["GET"]}}],"collection":[{"href":"https:\/\/morenoprimero.com.ar\/archivo\/wp-json\/wp\/v2\/posts"}],"about":[{"href":"https:\/\/morenoprimero.com.ar\/archivo\/wp-json\/wp\/v2\/types\/post"}],"author":[{"embeddable":true,"href":"https:\/\/morenoprimero.com.ar\/archivo\/wp-json\/wp\/v2\/users\/6"}],"replies":[{"embeddable":true,"href":"https:\/\/morenoprimero.com.ar\/archivo\/wp-json\/wp\/v2\/comments?post=30127"}],"version-history":[{"count":1,"href":"https:\/\/morenoprimero.com.ar\/archivo\/wp-json\/wp\/v2\/posts\/30127\/revisions"}],"predecessor-version":[{"id":30129,"href":"https:\/\/morenoprimero.com.ar\/archivo\/wp-json\/wp\/v2\/posts\/30127\/revisions\/30129"}],"wp:featuredmedia":[{"embeddable":true,"href":"https:\/\/morenoprimero.com.ar\/archivo\/wp-json\/wp\/v2\/media\/30128"}],"wp:attachment":[{"href":"https:\/\/morenoprimero.com.ar\/archivo\/wp-json\/wp\/v2\/media?parent=30127"}],"wp:term":[{"taxonomy":"category","embeddable":true,"href":"https:\/\/morenoprimero.com.ar\/archivo\/wp-json\/wp\/v2\/categories?post=30127"},{"taxonomy":"post_tag","embeddable":true,"href":"https:\/\/morenoprimero.com.ar\/archivo\/wp-json\/wp\/v2\/tags?post=30127"}],"curies":[{"name":"wp","href":"https:\/\/api.w.org\/{rel}","templated":true}]}}