{"id":30103,"date":"2022-07-15T13:00:55","date_gmt":"2022-07-15T16:00:55","guid":{"rendered":"https:\/\/morenoprimero.com.ar\/?p=30103"},"modified":"2022-07-15T13:00:55","modified_gmt":"2022-07-15T16:00:55","slug":"afip-abrira-una-oficina-en-moreno","status":"publish","type":"post","link":"https:\/\/morenoprimero.com.ar\/archivo\/afip-abrira-una-oficina-en-moreno\/","title":{"rendered":"AFIP abrir\u00e1 una oficina en Moreno"},"content":{"rendered":"\n<p>La Administraci\u00f3n Federal de Ingresos P\u00fablicos (AFIP) abrir\u00e1 una oficina en el Municipio de Moreno, tras la firma de un convenio por parte de la titular del ente, Mercedes Marc\u00f3 del Pont, y la intendenta local, Mariel Fern\u00e1ndez. Permitir\u00e1, entre otras cosas, extender la presencia territorial del organismo en la ciudad, adem\u00e1s de ampliar y facilitar la asistencia presencial a las y los vecinos de la ciudad.<\/p>\n\n\n\n<p>La decisi\u00f3n permitir\u00e1 extender la presencia territorial de la AFIP para ampliar y facilitar la asistencia presencial a contribuyentes del municipio.<\/p>\n\n\n\n<p>La nueva dependencia permitir\u00e1 que las y los morenenses realicen distintas gestiones presenciales ante el organismo sin necesidad de trasladarse, entre ellas la actualizaci\u00f3n de datos, la recepci\u00f3n y derivaci\u00f3n de tr\u00e1mites y el blanqueo de clave fiscal.<\/p>\n\n\n\n<p>La nueva receptor\u00eda -que estar\u00e1 ubicada en la calle Mart\u00ednez Melo 37- se sumar\u00e1 a la oficina que fuera recientemente inaugurada en la localidad de Escobar, precis\u00f3 la dependencia oficial en una nota de prensa.<\/p>\n\n\n\n<figure class=\"wp-block-image size-full\"><a href=\"https:\/\/morenoprimero.com.ar\/wp-content\/uploads\/2022\/07\/WhatsApp-Image-2022-07-14-at-6.38.39-PM-1.jpeg\"><img loading=\"lazy\" decoding=\"async\" width=\"1024\" height=\"683\" src=\"https:\/\/morenoprimero.com.ar\/wp-content\/uploads\/2022\/07\/WhatsApp-Image-2022-07-14-at-6.38.39-PM-1.jpeg\" alt=\"\" class=\"wp-image-30105\" srcset=\"https:\/\/morenoprimero.com.ar\/archivo\/wp-content\/uploads\/2022\/07\/WhatsApp-Image-2022-07-14-at-6.38.39-PM-1.jpeg 1024w, https:\/\/morenoprimero.com.ar\/archivo\/wp-content\/uploads\/2022\/07\/WhatsApp-Image-2022-07-14-at-6.38.39-PM-1-300x200.jpeg 300w, https:\/\/morenoprimero.com.ar\/archivo\/wp-content\/uploads\/2022\/07\/WhatsApp-Image-2022-07-14-at-6.38.39-PM-1-768x512.jpeg 768w\" sizes=\"auto, (max-width: 1024px) 100vw, 1024px\" \/><\/a><\/figure>\n\n\n\n<p>De este modo, la AFIP busca conformar un nuevo esquema territorial que permita aumentar la capilaridad del organismo a trav\u00e9s de la reconfiguraci\u00f3n de su red de oficinas, a fin de brindar mejores servicios e impulsar el acercamiento con la comunidad.<\/p>\n\n\n\n<p>Los avances en la presencia territorial del organismo se complementan con los distintos canales de atenci\u00f3n online y son una herramienta que coadyuva a mejorar los niveles de cumplimiento voluntario de las obligaciones.<\/p>\n\n\n\n<p>Tambi\u00e9n participaron del encuentro realizado en la sede del organismo la titular de la Direcci\u00f3n General Impositiva de la AFIP, Virginia Garc\u00eda, la secretaria de Econom\u00eda de Moreno, Mariela Bien y la secretaria de Obras y Servicios P\u00fablicos de Moreno, Mar\u00eda Gim\u00e9nez.<\/p>\n","protected":false},"excerpt":{"rendered":"<p>La Administraci\u00f3n Federal de Ingresos P\u00fablicos (AFIP) abrir\u00e1 una oficina en el Municipio de Moreno, tras la firma de un convenio por parte de la titular del ente, Mercedes Marc\u00f3 del Pont, y la intendenta local, Mariel Fern\u00e1ndez. Permitir\u00e1, entre &hellip; <a href=\"https:\/\/morenoprimero.com.ar\/archivo\/afip-abrira-una-oficina-en-moreno\/\">Sigue leyendo <span class=\"meta-nav\">&rarr;<\/span><\/a><\/p>\n","protected":false},"author":6,"featured_media":30104,"comment_status":"closed","ping_status":"closed","sticky":false,"template":"","format":"standard","meta":{"footnotes":""},"categories":[2328],"tags":[276,6],"class_list":["post-30103","post","type-post","status-publish","format-standard","has-post-thumbnail","hentry","category-local","tag-mariel-fernandez","tag-moreno"],"_links":{"self":[{"href":"https:\/\/morenoprimero.com.ar\/archivo\/wp-json\/wp\/v2\/posts\/30103","targetHints":{"allow":["GET"]}}],"collection":[{"href":"https:\/\/morenoprimero.com.ar\/archivo\/wp-json\/wp\/v2\/posts"}],"about":[{"href":"https:\/\/morenoprimero.com.ar\/archivo\/wp-json\/wp\/v2\/types\/post"}],"author":[{"embeddable":true,"href":"https:\/\/morenoprimero.com.ar\/archivo\/wp-json\/wp\/v2\/users\/6"}],"replies":[{"embeddable":true,"href":"https:\/\/morenoprimero.com.ar\/archivo\/wp-json\/wp\/v2\/comments?post=30103"}],"version-history":[{"count":1,"href":"https:\/\/morenoprimero.com.ar\/archivo\/wp-json\/wp\/v2\/posts\/30103\/revisions"}],"predecessor-version":[{"id":30106,"href":"https:\/\/morenoprimero.com.ar\/archivo\/wp-json\/wp\/v2\/posts\/30103\/revisions\/30106"}],"wp:featuredmedia":[{"embeddable":true,"href":"https:\/\/morenoprimero.com.ar\/archivo\/wp-json\/wp\/v2\/media\/30104"}],"wp:attachment":[{"href":"https:\/\/morenoprimero.com.ar\/archivo\/wp-json\/wp\/v2\/media?parent=30103"}],"wp:term":[{"taxonomy":"category","embeddable":true,"href":"https:\/\/morenoprimero.com.ar\/archivo\/wp-json\/wp\/v2\/categories?post=30103"},{"taxonomy":"post_tag","embeddable":true,"href":"https:\/\/morenoprimero.com.ar\/archivo\/wp-json\/wp\/v2\/tags?post=30103"}],"curies":[{"name":"wp","href":"https:\/\/api.w.org\/{rel}","templated":true}]}}