{"id":30098,"date":"2022-07-15T13:19:34","date_gmt":"2022-07-15T16:19:34","guid":{"rendered":"https:\/\/morenoprimero.com.ar\/?p=30098"},"modified":"2022-07-15T13:19:34","modified_gmt":"2022-07-15T16:19:34","slug":"mariel-fernandez-participo-del-acto-de-licitacion-para-la-construccion-de-un-puente-en-moreno-e-ituzaingo","status":"publish","type":"post","link":"https:\/\/morenoprimero.com.ar\/archivo\/mariel-fernandez-participo-del-acto-de-licitacion-para-la-construccion-de-un-puente-en-moreno-e-ituzaingo\/","title":{"rendered":"Mariel Fern\u00e1ndez particip\u00f3 del acto de licitaci\u00f3n para la construcci\u00f3n de un puente en Moreno e Ituzaing\u00f3"},"content":{"rendered":"\n<p>El Ministerio de Infraestructura y Servicios P\u00fablicos, a trav\u00e9s de la Subsecretar\u00eda de Recursos H\u00eddricos, licit\u00f3 la construcci\u00f3n de un puente sobre el R\u00edo Reconquista que mejorar\u00e1 la conectividad entre los municipios de Ituzaing\u00f3 y Moreno. Se trata de una obra de conectividad que mejorar\u00e1 la transitabilidad entre los distritos y cuenta con una inversi\u00f3n superior a los 280 millones de pesos.<\/p>\n\n\n\n<p>Los trabajos, que cuentan con un presupuesto de 281 millones de pesos, se realizar\u00e1n en la continuidad de la Avenida N\u00e9stor Kirchner y constan de la ejecuci\u00f3n de un nuevo puente que se complementa con el existente, con el fin de mejorar el tr\u00e1nsito vehicular y totalizar cuatro carriles.<\/p>\n\n\n\n<p>La nueva estructura contar\u00e1 con un ancho de calzada de 8,30 m y se complementa con la instalaci\u00f3n de se\u00f1alizaci\u00f3n vertical y horizontal; luminarias y en los accesos a los mismos; y semaforizaci\u00f3n de la zona. Tambi\u00e9n se realizar\u00e1 la adecuaci\u00f3n de los desag\u00fces pluviales y el mejorado de las calles que permitir\u00e1 a los vecinos y vecinas de esa zona acceder sin inconvenientes al puente.<\/p>\n\n\n\n<figure class=\"wp-block-gallery has-nested-images columns-default is-cropped wp-block-gallery-1 is-layout-flex wp-block-gallery-is-layout-flex\">\n<figure class=\"wp-block-image size-large\"><a href=\"https:\/\/morenoprimero.com.ar\/wp-content\/uploads\/2022\/07\/WhatsApp-Image-2022-07-14-at-6.46.15-PM.jpeg\"><img loading=\"lazy\" decoding=\"async\" width=\"1024\" height=\"683\" data-id=\"30100\" src=\"https:\/\/morenoprimero.com.ar\/wp-content\/uploads\/2022\/07\/WhatsApp-Image-2022-07-14-at-6.46.15-PM.jpeg\" alt=\"\" class=\"wp-image-30100\" srcset=\"https:\/\/morenoprimero.com.ar\/archivo\/wp-content\/uploads\/2022\/07\/WhatsApp-Image-2022-07-14-at-6.46.15-PM.jpeg 1024w, https:\/\/morenoprimero.com.ar\/archivo\/wp-content\/uploads\/2022\/07\/WhatsApp-Image-2022-07-14-at-6.46.15-PM-300x200.jpeg 300w, https:\/\/morenoprimero.com.ar\/archivo\/wp-content\/uploads\/2022\/07\/WhatsApp-Image-2022-07-14-at-6.46.15-PM-768x512.jpeg 768w\" sizes=\"auto, (max-width: 1024px) 100vw, 1024px\" \/><\/a><\/figure>\n\n\n\n<figure class=\"wp-block-image size-full\"><a href=\"https:\/\/morenoprimero.com.ar\/wp-content\/uploads\/2022\/07\/WhatsApp-Image-2022-07-14-at-6.46.14-PM.jpeg\"><img loading=\"lazy\" decoding=\"async\" width=\"1024\" height=\"683\" data-id=\"30099\" src=\"https:\/\/morenoprimero.com.ar\/wp-content\/uploads\/2022\/07\/WhatsApp-Image-2022-07-14-at-6.46.14-PM.jpeg\" alt=\"\" class=\"wp-image-30099\" srcset=\"https:\/\/morenoprimero.com.ar\/archivo\/wp-content\/uploads\/2022\/07\/WhatsApp-Image-2022-07-14-at-6.46.14-PM.jpeg 1024w, https:\/\/morenoprimero.com.ar\/archivo\/wp-content\/uploads\/2022\/07\/WhatsApp-Image-2022-07-14-at-6.46.14-PM-300x200.jpeg 300w, https:\/\/morenoprimero.com.ar\/archivo\/wp-content\/uploads\/2022\/07\/WhatsApp-Image-2022-07-14-at-6.46.14-PM-768x512.jpeg 768w\" sizes=\"auto, (max-width: 1024px) 100vw, 1024px\" \/><\/a><\/figure>\n<\/figure>\n\n\n\n<p>En ese sentido, la intendenta de Moreno, Mariel Fern\u00e1ndez, manifest\u00f3: \u201cEsta es una obra muy esperada por los vecinos y vecinas del municipio porque va a mejorar mucho la conexi\u00f3n y circulaci\u00f3n de veh\u00edculos. Adem\u00e1s, se complementa con el saneamiento del R\u00edo Reconquista que tambi\u00e9n es fundamental.<\/p>\n\n\n\n<p>Adem\u00e1s, destac\u00f3 \u201cla relaci\u00f3n que tenemos con la Provincia y el Ministro Leonardo Nardini\u201d porque \u201cconstantemente estamos pensando y planificando tareas para mejorarle la situaci\u00f3n a nuestros vecinos y vecinas de Moreno\u201d.<\/p>\n\n\n\n<p>Por su parte, el intendente de Ituzaing\u00f3, Alberto Descalzo, expres\u00f3: \u201cEste nuevo puente implica crecimiento y desarrollo. Estamos contentos porque gracias al Gobierno de la Provincia y al Ministerio de Infraestructura estamos desarrollando obra p\u00fablica que no solo mejora la calidad de vida de nuestros vecinos y vecinas sino que genera trabajo para hombres y mujeres\u201d.<\/p>\n","protected":false},"excerpt":{"rendered":"<p>El Ministerio de Infraestructura y Servicios P\u00fablicos, a trav\u00e9s de la Subsecretar\u00eda de Recursos H\u00eddricos, licit\u00f3 la construcci\u00f3n de un puente sobre el R\u00edo Reconquista que mejorar\u00e1 la conectividad entre los municipios de Ituzaing\u00f3 y Moreno. Se trata de una &hellip; <a href=\"https:\/\/morenoprimero.com.ar\/archivo\/mariel-fernandez-participo-del-acto-de-licitacion-para-la-construccion-de-un-puente-en-moreno-e-ituzaingo\/\">Sigue leyendo <span class=\"meta-nav\">&rarr;<\/span><\/a><\/p>\n","protected":false},"author":6,"featured_media":30101,"comment_status":"closed","ping_status":"closed","sticky":false,"template":"","format":"standard","meta":{"footnotes":""},"categories":[2328],"tags":[276,6],"class_list":["post-30098","post","type-post","status-publish","format-standard","has-post-thumbnail","hentry","category-local","tag-mariel-fernandez","tag-moreno"],"_links":{"self":[{"href":"https:\/\/morenoprimero.com.ar\/archivo\/wp-json\/wp\/v2\/posts\/30098","targetHints":{"allow":["GET"]}}],"collection":[{"href":"https:\/\/morenoprimero.com.ar\/archivo\/wp-json\/wp\/v2\/posts"}],"about":[{"href":"https:\/\/morenoprimero.com.ar\/archivo\/wp-json\/wp\/v2\/types\/post"}],"author":[{"embeddable":true,"href":"https:\/\/morenoprimero.com.ar\/archivo\/wp-json\/wp\/v2\/users\/6"}],"replies":[{"embeddable":true,"href":"https:\/\/morenoprimero.com.ar\/archivo\/wp-json\/wp\/v2\/comments?post=30098"}],"version-history":[{"count":2,"href":"https:\/\/morenoprimero.com.ar\/archivo\/wp-json\/wp\/v2\/posts\/30098\/revisions"}],"predecessor-version":[{"id":30107,"href":"https:\/\/morenoprimero.com.ar\/archivo\/wp-json\/wp\/v2\/posts\/30098\/revisions\/30107"}],"wp:featuredmedia":[{"embeddable":true,"href":"https:\/\/morenoprimero.com.ar\/archivo\/wp-json\/wp\/v2\/media\/30101"}],"wp:attachment":[{"href":"https:\/\/morenoprimero.com.ar\/archivo\/wp-json\/wp\/v2\/media?parent=30098"}],"wp:term":[{"taxonomy":"category","embeddable":true,"href":"https:\/\/morenoprimero.com.ar\/archivo\/wp-json\/wp\/v2\/categories?post=30098"},{"taxonomy":"post_tag","embeddable":true,"href":"https:\/\/morenoprimero.com.ar\/archivo\/wp-json\/wp\/v2\/tags?post=30098"}],"curies":[{"name":"wp","href":"https:\/\/api.w.org\/{rel}","templated":true}]}}