{"id":30062,"date":"2022-07-13T16:28:47","date_gmt":"2022-07-13T19:28:47","guid":{"rendered":"https:\/\/morenoprimero.com.ar\/?p=30062"},"modified":"2022-07-13T16:28:48","modified_gmt":"2022-07-13T19:28:48","slug":"elias-munoz-siento-felicidad-y-gratitud-por-ser-parte-de-la-voz-argentina","status":"publish","type":"post","link":"https:\/\/morenoprimero.com.ar\/archivo\/elias-munoz-siento-felicidad-y-gratitud-por-ser-parte-de-la-voz-argentina\/","title":{"rendered":"El\u00edas Mu\u00f1oz: \u201cSiento felicidad y gratitud por ser parte de La Voz Argentina\u201d"},"content":{"rendered":"\n<p>Zona Oeste sigue siendo representada por nuevos talentos que pasan por el escenario de La Voz Argentina, y el caso del joven de Moreno, El\u00edas Mu\u00f1oz, no fue la excepci\u00f3n, quien actualmente forma parte del Team Montaner.<\/p>\n\n\n\n<p>Durante el programa del pasado lunes 4 de julio se present\u00f3 El\u00edas Mu\u00f1oz, joven sanjuanino de 23 a\u00f1os residente en Moreno, quien deslumbro al p\u00fablico con su interpretaci\u00f3n de \u201ccoleccionista de canciones\u201d, logr\u00f3 que Ricardo Montaner y Soledad Pastorutti se dieran vuelta, invit\u00e1ndolo a conformar sus respectivos equipos. Luego de agradecimientos a cada uno de los coaches, El\u00edas elige ir al equipo de Montaner, uno de sus mayores referentes.<\/p>\n\n\n\n<p>Desde Moreno Primero estuvimos en dialogo exclusivo con El\u00edas, que nos cuenta que, a pesar de consumir bastante m\u00fasica a lo largo de su vida, su primer acercamiento fue a la edad de catorce a\u00f1os cuando comenz\u00f3 a tocar el bajo en la banda de la iglesia. En relaci\u00f3n a esto, expres\u00f3: \u201c<strong>yo ten\u00eda catorce, mi papa toca la bater\u00eda desde los quince, y bueno uno de los m\u00fasicos, el bajista de la banda me pregunta si me gustar\u00eda aprender a tocar alg\u00fan instrumento. En ese instante, casi sin pensarlo, le dije que el bajo me gustar\u00eda tocar. Ah\u00ed es cuando empiezo a interesarme m\u00e1s por la m\u00fasica, siempre escuche m\u00fasica y acompa\u00f1aba regularmente a mi viejo a las pr\u00e1cticas de la banda, pero nunca, hasta ese momento, me hab\u00eda acercado as\u00ed al ejecutar un instrumento<\/strong>\u201d.<\/p>\n\n\n\n<p>Adem\u00e1s, nos cont\u00f3 que, a las pocas semanas de comenzar a tocar el bajo, el vocalista de la banda lo invito a cantar una canci\u00f3n, a lo que el joven sanjuanino se anima y prueba, sin ning\u00fan tipo de preparaci\u00f3n t\u00e9cnica previa. Sorprendido por el resultado, el vocalista lo incentiva a formarse y ser parte de la banda, cantando y tocando en las reuniones de la iglesia. Es por eso que, hasta el d\u00eda de hoy, no puede definir con palabras lo que significa la m\u00fasica y el canto para \u00e9l, pero s\u00ed pudo expresar que cuando est\u00e1 tocando alg\u00fan instrumento o cantando le genera satisfacci\u00f3n, pasi\u00f3n, paz y tranquilidad, sensaciones que hacen que sean momentos de felicidad para \u00e9l.<\/p>\n\n\n\n<p>Por otro lado, en torno a San Juan, su lugar de nacimiento, El\u00edas nos coment\u00f3: \u201c<strong>yo me vine de San Juan a Buenos Aires cuando ten\u00eda nueve a\u00f1os. Digo me vine, pero en realidad nos vinimos todos, mi mama, mis hermanos y yo. Mi papa ya hab\u00eda venido meses antes por cuestiones de trabajo. Ellos estaban pasando por un mal momento econ\u00f3mico y bueno, decidieron apostar su \u00faltima ficha e intentar comenzar de cero en una nueva provincia. Creo que muchos de los que vienen del interior, los que vinieron, lo hacen por cuestiones laborales<\/strong>\u201d. Y profundizando en por qu\u00e9 la zona de Moreno nos dijo \u201c<strong>justo mi papa consigui\u00f3 un buen laburo, muy sacrificado, por cierto, donde tambi\u00e9n fui parte a mis diecisiete y dieciocho a\u00f1os, en las obras viales. \u00c9l es top\u00f3grafo, lo llamaron desde una empresa de ac\u00e1 en Buenos Aires y es ah\u00ed cuando \u00e9l se viene. A los tres, cuatro meses aproximadamente de que \u00e9l se instalara ac\u00e1, nos vinimos nosotros. Y la primera ciudad a la que llego y que justo estaba la obra era Moreno. Desde ah\u00ed, no nos movimos, ni siquiera del barrio donde nos criamos<\/strong>\u201d.<\/p>\n\n\n\n<p>El\u00edas, desde que llego de San Juan, se instal\u00f3 con su familia en el barrio Marilo perteneciente al partido de Moreno. Destac\u00f3 que este barrio, desde el primer momento, los recibi\u00f3 con los brazos abiertos, donde la calidad de la gente es notable. Es por eso que, para \u00e9l, en este momento le da fortaleza y mucho orgullo poder tener esta posibilidad de poder representar no solamente a San Juan, la provincia que lo vio nacer, sino tambi\u00e9n a su barrio, lugar que lo vio crecer, y donde pudo formarse musicalmente. Ante esto, expreso que \u201c<strong>una de las primeras sensaciones que tuve al entrar al programa fue felicidad, esa felicidad de decir \u00a1wow! Nunca pens\u00e9 ser parte de esto. Y tambi\u00e9n siento una enorme gratitud, como bien contaba en mi paso por las audiciones a ciegas, yo me considero una persona de fe, soy cristiano y una de las cosas que he aprendido en la vida es ser agradecido. Por eso, siento felicidad y gratitud de ser parte de La Voz Argentina<\/strong>\u201d.<\/p>\n\n\n\n<p>Actualmente se desempe\u00f1a, adem\u00e1s de m\u00fasico, como carpintero y lutero. En referencia a su ultima profesi\u00f3n, esta consiste en la construcci\u00f3n y reparaci\u00f3n de instrumentos musicales de cualquier rama. A\u00f1adi\u00f3 que el inter\u00e9s por la luteria fue cuando comenz\u00f3 a aprender a tocar el bajo donde la curiosidad por saber c\u00f3mo estaba tan bien hecho un instrumento lo asombraba, dej\u00e1ndolo hipnotizado por varios minutos. A su vez, admiti\u00f3 que su aprendizaje fue bastante autodid\u00e1ctico, en donde aprovechaba los momentos que sus amigos le compart\u00edan internet para mirar videos tutoriales y observar el procedimiento. Ya a la edad de diecis\u00e9is a\u00f1os fue cuando se anot\u00f3 a una escuela de loter\u00eda para poder capacitarse mejor. Hoy en d\u00eda cuenta con su propio taller, otorg\u00e1ndole un gran significado ya que dentro de Moreno son muy pocos los que desarrollan esta labor, entendiendo que tambi\u00e9n lleva una gran responsabilidad.<\/p>\n","protected":false},"excerpt":{"rendered":"<p>Zona Oeste sigue siendo representada por nuevos talentos que pasan por el escenario de La Voz Argentina, y el caso del joven de Moreno, El\u00edas Mu\u00f1oz, no fue la excepci\u00f3n, quien actualmente forma parte del Team Montaner. Durante el programa &hellip; <a href=\"https:\/\/morenoprimero.com.ar\/archivo\/elias-munoz-siento-felicidad-y-gratitud-por-ser-parte-de-la-voz-argentina\/\">Sigue leyendo <span class=\"meta-nav\">&rarr;<\/span><\/a><\/p>\n","protected":false},"author":6,"featured_media":30063,"comment_status":"closed","ping_status":"closed","sticky":false,"template":"","format":"standard","meta":{"footnotes":""},"categories":[2332,2],"tags":[6],"class_list":["post-30062","post","type-post","status-publish","format-standard","has-post-thumbnail","hentry","category-cultura","category-destacadas","tag-moreno"],"_links":{"self":[{"href":"https:\/\/morenoprimero.com.ar\/archivo\/wp-json\/wp\/v2\/posts\/30062","targetHints":{"allow":["GET"]}}],"collection":[{"href":"https:\/\/morenoprimero.com.ar\/archivo\/wp-json\/wp\/v2\/posts"}],"about":[{"href":"https:\/\/morenoprimero.com.ar\/archivo\/wp-json\/wp\/v2\/types\/post"}],"author":[{"embeddable":true,"href":"https:\/\/morenoprimero.com.ar\/archivo\/wp-json\/wp\/v2\/users\/6"}],"replies":[{"embeddable":true,"href":"https:\/\/morenoprimero.com.ar\/archivo\/wp-json\/wp\/v2\/comments?post=30062"}],"version-history":[{"count":2,"href":"https:\/\/morenoprimero.com.ar\/archivo\/wp-json\/wp\/v2\/posts\/30062\/revisions"}],"predecessor-version":[{"id":30065,"href":"https:\/\/morenoprimero.com.ar\/archivo\/wp-json\/wp\/v2\/posts\/30062\/revisions\/30065"}],"wp:featuredmedia":[{"embeddable":true,"href":"https:\/\/morenoprimero.com.ar\/archivo\/wp-json\/wp\/v2\/media\/30063"}],"wp:attachment":[{"href":"https:\/\/morenoprimero.com.ar\/archivo\/wp-json\/wp\/v2\/media?parent=30062"}],"wp:term":[{"taxonomy":"category","embeddable":true,"href":"https:\/\/morenoprimero.com.ar\/archivo\/wp-json\/wp\/v2\/categories?post=30062"},{"taxonomy":"post_tag","embeddable":true,"href":"https:\/\/morenoprimero.com.ar\/archivo\/wp-json\/wp\/v2\/tags?post=30062"}],"curies":[{"name":"wp","href":"https:\/\/api.w.org\/{rel}","templated":true}]}}