{"id":30058,"date":"2022-07-15T10:44:09","date_gmt":"2022-07-15T13:44:09","guid":{"rendered":"https:\/\/morenoprimero.com.ar\/?p=30058"},"modified":"2022-07-15T10:44:10","modified_gmt":"2022-07-15T13:44:10","slug":"moreno-avanza-la-campana-de-prevencion-y-promocion-de-infecciones-respiratorias-en-menores","status":"publish","type":"post","link":"https:\/\/morenoprimero.com.ar\/archivo\/moreno-avanza-la-campana-de-prevencion-y-promocion-de-infecciones-respiratorias-en-menores\/","title":{"rendered":"Moreno: avanza la campa\u00f1a de prevenci\u00f3n y promoci\u00f3n de infecciones respiratorias en menores"},"content":{"rendered":"\n<p>El municipio de Moreno, a trav\u00e9s de la Secretaria de Salud y ambiente, lleva adelante una campa\u00f1a de prevenci\u00f3n y promoci\u00f3n de las enfermedades respiratorias infecciosas en ni\u00f1as y ni\u00f1os menores de 5 a\u00f1os, particularmente en menores de 2 a\u00f1os, con el prop\u00f3sito de disminuir la tasa de mortalidad en edad pedi\u00e1trica.<\/p>\n\n\n\n<p>Los s\u00edntomas a tener en cuenta son: fiebre, tos seca, dificultad respiratoria, coloraci\u00f3n azulada en labios o u\u00f1as, irritabilidad o somnolencia, dificultad para alimentarse y silbido en el pecho.&nbsp;<\/p>\n\n\n\n<p>Desde Moreno Primero estuvimos dialogando con Yanina Monsalvo, m\u00e9dica de la Direcci\u00f3n de Maternidad e Infancia de la Secretar\u00eda de Salud municipal, quien coment\u00f3 que la labor a partir de la pandemia no fue muy diferente a la salida de esta, ya que constantemente se est\u00e1n rearmando los equipos de trabajo para un mejor rendimiento profesional. A su vez, agreg\u00f3 que \u201c<strong>tanto los y las profesionales y no profesionales que estuvieron poni\u00e9ndole el cuerpo est\u00e1n claramente agotados, y no podemos no entender eso. Seguimos generando estrategias para optimizar los recursos, para mejorar y sostener el acceso de la poblaci\u00f3n a la salud<\/strong>\u201d.<\/p>\n\n\n\n<p>En cuanto a la campa\u00f1a de prevenci\u00f3n impulsada por la Secretar\u00eda de Salud, la doctora Monsalvo nos expres\u00f3 que siempre el fin \u00faltimo de las estrategias que se piensan en \u00e9poca invernal, en relaci\u00f3n puntualmente con las infecciones respiratorias, es prevenir la morbimortalidad que estas entidades generan. Entendiendo a la morbimortalidad como la tasa de muertes por enfermedad en una poblaci\u00f3n y en un per\u00edodo determinado. Ante esto, durante los \u00faltimos 2 a\u00f1os, donde hubo mucha menos circulaci\u00f3n de otros virus en comparaci\u00f3n con el SARS-CoV-2, se esperaba que \u00e9ste fuera un a\u00f1o at\u00edpico con confluencia de varios virus. Por lo que, los profesionales de la salud tuvieron que pensar una estrategia superadora que involucre m\u00e1s actores dentro de lo que es salud y les permita generar las redes de atenci\u00f3n a la poblaci\u00f3n. Es por tal raz\u00f3n que, seg\u00fan la afirmaci\u00f3n de Monsalvo, \u201c<strong>nos planteamos una estrategia de registro \u00fanico de pacientes que, en conjunto con las Unidades Sanitarias, el Hospital Mariano y Luciano de la Vega y la UPA, nos permita realizar el seguimiento nominalizado de pacientes. Otra estrategia que involucra al Servicio de Emergencias M\u00e9dicas de Moreno en el seguimiento de los pacientes m\u00e1s complejos. Y, por \u00faltimo, pero no menos importante, una estrategia para garantizar que todos los pacientes atendidos accedan a la medicaci\u00f3n en tiempo y forma<\/strong>\u201d.<\/p>\n\n\n\n<figure class=\"wp-block-image size-large\"><a href=\"https:\/\/morenoprimero.com.ar\/wp-content\/uploads\/2022\/07\/WhatsApp-Image-2022-07-12-at-5.58.17-PM-1.jpeg\"><img loading=\"lazy\" decoding=\"async\" width=\"1024\" height=\"580\" src=\"https:\/\/morenoprimero.com.ar\/wp-content\/uploads\/2022\/07\/WhatsApp-Image-2022-07-12-at-5.58.17-PM-1-1024x580.jpeg\" alt=\"\" class=\"wp-image-30060\" srcset=\"https:\/\/morenoprimero.com.ar\/archivo\/wp-content\/uploads\/2022\/07\/WhatsApp-Image-2022-07-12-at-5.58.17-PM-1-1024x580.jpeg 1024w, https:\/\/morenoprimero.com.ar\/archivo\/wp-content\/uploads\/2022\/07\/WhatsApp-Image-2022-07-12-at-5.58.17-PM-1-300x170.jpeg 300w, https:\/\/morenoprimero.com.ar\/archivo\/wp-content\/uploads\/2022\/07\/WhatsApp-Image-2022-07-12-at-5.58.17-PM-1-768x435.jpeg 768w, https:\/\/morenoprimero.com.ar\/archivo\/wp-content\/uploads\/2022\/07\/WhatsApp-Image-2022-07-12-at-5.58.17-PM-1.jpeg 1272w\" sizes=\"auto, (max-width: 1024px) 100vw, 1024px\" \/><\/a><\/figure>\n\n\n\n<p>Algunos de los cuidados que se deben tener en cuenta para prevenir el contagio o una mayor infecci\u00f3n respiratoria en la salud de los infantes son: toser y estornudar sobre pa\u00f1uelos desechables o en el hueco del codo, limpiar a fondo los juguetes de uso habitual, ventilar la vivienda a diario, evitar la exposici\u00f3n al humo de tabaco, mantener a distancia a las y los beb\u00e9s de las personas resfriadas o con tos, y tener la libreta de vacunaci\u00f3n al d\u00eda.<\/p>\n\n\n\n<p>Se recomienda que ante la aparici\u00f3n de alg\u00fan s\u00edntoma se deben acercar a la Unidad Sanitaria m\u00e1s cercana al domicilio. Entre las que figuran:<\/p>\n\n\n\n<p><strong>Moreno Sur:<\/strong><\/p>\n\n\n\n<p>&nbsp;-Unidad Sanitaria de Casasco &#8211; San Pablo 2286\/74 esquina Ambrosetti 2802<br>&nbsp;-Unidad Sanitaria Mart\u00edn Fierro &#8211; Blas Parera 2258 esquina Nahuel Huapi 90<br>&#8211; Unidad Sanitaria La Victoria &#8211; Guido Spano 986\/98 y El Tiziano<br>&#8211; Unidad Sanitaria Juramento &#8211; Juramento 1719 esquina Castelli y Alberti<br>&#8211; Unidad Sanitaria Eduardo Corsi&nbsp;&nbsp;&#8211; Padre Ansaldo 927<br>&#8211; Unidad Sanitaria Atalaya &#8211; Arenales y Vaccaro<br>&#8211; Unidad San Jorge &#8211; Fonrouge 2202 esquina Lavoisier y Centenario<\/p>\n\n\n\n<p><strong>Moreno Norte:<\/strong><\/p>\n\n\n\n<p>&nbsp;&#8211; Unidad Sanitaria Indaburu &#8211; Segurola 1475\/81 esquina Canad\u00e1 y Echeverr\u00eda<br>&#8211; Unidad Sanitaria 25 de Mayo &#8211; Los Araucanos 237 entre Lamadrid y Watt<br>&#8211; Unidad Sanitaria Los Para\u00edsos &#8211; El Salvador 6626 entre Valencia y Strauss<br>&#8211; Unidad Sanitaria Jos\u00e9 de San Mart\u00edn &#8211; Per\u00fa y Colombia<br>&#8211; Unidad Sanitaria La Perla &#8211; Ascasubi y Z\u00e1rate<br>&#8211; Unidad Sanitaria La Perlita &#8211; 12 de octubre 5560 entre Marcos del Bueno y Costa Rica<br>&#8211; Unidad Sanitaria Jardines &#8211; Larreta entre Democracia y Otto Krause<br>&#8211; Unidad Sanitaria San Jos\u00e9 &#8211; Per\u00fa 5160<\/p>\n\n\n\n<p><strong>Francisco \u00c1lvarez\/ La Reja:<\/strong><\/p>\n\n\n\n<p>&#8211; Unidad Sanitaria Francisco \u00c1lvarez &#8211; Fray Mamerto Esqui\u00fa 508 y Tulipaneros<br>&#8211; Unidad Sanitaria La Reja Centro &#8211; Storni 1476 y Elpidio Gonz\u00e1lez<br>&#8211; Unidad Sanitaria Altos de La Reja &#8211; Pilcomayo 3636<br>&#8211; Unidad Sanitaria Cortejarena &#8211; Cruz Varela y Diagonal N\u00e1poles<br>&#8211; Unidad Sanitaria Villa Escobar &#8211; Vidt e Hip\u00f3crates<br>&#8211; Unidad Sanitaria Reja Grande &#8211; Victorino de la Plaza 1917 entre La Madre e Irlanda<\/p>\n\n\n\n<p><strong>Trujui I:<\/strong><\/p>\n\n\n\n<p>&#8211; Unidad Sanitaria Lomas de Maril\u00f3 &#8211; Pinz\u00f3n 2302\/42 esquina Rosario<br>&#8211; Unidad Sanitaria La Fortuna &#8211; Albatros y Boulogne Sur Mer<br>&#8211; Unidad Sanitaria Santa Br\u00edgida &#8211; Moctezuma y Aeron\u00e1utica Argentina<br>&#8211; Unidad Sanitaria San Ambrosio &#8211; El Ceibo 2758 esquina Galileo Galilei y Montgolfier<br>&#8211; Unidad Sanitaria Villanueva &#8211; San Emilio 2200 esquina Ruta 23 y Pericles<\/p>\n\n\n\n<p><strong>Trujui II:<\/strong><\/p>\n\n\n\n<p>&#8211; Unidad Sanitaria Las Catonas &#8211; Chuquisaca 3181 entre Origone y Jorge Newbery<br>&#8211; Unidad Sanitaria Las Flores &#8211; Federico Lacroze 337 esquina Dumont<br>&#8211; Unidad Sanitaria Dra. Pav\u00f3n &#8211; G\u00e1lvez entre L\u00edbano y Pit\u00e1goras<br>&#8211; Unidad San Carlos &#8211; Juan de la Cierva 958 esquina Paraguay<\/p>\n\n\n\n<p><strong>Paso del Rey:<\/strong><\/p>\n\n\n\n<p>&#8211; Unidad Sanitaria M. Cort\u00e9s &#8211; Del Carril y Lobos<br>&#8211; Unidad Sanitaria Bongiovanni &#8211; Remedios de Escalada 4614\/26 y Bel\u00e1ustegui<br>&#8211; Unidad Sanitaria CIC Sanguinetti &#8211; Corrientes 2301 esquina Luther King<br>&#8211; Unidad Sanitaria Parque Paso del Rey &#8211; Beltr\u00e1n 2631\/53 y Belgrano<br>&#8211; Unidad Sanitaria Amancio Alcorta &#8211; S\u00e1enz Pe\u00f1a 1960 y 1\u00b0 de Mayo<br>&#8211; Unidad Sanitaria Paso del Rey &#8211; Yapey\u00fa 237 esquina Luc\u00eda Rueda<\/p>\n\n\n\n<p><strong>Cuartel V:<\/strong><\/p>\n\n\n\n<p>&#8211; Unidad Sanitaria Anderson &#8211; Disc\u00e9polo 6702\/96 esquina Granaderos<br>&#8211; Unidad Sanitaria Los Hornos &#8211; Lillo Miguel esquina Richieri<br>&#8211; Unidad Sanitaria 6 de Enero &#8211; El Teatro entre Livia Koppman y Par\u00eds<br>&#8211; Unidad Sanitaria Florencio Molina Campos &#8211; Ibarbourou 9507 esquina Portugal<br>&#8211; Unidad Sanitaria Parque del Oeste &#8211; Perito Moreno 5451 entre Bonpland y Lavard\u00e9n<br>&#8211; Unidad Sanitaria El Vergel &#8211; Pedro Agote entre La M\u00fasica y Vieytes<br>&#8211; Unidad Sanitaria La Esperanza &#8211; Tupac Amaru 6302 y La M\u00fasica<\/p>\n","protected":false},"excerpt":{"rendered":"<p>El municipio de Moreno, a trav\u00e9s de la Secretaria de Salud y ambiente, lleva adelante una campa\u00f1a de prevenci\u00f3n y promoci\u00f3n de las enfermedades respiratorias infecciosas en ni\u00f1as y ni\u00f1os menores de 5 a\u00f1os, particularmente en menores de 2 a\u00f1os, &hellip; <a href=\"https:\/\/morenoprimero.com.ar\/archivo\/moreno-avanza-la-campana-de-prevencion-y-promocion-de-infecciones-respiratorias-en-menores\/\">Sigue leyendo <span class=\"meta-nav\">&rarr;<\/span><\/a><\/p>\n","protected":false},"author":6,"featured_media":30059,"comment_status":"closed","ping_status":"closed","sticky":false,"template":"","format":"standard","meta":{"footnotes":""},"categories":[3],"tags":[6],"class_list":["post-30058","post","type-post","status-publish","format-standard","has-post-thumbnail","hentry","category-importantes","tag-moreno"],"_links":{"self":[{"href":"https:\/\/morenoprimero.com.ar\/archivo\/wp-json\/wp\/v2\/posts\/30058","targetHints":{"allow":["GET"]}}],"collection":[{"href":"https:\/\/morenoprimero.com.ar\/archivo\/wp-json\/wp\/v2\/posts"}],"about":[{"href":"https:\/\/morenoprimero.com.ar\/archivo\/wp-json\/wp\/v2\/types\/post"}],"author":[{"embeddable":true,"href":"https:\/\/morenoprimero.com.ar\/archivo\/wp-json\/wp\/v2\/users\/6"}],"replies":[{"embeddable":true,"href":"https:\/\/morenoprimero.com.ar\/archivo\/wp-json\/wp\/v2\/comments?post=30058"}],"version-history":[{"count":1,"href":"https:\/\/morenoprimero.com.ar\/archivo\/wp-json\/wp\/v2\/posts\/30058\/revisions"}],"predecessor-version":[{"id":30061,"href":"https:\/\/morenoprimero.com.ar\/archivo\/wp-json\/wp\/v2\/posts\/30058\/revisions\/30061"}],"wp:featuredmedia":[{"embeddable":true,"href":"https:\/\/morenoprimero.com.ar\/archivo\/wp-json\/wp\/v2\/media\/30059"}],"wp:attachment":[{"href":"https:\/\/morenoprimero.com.ar\/archivo\/wp-json\/wp\/v2\/media?parent=30058"}],"wp:term":[{"taxonomy":"category","embeddable":true,"href":"https:\/\/morenoprimero.com.ar\/archivo\/wp-json\/wp\/v2\/categories?post=30058"},{"taxonomy":"post_tag","embeddable":true,"href":"https:\/\/morenoprimero.com.ar\/archivo\/wp-json\/wp\/v2\/tags?post=30058"}],"curies":[{"name":"wp","href":"https:\/\/api.w.org\/{rel}","templated":true}]}}