{"id":30046,"date":"2022-07-13T16:35:13","date_gmt":"2022-07-13T19:35:13","guid":{"rendered":"https:\/\/morenoprimero.com.ar\/?p=30046"},"modified":"2022-07-13T16:35:14","modified_gmt":"2022-07-13T19:35:14","slug":"allanamiento-en-cuartel-v-secuestraron-drogas-y-detuvieron-a-dos-personas","status":"publish","type":"post","link":"https:\/\/morenoprimero.com.ar\/archivo\/allanamiento-en-cuartel-v-secuestraron-drogas-y-detuvieron-a-dos-personas\/","title":{"rendered":"Allanamiento en Cuartel V: secuestraron drogas y detuvieron a dos personas"},"content":{"rendered":"\n<p>A trav\u00e9s de la Superintendencia de Investigaci\u00f3n del Tr\u00e1fico de Drogas Il\u00edcitas del Municipio de Moreno, la UFI N\u00b012 Dr. Leandro Ventricelli, y el Juzgado de Garant\u00edas 3, la Polic\u00eda de la Provincia de Buenos Aires, llev\u00f3 adelante un allanamiento en la localidad de Cuartel V. Algunos de los elementos que se incautaron fueron un rev\u00f3lver, coca\u00edna, marihuana y dinero.<\/p>\n\n\n\n<p>Un rev\u00f3lver calibre 32 largo con 28 municiones, 16 mil pesos, coca\u00edna, marihuana, posnet electr\u00f3nico, tres celulares, documentaci\u00f3n, termoselladora, tres balanzas, sistema de seguridad con c\u00e1maras y DVR y varios elementos para fraccionamiento, fueron incautados en el domicilio ubicado sobre la calle Santander, esquina La Escultura.<\/p>\n\n\n\n<p>Jazmin Elizabeth Verea, de 26 a\u00f1os de edad, y Alan Tomas Pe\u00f1aloza, de 23 a\u00f1os, fueron las dos personas aprehendidas durante el allanamiento y quedaron a disposici\u00f3n de la justicia.<\/p>\n\n\n\n<p><strong>UN DETENIDO POR ESTAFAS CON REGISTROS DE CONDUCIR<br><\/strong>&nbsp;<br>Tras una denuncia realizada por las Secretar\u00edas de Tr\u00e1nsito y de Justicia del Municipio de Moreno, y meses de investigaci\u00f3n llevada a cabo por la UFI 1 a cargo del Dr. Leandro Ventricelli, se llev\u00f3 a cabo la detenci\u00f3n de Ra\u00fal Ezequiel Meli\u00e1n, acusado por reiteradas estafas al ofrecer c\u00e9dulas de conducir ap\u00f3crifas.<\/p>\n\n\n\n<p>Este individuo se ofrec\u00eda a sacar registros de conducir porque, seg\u00fan \u00e9l manifestaba, trabajaba en la Municipalidad y en Direcci\u00f3n de Tr\u00e1nsito de Moreno. El mismo hab\u00eda sido empleado municipal pero hace ya varios a\u00f1os no forma parte de la plantilla. Luego de cobrar por el supuesto tr\u00e1mite, Meli\u00e1n se esfumaba y no daba m\u00e1s respuesta, concretando las estafas.<\/p>\n\n\n\n<p>La articulaci\u00f3n del municipio junto con la fiscal\u00eda a cargo, permiti\u00f3 identificar cinco hechos distintos en los cuales Meli\u00e1n oper\u00f3 de manera ilegal, llevando a cabo su accionar criminal. Personal de Tr\u00e1nsito tom\u00f3 conocimiento de los hechos, y a trav\u00e9s de la Secretar\u00eda de Justicia se facilit\u00f3 que las v\u00edctimas pudieran declarar en sede fiscal, donde pudieron probarse cinco hechos.<\/p>\n\n\n\n<p>El allanamiento y detenci\u00f3n de Meli\u00e1n fue autorizado por el Dr. Gabriel Castro, del Juzgado de Garant\u00edas N\u00b0 2 de Moreno-Gral. Rodriguez.<\/p>\n","protected":false},"excerpt":{"rendered":"<p>A trav\u00e9s de la Superintendencia de Investigaci\u00f3n del Tr\u00e1fico de Drogas Il\u00edcitas del Municipio de Moreno, la UFI N\u00b012 Dr. Leandro Ventricelli, y el Juzgado de Garant\u00edas 3, la Polic\u00eda de la Provincia de Buenos Aires, llev\u00f3 adelante un allanamiento &hellip; <a href=\"https:\/\/morenoprimero.com.ar\/archivo\/allanamiento-en-cuartel-v-secuestraron-drogas-y-detuvieron-a-dos-personas\/\">Sigue leyendo <span class=\"meta-nav\">&rarr;<\/span><\/a><\/p>\n","protected":false},"author":6,"featured_media":30047,"comment_status":"closed","ping_status":"closed","sticky":false,"template":"","format":"standard","meta":{"footnotes":""},"categories":[8],"tags":[6],"class_list":["post-30046","post","type-post","status-publish","format-standard","has-post-thumbnail","hentry","category-policiales","tag-moreno"],"_links":{"self":[{"href":"https:\/\/morenoprimero.com.ar\/archivo\/wp-json\/wp\/v2\/posts\/30046","targetHints":{"allow":["GET"]}}],"collection":[{"href":"https:\/\/morenoprimero.com.ar\/archivo\/wp-json\/wp\/v2\/posts"}],"about":[{"href":"https:\/\/morenoprimero.com.ar\/archivo\/wp-json\/wp\/v2\/types\/post"}],"author":[{"embeddable":true,"href":"https:\/\/morenoprimero.com.ar\/archivo\/wp-json\/wp\/v2\/users\/6"}],"replies":[{"embeddable":true,"href":"https:\/\/morenoprimero.com.ar\/archivo\/wp-json\/wp\/v2\/comments?post=30046"}],"version-history":[{"count":2,"href":"https:\/\/morenoprimero.com.ar\/archivo\/wp-json\/wp\/v2\/posts\/30046\/revisions"}],"predecessor-version":[{"id":30066,"href":"https:\/\/morenoprimero.com.ar\/archivo\/wp-json\/wp\/v2\/posts\/30046\/revisions\/30066"}],"wp:featuredmedia":[{"embeddable":true,"href":"https:\/\/morenoprimero.com.ar\/archivo\/wp-json\/wp\/v2\/media\/30047"}],"wp:attachment":[{"href":"https:\/\/morenoprimero.com.ar\/archivo\/wp-json\/wp\/v2\/media?parent=30046"}],"wp:term":[{"taxonomy":"category","embeddable":true,"href":"https:\/\/morenoprimero.com.ar\/archivo\/wp-json\/wp\/v2\/categories?post=30046"},{"taxonomy":"post_tag","embeddable":true,"href":"https:\/\/morenoprimero.com.ar\/archivo\/wp-json\/wp\/v2\/tags?post=30046"}],"curies":[{"name":"wp","href":"https:\/\/api.w.org\/{rel}","templated":true}]}}