{"id":30017,"date":"2022-07-14T10:30:43","date_gmt":"2022-07-14T13:30:43","guid":{"rendered":"https:\/\/morenoprimero.com.ar\/?p=30017"},"modified":"2022-07-14T10:30:44","modified_gmt":"2022-07-14T13:30:44","slug":"continua-el-programa-estimulo-al-turismo-con-el-viaje-de-fin-de-curso","status":"publish","type":"post","link":"https:\/\/morenoprimero.com.ar\/archivo\/continua-el-programa-estimulo-al-turismo-con-el-viaje-de-fin-de-curso\/","title":{"rendered":"Contin\u00faa el programa est\u00edmulo al turismo con el \u00abViaje de fin de curso\u00bb"},"content":{"rendered":"\n<p>El Gobierno de la Provincia de Buenos Aires financia los viajes para extender la temporada, reactivar la econom\u00eda, potenciar la inclusi\u00f3n y la revinculaci\u00f3n para 220.000 estudiantes del \u00faltimo a\u00f1o de las escuelas secundarias bonaerenses de gesti\u00f3n estatal y privada<\/p>\n\n\n\n<p>El programa plantea la posibilidad de que todas y todos los estudiantes puedan viajar, conocer otros lugares y paisajes, otras realidades, compartir d\u00edas con amigos\/as, y as\u00ed garantizar una experiencia \u00fanica.<\/p>\n\n\n\n<p>Quienes finalicen la secundaria este a\u00f1o podr\u00e1n formar parte de la segunda edici\u00f3n de \u201cViaje de fin de curso\u201d, que est\u00e1 dirigido a m\u00e1s de dos mil estudiantes, para que viajen con todo pago a sierras, playas, r\u00edos, lagunas y espacios rurales de la Provincia.<\/p>\n\n\n\n<p>El programa se inscribe dentro de una pol\u00edtica m\u00e1s amplia de promoci\u00f3n y reactivaci\u00f3n del sector tur\u00edstico en la provincia de Buenos Aires, que incluye la experiencia de la plataforma ReCreo, donde se encuentra la agenda cultural, destinos, y beneficios en los 135 municipios de la provincia de Buenos Aires.<\/p>\n\n\n\n<p>Hasta el domingo 31 de julio tendr\u00e1n tiempo de anotarse en el programa \u201cViaje de fin de curso\u201d, ingresando a: viajefindecurso.gba.gob.ar<\/p>\n","protected":false},"excerpt":{"rendered":"<p>El Gobierno de la Provincia de Buenos Aires financia los viajes para extender la temporada, reactivar la econom\u00eda, potenciar la inclusi\u00f3n y la revinculaci\u00f3n para 220.000 estudiantes del \u00faltimo a\u00f1o de las escuelas secundarias bonaerenses de gesti\u00f3n estatal y privada &hellip; <a href=\"https:\/\/morenoprimero.com.ar\/archivo\/continua-el-programa-estimulo-al-turismo-con-el-viaje-de-fin-de-curso\/\">Sigue leyendo <span class=\"meta-nav\">&rarr;<\/span><\/a><\/p>\n","protected":false},"author":6,"featured_media":30018,"comment_status":"closed","ping_status":"closed","sticky":false,"template":"","format":"standard","meta":{"footnotes":""},"categories":[21],"tags":[],"class_list":["post-30017","post","type-post","status-publish","format-standard","has-post-thumbnail","hentry","category-interes-general"],"_links":{"self":[{"href":"https:\/\/morenoprimero.com.ar\/archivo\/wp-json\/wp\/v2\/posts\/30017","targetHints":{"allow":["GET"]}}],"collection":[{"href":"https:\/\/morenoprimero.com.ar\/archivo\/wp-json\/wp\/v2\/posts"}],"about":[{"href":"https:\/\/morenoprimero.com.ar\/archivo\/wp-json\/wp\/v2\/types\/post"}],"author":[{"embeddable":true,"href":"https:\/\/morenoprimero.com.ar\/archivo\/wp-json\/wp\/v2\/users\/6"}],"replies":[{"embeddable":true,"href":"https:\/\/morenoprimero.com.ar\/archivo\/wp-json\/wp\/v2\/comments?post=30017"}],"version-history":[{"count":1,"href":"https:\/\/morenoprimero.com.ar\/archivo\/wp-json\/wp\/v2\/posts\/30017\/revisions"}],"predecessor-version":[{"id":30019,"href":"https:\/\/morenoprimero.com.ar\/archivo\/wp-json\/wp\/v2\/posts\/30017\/revisions\/30019"}],"wp:featuredmedia":[{"embeddable":true,"href":"https:\/\/morenoprimero.com.ar\/archivo\/wp-json\/wp\/v2\/media\/30018"}],"wp:attachment":[{"href":"https:\/\/morenoprimero.com.ar\/archivo\/wp-json\/wp\/v2\/media?parent=30017"}],"wp:term":[{"taxonomy":"category","embeddable":true,"href":"https:\/\/morenoprimero.com.ar\/archivo\/wp-json\/wp\/v2\/categories?post=30017"},{"taxonomy":"post_tag","embeddable":true,"href":"https:\/\/morenoprimero.com.ar\/archivo\/wp-json\/wp\/v2\/tags?post=30017"}],"curies":[{"name":"wp","href":"https:\/\/api.w.org\/{rel}","templated":true}]}}