{"id":30015,"date":"2022-07-20T13:22:30","date_gmt":"2022-07-20T16:22:30","guid":{"rendered":"https:\/\/morenoprimero.com.ar\/?p=30015"},"modified":"2022-07-20T13:22:31","modified_gmt":"2022-07-20T16:22:31","slug":"revalidar-la-cultura-morenense-ladrillo-a-ladrillo","status":"publish","type":"post","link":"https:\/\/morenoprimero.com.ar\/archivo\/revalidar-la-cultura-morenense-ladrillo-a-ladrillo\/","title":{"rendered":"Revalidar la cultura morenense, ladrillo a ladrillo\u00a0"},"content":{"rendered":"\n<p>La cubierta de bovedilla del sal\u00f3n del HCD fue reparada por peligro de derrumbe. El IDUAR recolect\u00f3 cuidadosamente los ladrillos que tienen m\u00e1s de 120 a\u00f1os. Concejales y concejalas de Moreno aprobaron una Declaraci\u00f3n de Interes Municipal a dos programas, y uno de ellos propone que diferentes artistas locales y nacionales, con una determinada cantidad de ladrillos asignada, intervengan diferentes sitios del Municipio.  Emmanuel Fern\u00e1ndez destac\u00f3 en el recinto que \u00abla idea es seguir trabajando en nuestra gesti\u00f3n con la revalorizaci\u00f3n cultural de nuestro distrito\u00bb.<\/p>\n\n\n\n<p>Durante las reformas que se realizaron en el edificio, y ante la necesidad de reparar el techo por peligro de derrumbe, desde el IDUAR&nbsp;se rescataron piezas de ladrillos de la cubierta de bovedilla del sal\u00f3n del Honorable Concejo Deliberante. Los ladrillos fueron removidos y recolectados con mucho cuidado ya que tienen m\u00e1s de 120 a\u00f1os de vida. &nbsp;<\/p>\n\n\n\n<figure class=\"wp-block-gallery has-nested-images columns-default is-cropped wp-block-gallery-1 is-layout-flex wp-block-gallery-is-layout-flex\">\n<figure class=\"wp-block-image size-large\"><a href=\"https:\/\/morenoprimero.com.ar\/wp-content\/uploads\/2022\/07\/Renovar-la-cultura-morenense-ladrilo-a-ladrillo-2.jpg\"><img loading=\"lazy\" decoding=\"async\" width=\"853\" height=\"853\" data-id=\"30232\" src=\"https:\/\/morenoprimero.com.ar\/wp-content\/uploads\/2022\/07\/Renovar-la-cultura-morenense-ladrilo-a-ladrillo-2.jpg\" alt=\"\" class=\"wp-image-30232\" srcset=\"https:\/\/morenoprimero.com.ar\/archivo\/wp-content\/uploads\/2022\/07\/Renovar-la-cultura-morenense-ladrilo-a-ladrillo-2.jpg 853w, https:\/\/morenoprimero.com.ar\/archivo\/wp-content\/uploads\/2022\/07\/Renovar-la-cultura-morenense-ladrilo-a-ladrillo-2-300x300.jpg 300w, https:\/\/morenoprimero.com.ar\/archivo\/wp-content\/uploads\/2022\/07\/Renovar-la-cultura-morenense-ladrilo-a-ladrillo-2-150x150.jpg 150w, https:\/\/morenoprimero.com.ar\/archivo\/wp-content\/uploads\/2022\/07\/Renovar-la-cultura-morenense-ladrilo-a-ladrillo-2-768x768.jpg 768w\" sizes=\"auto, (max-width: 853px) 100vw, 853px\" \/><\/a><\/figure>\n\n\n\n<figure class=\"wp-block-image size-large\"><a href=\"https:\/\/morenoprimero.com.ar\/wp-content\/uploads\/2022\/07\/Renovar-la-cultura-morenense-ladrilo-a-ladrillo-1.jpg\"><img loading=\"lazy\" decoding=\"async\" width=\"853\" height=\"853\" data-id=\"30231\" src=\"https:\/\/morenoprimero.com.ar\/wp-content\/uploads\/2022\/07\/Renovar-la-cultura-morenense-ladrilo-a-ladrillo-1.jpg\" alt=\"\" class=\"wp-image-30231\" srcset=\"https:\/\/morenoprimero.com.ar\/archivo\/wp-content\/uploads\/2022\/07\/Renovar-la-cultura-morenense-ladrilo-a-ladrillo-1.jpg 853w, https:\/\/morenoprimero.com.ar\/archivo\/wp-content\/uploads\/2022\/07\/Renovar-la-cultura-morenense-ladrilo-a-ladrillo-1-300x300.jpg 300w, https:\/\/morenoprimero.com.ar\/archivo\/wp-content\/uploads\/2022\/07\/Renovar-la-cultura-morenense-ladrilo-a-ladrillo-1-150x150.jpg 150w, https:\/\/morenoprimero.com.ar\/archivo\/wp-content\/uploads\/2022\/07\/Renovar-la-cultura-morenense-ladrilo-a-ladrillo-1-768x768.jpg 768w\" sizes=\"auto, (max-width: 853px) 100vw, 853px\" \/><\/a><\/figure>\n<\/figure>\n\n\n\n<p>En la 7\u00ba Sesi\u00f3n Ordinaria del HCD, concejales y concejalas aprobaron la <strong>Declaraci\u00f3n de Inter\u00e9s Municipal<\/strong> a dos programas del Museo Morar, recientemente inaugurado en Moreno. Uno de ellos es \u00abBienal de Culturas\u00bb y el segundo es \u00abResidencias de Artistas\u00bb. El concejal <strong>Emmanuel Fern\u00e1ndez<\/strong>, \u00fanico orador durante el tratamiento del expediente, detall\u00f3 las dos propuestas que van de la mano: una de ellas tiene que ver con el uso de esos ladrillos hist\u00f3ricos, y junto con la segunda, se proponen aportar a la revalorizaci\u00f3n de la cultura en el distrito.<\/p>\n\n\n\n<p>El expediente del HCD expresa la necesidad de <strong>\u201cdarle (a los ladrillos recuperados) un uso cultural, simb\u00f3lico y representativo, a partir de dise\u00f1os actuales, que permitan rememorar lo antiguo, reconociendo el patrimonio arquitect\u00f3nico municipal\u201d<\/strong>. Es en consonancia con esa&nbsp;necesidad que nace <strong>\u201cBienal de Culturas\u201d<\/strong> que consta de una convocatoria a artistas locales y nacionales, para asignarle una determinada cantidad de ladrillos patrimoniales para intervenir un sitio determinado del municipio. &nbsp;<\/p>\n\n\n\n<p>El segundo programa,<strong> \u00abResidencias de Artistas\u00bb<\/strong>, est\u00e1 pensado para las vacaciones de invierno del pr\u00f3ximo a\u00f1o (2023). El programa plantea que durante un lapson de 15 d\u00edas se albergar\u00e1n 8 artistas de la Argentina en la Reserva Municipal de Los Robles, quienes realizar\u00e1n tareas de investigaci\u00f3n y obras art\u00edsticas, teniendo en cuenta la tem\u00e1tica del medio ambiente, junto a sus caracter\u00edsticas y problem\u00e1ticas.&nbsp;<\/p>\n\n\n\n<figure class=\"wp-block-image size-full\"><a href=\"https:\/\/morenoprimero.com.ar\/wp-content\/uploads\/2022\/07\/image-4.png\"><img loading=\"lazy\" decoding=\"async\" width=\"595\" height=\"458\" src=\"https:\/\/morenoprimero.com.ar\/wp-content\/uploads\/2022\/07\/image-4.png\" alt=\"\" class=\"wp-image-30033\" srcset=\"https:\/\/morenoprimero.com.ar\/archivo\/wp-content\/uploads\/2022\/07\/image-4.png 595w, https:\/\/morenoprimero.com.ar\/archivo\/wp-content\/uploads\/2022\/07\/image-4-300x231.png 300w\" sizes=\"auto, (max-width: 595px) 100vw, 595px\" \/><\/a><figcaption>Museo Morar en Moreno.<\/figcaption><\/figure>\n\n\n\n<p>Ambos proyectos buscan seguir reforzando a Moreno como un sitio tur\u00edstico cultural y revalidar la identidad cultural morenense. Tal como lo expres\u00f3 el concejal Emmanuel Fern\u00e1ndez durante el tratamiento del proyecto: <strong>\u201cLa idea es seguir trabajando en nuestra gesti\u00f3n con la revalorizaci\u00f3n cultural de nuestro distrito, en funci\u00f3n de que Moreno siempre es un lugar que est\u00e1 atacado y operado por los medios de comunicaci\u00f3n. Muchas veces tambi\u00e9n sectores de la pol\u00edtica se terminan prendiendo en este juego medi\u00e1tico, y perdemos de vista el atractivo cultural, y toda la experiencia cultural e hist\u00f3rica que tiene nuestra localidad.\u201d&nbsp;<\/strong><\/p>\n","protected":false},"excerpt":{"rendered":"<p>La cubierta de bovedilla del sal\u00f3n del HCD fue reparada por peligro de derrumbe. El IDUAR recolect\u00f3 cuidadosamente los ladrillos que tienen m\u00e1s de 120 a\u00f1os. Concejales y concejalas de Moreno aprobaron una Declaraci\u00f3n de Interes Municipal a dos programas, &hellip; <a href=\"https:\/\/morenoprimero.com.ar\/archivo\/revalidar-la-cultura-morenense-ladrillo-a-ladrillo\/\">Sigue leyendo <span class=\"meta-nav\">&rarr;<\/span><\/a><\/p>\n","protected":false},"author":6,"featured_media":30233,"comment_status":"closed","ping_status":"closed","sticky":false,"template":"","format":"standard","meta":{"footnotes":""},"categories":[2332],"tags":[162,120,3723],"class_list":["post-30015","post","type-post","status-publish","format-standard","has-post-thumbnail","hentry","category-cultura","tag-cultura-moreno","tag-hcd-moreno","tag-museo-morar"],"_links":{"self":[{"href":"https:\/\/morenoprimero.com.ar\/archivo\/wp-json\/wp\/v2\/posts\/30015","targetHints":{"allow":["GET"]}}],"collection":[{"href":"https:\/\/morenoprimero.com.ar\/archivo\/wp-json\/wp\/v2\/posts"}],"about":[{"href":"https:\/\/morenoprimero.com.ar\/archivo\/wp-json\/wp\/v2\/types\/post"}],"author":[{"embeddable":true,"href":"https:\/\/morenoprimero.com.ar\/archivo\/wp-json\/wp\/v2\/users\/6"}],"replies":[{"embeddable":true,"href":"https:\/\/morenoprimero.com.ar\/archivo\/wp-json\/wp\/v2\/comments?post=30015"}],"version-history":[{"count":7,"href":"https:\/\/morenoprimero.com.ar\/archivo\/wp-json\/wp\/v2\/posts\/30015\/revisions"}],"predecessor-version":[{"id":30237,"href":"https:\/\/morenoprimero.com.ar\/archivo\/wp-json\/wp\/v2\/posts\/30015\/revisions\/30237"}],"wp:featuredmedia":[{"embeddable":true,"href":"https:\/\/morenoprimero.com.ar\/archivo\/wp-json\/wp\/v2\/media\/30233"}],"wp:attachment":[{"href":"https:\/\/morenoprimero.com.ar\/archivo\/wp-json\/wp\/v2\/media?parent=30015"}],"wp:term":[{"taxonomy":"category","embeddable":true,"href":"https:\/\/morenoprimero.com.ar\/archivo\/wp-json\/wp\/v2\/categories?post=30015"},{"taxonomy":"post_tag","embeddable":true,"href":"https:\/\/morenoprimero.com.ar\/archivo\/wp-json\/wp\/v2\/tags?post=30015"}],"curies":[{"name":"wp","href":"https:\/\/api.w.org\/{rel}","templated":true}]}}