{"id":29978,"date":"2022-07-11T10:41:53","date_gmt":"2022-07-11T13:41:53","guid":{"rendered":"https:\/\/morenoprimero.com.ar\/?p=29978"},"modified":"2022-07-11T10:41:54","modified_gmt":"2022-07-11T13:41:54","slug":"calendario-semanal-del-mercado-en-tu-barrio","status":"publish","type":"post","link":"https:\/\/morenoprimero.com.ar\/archivo\/calendario-semanal-del-mercado-en-tu-barrio\/","title":{"rendered":"Calendario Semanal del Mercado en tu Barrio"},"content":{"rendered":"\n<p>La Municipalidad de Moreno informa a toda la comunidad que contin\u00faa el despliegue semanal del Programa MERCADO EN TU BARRIO. Los mismos se realizan todas las semanas en diferentes puntos del distrito -en modalidad itinerante- para que todas las vecinas y los vecinos puedan acceder a una vasta variedad de v\u00edveres entre los que se encuentran: frutas y verduras; pastas y l\u00e1cteos; huevos de campo; aceite; miel; legumbres; panificados; productos de limpieza y floricultores aprecios accesibles.<\/p>\n\n\n\n<p>Esta semana los mercados estar\u00e1n ubicados en:<\/p>\n\n\n\n<ul class=\"wp-block-list\"><li>LUNES, 11 de Julio &#8211; BARRIO JOS\u00c9 C. PAZ, en las calles Le\u00f3n Bouche y Murillo.<\/li><li>MARTES, 12 de Julio &#8211; 25 DE MAYO, en las calles Lamadrid y Carlos Tejedor.<\/li><li>MI\u00c9RCOLES, 13 de Julio \u2013 MORENO CENTRO, en la Plaza San Martin (Alcorta y Libertador), de 08 a 17 horas.<\/li><li>JUEVES, 14 de Julio \u2013 MARIL\u00d3, en las calles Pinz\u00f3n y La Quintana.<\/li><li>VIERNES, 15 de Julio \u2013 MORENO CENTRO, en la Plaza San Martin (Alcorta y Libertador), de 08 a 17horas.<\/li><\/ul>\n\n\n\n<p>Los mercados se llevan a cabo en plazas o en alg\u00fan punto geogr\u00e1fico o institucional de referencia de los vecinos. El programa articula su misi\u00f3n con organizaciones sociales del territorio como ser las sociedades de fomento, las iglesias, distintas asociaciones civiles, comedores comunitarios, ONGs, y otras \u00e1reas municipales que en conjunto planifican y difunden el Mercado entre la comunidad.<\/p>\n\n\n\n<p>El horario es de 10 a 14 horas, salvo en la Plaza San Mart\u00edn. &#8211; Se suspende por mal clima.<\/p>\n\n\n\n<p>Ambas iniciativas forman parte de pol\u00edticas p\u00fablicas que gestiona la intendenta, Mariel Fern\u00e1ndez, y que tienen como objeto el desarrollo econ\u00f3mico local as\u00ed como la colaboraci\u00f3n en la econom\u00eda familiar de los productores y las productoras del distrito.<\/p>\n\n\n\n<p>Para participar en la venta los productores y las productoras deben comunicarse por correo a imdel@moreno.gov.ar y registrarse para luego, de acuerdo a su disponibilidad y accesibilidad, sumarse al programa.<\/p>\n","protected":false},"excerpt":{"rendered":"<p>La Municipalidad de Moreno informa a toda la comunidad que contin\u00faa el despliegue semanal del Programa MERCADO EN TU BARRIO. Los mismos se realizan todas las semanas en diferentes puntos del distrito -en modalidad itinerante- para que todas las vecinas &hellip; <a href=\"https:\/\/morenoprimero.com.ar\/archivo\/calendario-semanal-del-mercado-en-tu-barrio\/\">Sigue leyendo <span class=\"meta-nav\">&rarr;<\/span><\/a><\/p>\n","protected":false},"author":6,"featured_media":29889,"comment_status":"closed","ping_status":"closed","sticky":false,"template":"","format":"standard","meta":{"footnotes":""},"categories":[21],"tags":[1896,102],"class_list":["post-29978","post","type-post","status-publish","format-standard","has-post-thumbnail","hentry","category-interes-general","tag-mercado-en-tu-barrio","tag-municipio-de-moreno"],"_links":{"self":[{"href":"https:\/\/morenoprimero.com.ar\/archivo\/wp-json\/wp\/v2\/posts\/29978","targetHints":{"allow":["GET"]}}],"collection":[{"href":"https:\/\/morenoprimero.com.ar\/archivo\/wp-json\/wp\/v2\/posts"}],"about":[{"href":"https:\/\/morenoprimero.com.ar\/archivo\/wp-json\/wp\/v2\/types\/post"}],"author":[{"embeddable":true,"href":"https:\/\/morenoprimero.com.ar\/archivo\/wp-json\/wp\/v2\/users\/6"}],"replies":[{"embeddable":true,"href":"https:\/\/morenoprimero.com.ar\/archivo\/wp-json\/wp\/v2\/comments?post=29978"}],"version-history":[{"count":1,"href":"https:\/\/morenoprimero.com.ar\/archivo\/wp-json\/wp\/v2\/posts\/29978\/revisions"}],"predecessor-version":[{"id":29980,"href":"https:\/\/morenoprimero.com.ar\/archivo\/wp-json\/wp\/v2\/posts\/29978\/revisions\/29980"}],"wp:featuredmedia":[{"embeddable":true,"href":"https:\/\/morenoprimero.com.ar\/archivo\/wp-json\/wp\/v2\/media\/29889"}],"wp:attachment":[{"href":"https:\/\/morenoprimero.com.ar\/archivo\/wp-json\/wp\/v2\/media?parent=29978"}],"wp:term":[{"taxonomy":"category","embeddable":true,"href":"https:\/\/morenoprimero.com.ar\/archivo\/wp-json\/wp\/v2\/categories?post=29978"},{"taxonomy":"post_tag","embeddable":true,"href":"https:\/\/morenoprimero.com.ar\/archivo\/wp-json\/wp\/v2\/tags?post=29978"}],"curies":[{"name":"wp","href":"https:\/\/api.w.org\/{rel}","templated":true}]}}