{"id":29960,"date":"2022-07-08T17:52:39","date_gmt":"2022-07-08T20:52:39","guid":{"rendered":"https:\/\/morenoprimero.com.ar\/?p=29960"},"modified":"2022-07-11T11:42:20","modified_gmt":"2022-07-11T14:42:20","slug":"el-teatro-leopoldo-marechal-cumple-36-anos-y-lo-celebra-con-actividades-abiertas-al-publico","status":"publish","type":"post","link":"https:\/\/morenoprimero.com.ar\/archivo\/el-teatro-leopoldo-marechal-cumple-36-anos-y-lo-celebra-con-actividades-abiertas-al-publico\/","title":{"rendered":"El teatro Leopoldo Marechal cumple 36 a\u00f1os y lo celebra con actividades abiertas al p\u00fablico"},"content":{"rendered":"\n<p>Fue puesto en valor gracias a la gesti\u00f3n cultural de la Secretar\u00eda de Cultura, Educaci\u00f3n y Deportes y por decisi\u00f3n pol\u00edtica de Mariel Fern\u00e1ndez. En di\u00e1logo con Moreno Primero, su actual director, Luis Donghi, expres\u00f3: \u201cEstamos muy contentos de poder celebrar el aniversario, la idea es abrir las puertas para que todos puedan acceder al teatro. En la visita van a poder conocer sobre escenograf\u00eda, lenguaje lum\u00ednico, sonido, van a recorrer los camarines, el escenario\u201d.<\/p>\n\n\n\n<p>La historia de esta sala es particular, ya que en sus comienzos all\u00e1 por 1904, fue inaugurada como la conocida \u201cSala de Cine Teatro Par\u00eds\u201d por la Sociedad Francesa de Socorros Mutuos, y fue la primera sala de cine con proyecciones de pel\u00edculas y obras de teatro dirigido por Chacho Piovano. Un tiempo despu\u00e9s, cerr\u00f3 sus puertas.<\/p>\n\n\n\n<p>Algunas d\u00e9cadas pasaron hasta que empez\u00f3 a funcionar el espacio como oficinas municipales e incluso como Concejo Deliberante. A partir del 9 de julio de 1986 se inaugura como Centro Cultural Leopoldo Marechal a cargo de Boy Bruzzone y comienza as\u00ed, una etapa nueva.<\/p>\n\n\n\n<p>Desde entonces, la sala contin\u00faa con actividad, dejando una huella en cada morenense. En los a\u00f1os siguientes muchas obras, e incluso artistas de renombre, fueron pisando las tablas del Teatro Marechal personalidades como China Zorrilla, Ra\u00fal Rizo, Carlos Percivalle, Rodolfo Ranni, Marta Gonz\u00e1lez, Mar\u00eda Valenzuela, Norma Pons, entre otros, dieron vida a los personajes que emocionaron a nuestra comunidad.<\/p>\n\n\n\n<p>Su actual director, Luis Dhongui, en di\u00e1logo con Moreno Primero expres\u00f3 \u201c<strong>Estamos muy contentos de poder celebrar el aniversario n\u00famero 36 de la sala, y que mejor que invitando a la comunidad a conocer su historia, a recorrer sus instalaciones. La idea es abrir las puertas para que todos puedan acceder al teatro. En la visita van a poder conocer sobre escenograf\u00eda, lenguaje lum\u00ednico, sonido, van a recorrer los camarines, el escenario\u201d.<\/strong><\/p>\n\n\n\n<p>En relaci\u00f3n a los festejos que se aproximan, Dhongui, sostuvo:<strong> \u201cLa invitaci\u00f3n es para este s\u00e1bado 9 de julio de 14 a 18 horas, las visitas se realizar\u00e1n en grupos de hasta 30 personas, saldremos cada una hora y tienen una duraci\u00f3n de 45 minutos<\/strong>\u00ab. Las visitas guiadas fueron una propuesta pensada para establecimientos educativos de todo el distrito. Pero ante la demanda del p\u00fablico en general, el teatro abre sus puertas para que la comunidad de Moreno conozca su historia, su funcionamiento y sus instalaciones. Un recorrido l\u00fadico e interactivo para no dejar pasar.<\/p>\n","protected":false},"excerpt":{"rendered":"<p>Fue puesto en valor gracias a la gesti\u00f3n cultural de la Secretar\u00eda de Cultura, Educaci\u00f3n y Deportes y por decisi\u00f3n pol\u00edtica de Mariel Fern\u00e1ndez. En di\u00e1logo con Moreno Primero, su actual director, Luis Donghi, expres\u00f3: \u201cEstamos muy contentos de poder &hellip; <a href=\"https:\/\/morenoprimero.com.ar\/archivo\/el-teatro-leopoldo-marechal-cumple-36-anos-y-lo-celebra-con-actividades-abiertas-al-publico\/\">Sigue leyendo <span class=\"meta-nav\">&rarr;<\/span><\/a><\/p>\n","protected":false},"author":6,"featured_media":29961,"comment_status":"closed","ping_status":"closed","sticky":false,"template":"","format":"standard","meta":{"footnotes":""},"categories":[2332],"tags":[6],"class_list":["post-29960","post","type-post","status-publish","format-standard","has-post-thumbnail","hentry","category-cultura","tag-moreno"],"_links":{"self":[{"href":"https:\/\/morenoprimero.com.ar\/archivo\/wp-json\/wp\/v2\/posts\/29960","targetHints":{"allow":["GET"]}}],"collection":[{"href":"https:\/\/morenoprimero.com.ar\/archivo\/wp-json\/wp\/v2\/posts"}],"about":[{"href":"https:\/\/morenoprimero.com.ar\/archivo\/wp-json\/wp\/v2\/types\/post"}],"author":[{"embeddable":true,"href":"https:\/\/morenoprimero.com.ar\/archivo\/wp-json\/wp\/v2\/users\/6"}],"replies":[{"embeddable":true,"href":"https:\/\/morenoprimero.com.ar\/archivo\/wp-json\/wp\/v2\/comments?post=29960"}],"version-history":[{"count":3,"href":"https:\/\/morenoprimero.com.ar\/archivo\/wp-json\/wp\/v2\/posts\/29960\/revisions"}],"predecessor-version":[{"id":29987,"href":"https:\/\/morenoprimero.com.ar\/archivo\/wp-json\/wp\/v2\/posts\/29960\/revisions\/29987"}],"wp:featuredmedia":[{"embeddable":true,"href":"https:\/\/morenoprimero.com.ar\/archivo\/wp-json\/wp\/v2\/media\/29961"}],"wp:attachment":[{"href":"https:\/\/morenoprimero.com.ar\/archivo\/wp-json\/wp\/v2\/media?parent=29960"}],"wp:term":[{"taxonomy":"category","embeddable":true,"href":"https:\/\/morenoprimero.com.ar\/archivo\/wp-json\/wp\/v2\/categories?post=29960"},{"taxonomy":"post_tag","embeddable":true,"href":"https:\/\/morenoprimero.com.ar\/archivo\/wp-json\/wp\/v2\/tags?post=29960"}],"curies":[{"name":"wp","href":"https:\/\/api.w.org\/{rel}","templated":true}]}}