{"id":29953,"date":"2022-07-08T17:22:50","date_gmt":"2022-07-08T20:22:50","guid":{"rendered":"https:\/\/morenoprimero.com.ar\/?p=29953"},"modified":"2022-07-08T17:23:19","modified_gmt":"2022-07-08T20:23:19","slug":"se-inaugura-la-feria-del-lago-una-nueva-propuesta-turistica-para-la-ciudad","status":"publish","type":"post","link":"https:\/\/morenoprimero.com.ar\/archivo\/se-inaugura-la-feria-del-lago-una-nueva-propuesta-turistica-para-la-ciudad\/","title":{"rendered":"Se inaugura la Feria del Lago, una nueva propuesta tur\u00edstica para la ciudad"},"content":{"rendered":"\n<p>A trav\u00e9s de la Coordinaci\u00f3n General de Turismo, junto a la Coordinaci\u00f3n General de Econom\u00eda Popular, el Municipio de Moreno inaugura la Feria del Lago, una nueva propuesta tur\u00edstica que comienza este domingo 10 de julio a las 10 horas. Se realizar\u00e1 en la Plaza Favaloro y contar\u00e1 con la presencia de emprendedores y emprendedoras locales, actividades culturales y oferta gastron\u00f3mica. A pocas cuadras tambi\u00e9n se puede contemplar el paisaje Lago San Francisco, un espejo de agua de 650 hect\u00e1reas.<\/p>\n\n\n\n<p>La Feria del Lago se realizar\u00e1 en la Plaza Favaloro, ubicada en la intersecci\u00f3n de las calles Benito Ju\u00e1rez y Bustos, en la localidad de La Reja, a pocos metros de la Reserva Municipal Los Robles. Contar\u00e1 con la presencia de emprendedores y emprendedoras locales, actividades culturales y oferta gastron\u00f3mica.<\/p>\n\n\n\n<figure class=\"wp-block-gallery has-nested-images columns-default is-cropped wp-block-gallery-1 is-layout-flex wp-block-gallery-is-layout-flex\">\n<figure class=\"wp-block-image size-large\"><a href=\"https:\/\/morenoprimero.com.ar\/wp-content\/uploads\/2022\/07\/WhatsApp-Image-2022-07-08-at-1.46.46-PM-1.jpeg\"><img loading=\"lazy\" decoding=\"async\" width=\"1024\" height=\"682\" data-id=\"29957\" src=\"https:\/\/morenoprimero.com.ar\/wp-content\/uploads\/2022\/07\/WhatsApp-Image-2022-07-08-at-1.46.46-PM-1-1024x682.jpeg\" alt=\"\" class=\"wp-image-29957\" srcset=\"https:\/\/morenoprimero.com.ar\/archivo\/wp-content\/uploads\/2022\/07\/WhatsApp-Image-2022-07-08-at-1.46.46-PM-1-1024x682.jpeg 1024w, https:\/\/morenoprimero.com.ar\/archivo\/wp-content\/uploads\/2022\/07\/WhatsApp-Image-2022-07-08-at-1.46.46-PM-1-300x200.jpeg 300w, https:\/\/morenoprimero.com.ar\/archivo\/wp-content\/uploads\/2022\/07\/WhatsApp-Image-2022-07-08-at-1.46.46-PM-1-768x512.jpeg 768w, https:\/\/morenoprimero.com.ar\/archivo\/wp-content\/uploads\/2022\/07\/WhatsApp-Image-2022-07-08-at-1.46.46-PM-1.jpeg 1280w\" sizes=\"auto, (max-width: 1024px) 100vw, 1024px\" \/><\/a><\/figure>\n\n\n\n<figure class=\"wp-block-image size-large\"><a href=\"https:\/\/morenoprimero.com.ar\/wp-content\/uploads\/2022\/07\/WhatsApp-Image-2022-07-08-at-1.46.46-PM-2.jpeg\"><img loading=\"lazy\" decoding=\"async\" width=\"1024\" height=\"682\" data-id=\"29956\" src=\"https:\/\/morenoprimero.com.ar\/wp-content\/uploads\/2022\/07\/WhatsApp-Image-2022-07-08-at-1.46.46-PM-2-1024x682.jpeg\" alt=\"\" class=\"wp-image-29956\" srcset=\"https:\/\/morenoprimero.com.ar\/archivo\/wp-content\/uploads\/2022\/07\/WhatsApp-Image-2022-07-08-at-1.46.46-PM-2-1024x682.jpeg 1024w, https:\/\/morenoprimero.com.ar\/archivo\/wp-content\/uploads\/2022\/07\/WhatsApp-Image-2022-07-08-at-1.46.46-PM-2-300x200.jpeg 300w, https:\/\/morenoprimero.com.ar\/archivo\/wp-content\/uploads\/2022\/07\/WhatsApp-Image-2022-07-08-at-1.46.46-PM-2-768x512.jpeg 768w, https:\/\/morenoprimero.com.ar\/archivo\/wp-content\/uploads\/2022\/07\/WhatsApp-Image-2022-07-08-at-1.46.46-PM-2.jpeg 1280w\" sizes=\"auto, (max-width: 1024px) 100vw, 1024px\" \/><\/a><\/figure>\n\n\n\n<figure class=\"wp-block-image size-large\"><a href=\"https:\/\/morenoprimero.com.ar\/wp-content\/uploads\/2022\/07\/WhatsApp-Image-2022-07-08-at-1.46.47-PM.jpeg\"><img loading=\"lazy\" decoding=\"async\" width=\"1024\" height=\"590\" data-id=\"29958\" src=\"https:\/\/morenoprimero.com.ar\/wp-content\/uploads\/2022\/07\/WhatsApp-Image-2022-07-08-at-1.46.47-PM-1024x590.jpeg\" alt=\"\" class=\"wp-image-29958\" srcset=\"https:\/\/morenoprimero.com.ar\/archivo\/wp-content\/uploads\/2022\/07\/WhatsApp-Image-2022-07-08-at-1.46.47-PM-1024x590.jpeg 1024w, https:\/\/morenoprimero.com.ar\/archivo\/wp-content\/uploads\/2022\/07\/WhatsApp-Image-2022-07-08-at-1.46.47-PM-300x173.jpeg 300w, https:\/\/morenoprimero.com.ar\/archivo\/wp-content\/uploads\/2022\/07\/WhatsApp-Image-2022-07-08-at-1.46.47-PM-768x443.jpeg 768w, https:\/\/morenoprimero.com.ar\/archivo\/wp-content\/uploads\/2022\/07\/WhatsApp-Image-2022-07-08-at-1.46.47-PM.jpeg 1280w\" sizes=\"auto, (max-width: 1024px) 100vw, 1024px\" \/><\/a><\/figure>\n<\/figure>\n\n\n\n<p>Esta nueva iniciativa forma parte del proyecto tur\u00edstico que se est\u00e1 llevando adelante desde la Coordinaci\u00f3n General de Turismo de Moreno en el \u00c1rea Natural Protegida \u201cDique Ing. Roggero\u201d.<\/p>\n\n\n\n<p>Por otra parte, y un par de cuadras, se encuentra el Paseo Costero. Una nueva oportunidad para quienes quieran conectar y disfrutar con la naturaleza en nuestro Municipio<\/p>\n\n\n\n<p>Esta propuesta permite contemplar el paisaje Lago San Francisco, un espejo de agua de 650 hect\u00e1reas, h\u00e1bitat de una variedad muy rica de aves y anfibios, que se encuentra dentro del \u00c1rea Natural Protegida \u201cIng. Dique Roggero\u201d.<\/p>\n\n\n\n<p>Podes visitarlo de jueves a domingos, de 10 a 18 horas y no requiere de inscripci\u00f3n previa. En la zona funciona una posta de seguridad y est\u00e1 prohibido el ingreso con veh\u00edculos. Este Paseo Costero incluye la gu\u00eda de guardaparques, quienes acompa\u00f1an esta experiencia haciendo que sea a\u00fan m\u00e1s interesante y enriquecedora.<\/p>\n","protected":false},"excerpt":{"rendered":"<p>A trav\u00e9s de la Coordinaci\u00f3n General de Turismo, junto a la Coordinaci\u00f3n General de Econom\u00eda Popular, el Municipio de Moreno inaugura la Feria del Lago, una nueva propuesta tur\u00edstica que comienza este domingo 10 de julio a las 10 horas. &hellip; <a href=\"https:\/\/morenoprimero.com.ar\/archivo\/se-inaugura-la-feria-del-lago-una-nueva-propuesta-turistica-para-la-ciudad\/\">Sigue leyendo <span class=\"meta-nav\">&rarr;<\/span><\/a><\/p>\n","protected":false},"author":6,"featured_media":29955,"comment_status":"closed","ping_status":"closed","sticky":false,"template":"","format":"standard","meta":{"footnotes":""},"categories":[21],"tags":[],"class_list":["post-29953","post","type-post","status-publish","format-standard","has-post-thumbnail","hentry","category-interes-general"],"_links":{"self":[{"href":"https:\/\/morenoprimero.com.ar\/archivo\/wp-json\/wp\/v2\/posts\/29953","targetHints":{"allow":["GET"]}}],"collection":[{"href":"https:\/\/morenoprimero.com.ar\/archivo\/wp-json\/wp\/v2\/posts"}],"about":[{"href":"https:\/\/morenoprimero.com.ar\/archivo\/wp-json\/wp\/v2\/types\/post"}],"author":[{"embeddable":true,"href":"https:\/\/morenoprimero.com.ar\/archivo\/wp-json\/wp\/v2\/users\/6"}],"replies":[{"embeddable":true,"href":"https:\/\/morenoprimero.com.ar\/archivo\/wp-json\/wp\/v2\/comments?post=29953"}],"version-history":[{"count":1,"href":"https:\/\/morenoprimero.com.ar\/archivo\/wp-json\/wp\/v2\/posts\/29953\/revisions"}],"predecessor-version":[{"id":29959,"href":"https:\/\/morenoprimero.com.ar\/archivo\/wp-json\/wp\/v2\/posts\/29953\/revisions\/29959"}],"wp:featuredmedia":[{"embeddable":true,"href":"https:\/\/morenoprimero.com.ar\/archivo\/wp-json\/wp\/v2\/media\/29955"}],"wp:attachment":[{"href":"https:\/\/morenoprimero.com.ar\/archivo\/wp-json\/wp\/v2\/media?parent=29953"}],"wp:term":[{"taxonomy":"category","embeddable":true,"href":"https:\/\/morenoprimero.com.ar\/archivo\/wp-json\/wp\/v2\/categories?post=29953"},{"taxonomy":"post_tag","embeddable":true,"href":"https:\/\/morenoprimero.com.ar\/archivo\/wp-json\/wp\/v2\/tags?post=29953"}],"curies":[{"name":"wp","href":"https:\/\/api.w.org\/{rel}","templated":true}]}}