{"id":29727,"date":"2022-07-01T18:17:22","date_gmt":"2022-07-01T21:17:22","guid":{"rendered":"https:\/\/morenoprimero.com.ar\/?p=29727"},"modified":"2022-07-01T19:06:24","modified_gmt":"2022-07-01T22:06:24","slug":"el-homenaje-de-las-juventudes-al-general-peron","status":"publish","type":"post","link":"https:\/\/morenoprimero.com.ar\/archivo\/el-homenaje-de-las-juventudes-al-general-peron\/","title":{"rendered":"El homenaje de las juventudes al General Per\u00f3n"},"content":{"rendered":"\n<p>Las Juventudes del Frente de Todos organizaron un acto en conmemoraci\u00f3n al cuadrag\u00e9simo octavo aniversario del paso a la inmortalidad de Juan Domingo Per\u00f3n. Desde Moreno Primero dialogamos con j\u00f3venes que se hicieron presentes en la jornada que ten\u00eda como prop\u00f3sito reivindicar el legado que dej\u00f3 el hist\u00f3rico l\u00edder.<\/p>\n\n\n\n<p>Dicho homenaje se llev\u00f3 adelante este jueves 30 de junio desde las 22:30hs en el boulevard presidente Juan Domingo Per\u00f3n y Emilio Mitre e involucr\u00f3 la participaci\u00f3n de las y los j\u00f3venes y de la comunidad en general. El objetivo del encuentro: no solo mostrar unidad, sino tambi\u00e9n reafirmar que la causa de las juventudes es la causa del pueblo, uno de los lemas que se vio acentuado en el acto.<\/p>\n\n\n\n<p>En di\u00e1logo con Moreno Primero, Ludmila Casal, miembro del Frente Renovador de Moreno, coment\u00f3 \u201c<strong>el acto de ayer consisti\u00f3 en realizar una vigilia por el aniversario de el paso a la inmortalidad del General Juan Domingo Per\u00f3n, colgamos pasacalles hechos por nosotrxs mismxs con frases que nos identifican en la lucha actual donde estamos involucrados<\/strong>\u201d. Adem\u00e1s, agreg\u00f3 \u201c<strong>nos encontramos las Juventudes del Frente de Todos de Moreno para reivindicar con la m\u00edstica y alegr\u00eda que nos caracteriza en nuestras actividades, reafirmando las convicciones peronistas que tenemos como j\u00f3venes<\/strong>\u201d.<\/p>\n\n\n\n<p>En t\u00e9rminos del accionar social y la responsabilidad que tienen las juventudes, pensada como el legado que dejo Per\u00f3n, Ludmila afirm\u00f3 que \u201c<strong>hay que entender que la pol\u00edtica tiene que transformarse, tenemos que dejar de pensar en intereses individuales y empezar a fijarnos en los intereses del pueblo y en esta transformaci\u00f3n debemos estar los j\u00f3venes ocupando esos lugares de toma de decisiones, porque nadie tiene que venir a imponer nuestro futuro, el futuro lo imponemos nosotros todos los d\u00edas<\/strong>\u201d.<\/p>\n\n\n\n<p>A su vez, Martina V\u00e1zquez, miembro de la agrupaci\u00f3n 1945 Revoluci\u00f3n Peronista, expres\u00f3 su satisfacci\u00f3n al participar de la jornada \u201c<strong>estoy contenta de haber participado junto con mis compa\u00f1eros de este homenaje, por lo que implic\u00f3 el peronismo en nuestro pa\u00eds. La alegr\u00eda y emotividad no falt\u00f3 entre nosotros<\/strong>\u201d. Y a\u00f1adi\u00f3 su opini\u00f3n en relaci\u00f3n a su actividad militante \u201c<strong>mi familia desde muy chica me incentiv\u00f3, con las doctrinas peronistas, a luchar por mis convicciones, que desde la agrupaci\u00f3n 1945 siento que manejan los mismos valores. Mi conducci\u00f3n Ismael Castro, es alguien que no solo nos ense\u00f1a desde el amor y la comprensi\u00f3n, sino que tambi\u00e9n te incentiva como j\u00f3venes que somos a so\u00f1ar y querer a nuestro Moreno, trabajando siempre con el pueblo<\/strong>\u201d.<\/p>\n\n\n\n<p>Adem\u00e1s, los part\u00edcipes del encuentro estuvieron en di\u00e1logo con las y los concejales del distrito, como con los dem\u00e1s compa\u00f1eros de las diversas agrupaciones, en donde se debati\u00f3 todo el trabajo que se ven\u00eda realizando en los espacios sociocomunitarios que se encuentran en diferentes barrios de Moreno.<\/p>\n\n\n\n<p>Dianna Villarruel, integrante activa del Movimiento Evita, declar\u00f3 \u201c<strong>todos sentimos un poco lo mismo al ser parte de estos encuentros y homenajes, los pibes estamos convencidos de que para transformar la Argentina es necesaria la unidad de todos los sectores del peronismo y militamos todos los d\u00edas para seguir construy\u00e9ndola, estos actos son una demostraci\u00f3n de eso. El Peronismo es una gran familia, son muchas las emociones al compartir con todos momentos que marcan historias, es amor lo que sentimos al estar todos juntos celebrando y\/o luchando por la causa del Pueblo<\/strong>\u201d, y resalt\u00f3 que \u201c<strong>es justamente eso lo que nos lleva a ser parte de las organizaciones sociales, particularmente en el Movimiento Evita Moreno tenemos una gran conducci\u00f3n como lo es Mariel Fern\u00e1ndez, quien supo transmitirnos con sus palabras y acciones las causas del Peronismo<\/strong>\u201d.<\/p>\n\n\n\n<p>Un factor importante que ha resaltado Dianna es que tanto sus pares hasta la Intendenta, Mariel Fern\u00e1ndez, son acompa\u00f1antes del crecimiento personal y profesional de cada joven militante pero principalmente del crecimiento ciudadano, de tener en cuenta el valor de compa\u00f1eras y compa\u00f1eros que d\u00eda a d\u00eda est\u00e1n obrando en los barrios construyendo alternativas para la juventud morenense, ya sea desde talleres culturales, un plato de comida, la creaci\u00f3n de espacios de primera infancia, el abordaje al consumo como tambi\u00e9n el trabajo en las calles con el fin de transformar estas iniciativas en pol\u00edticas p\u00fablicas.<\/p>\n","protected":false},"excerpt":{"rendered":"<p>Las Juventudes del Frente de Todos organizaron un acto en conmemoraci\u00f3n al cuadrag\u00e9simo octavo aniversario del paso a la inmortalidad de Juan Domingo Per\u00f3n. Desde Moreno Primero dialogamos con j\u00f3venes que se hicieron presentes en la jornada que ten\u00eda como &hellip; <a href=\"https:\/\/morenoprimero.com.ar\/archivo\/el-homenaje-de-las-juventudes-al-general-peron\/\">Sigue leyendo <span class=\"meta-nav\">&rarr;<\/span><\/a><\/p>\n","protected":false},"author":6,"featured_media":29728,"comment_status":"closed","ping_status":"closed","sticky":false,"template":"","format":"standard","meta":{"footnotes":""},"categories":[2,2328],"tags":[6],"class_list":["post-29727","post","type-post","status-publish","format-standard","has-post-thumbnail","hentry","category-destacadas","category-local","tag-moreno"],"_links":{"self":[{"href":"https:\/\/morenoprimero.com.ar\/archivo\/wp-json\/wp\/v2\/posts\/29727","targetHints":{"allow":["GET"]}}],"collection":[{"href":"https:\/\/morenoprimero.com.ar\/archivo\/wp-json\/wp\/v2\/posts"}],"about":[{"href":"https:\/\/morenoprimero.com.ar\/archivo\/wp-json\/wp\/v2\/types\/post"}],"author":[{"embeddable":true,"href":"https:\/\/morenoprimero.com.ar\/archivo\/wp-json\/wp\/v2\/users\/6"}],"replies":[{"embeddable":true,"href":"https:\/\/morenoprimero.com.ar\/archivo\/wp-json\/wp\/v2\/comments?post=29727"}],"version-history":[{"count":7,"href":"https:\/\/morenoprimero.com.ar\/archivo\/wp-json\/wp\/v2\/posts\/29727\/revisions"}],"predecessor-version":[{"id":29738,"href":"https:\/\/morenoprimero.com.ar\/archivo\/wp-json\/wp\/v2\/posts\/29727\/revisions\/29738"}],"wp:featuredmedia":[{"embeddable":true,"href":"https:\/\/morenoprimero.com.ar\/archivo\/wp-json\/wp\/v2\/media\/29728"}],"wp:attachment":[{"href":"https:\/\/morenoprimero.com.ar\/archivo\/wp-json\/wp\/v2\/media?parent=29727"}],"wp:term":[{"taxonomy":"category","embeddable":true,"href":"https:\/\/morenoprimero.com.ar\/archivo\/wp-json\/wp\/v2\/categories?post=29727"},{"taxonomy":"post_tag","embeddable":true,"href":"https:\/\/morenoprimero.com.ar\/archivo\/wp-json\/wp\/v2\/tags?post=29727"}],"curies":[{"name":"wp","href":"https:\/\/api.w.org\/{rel}","templated":true}]}}