{"id":29710,"date":"2022-07-01T15:23:49","date_gmt":"2022-07-01T18:23:49","guid":{"rendered":"https:\/\/morenoprimero.com.ar\/?p=29710"},"modified":"2022-07-01T15:23:50","modified_gmt":"2022-07-01T18:23:50","slug":"como-cada-fin-de-semana-te-acercamos-las-diferentes-propuestas-culturales-y-turisticas-de-la-ciudad","status":"publish","type":"post","link":"https:\/\/morenoprimero.com.ar\/archivo\/como-cada-fin-de-semana-te-acercamos-las-diferentes-propuestas-culturales-y-turisticas-de-la-ciudad\/","title":{"rendered":"Como cada fin de semana, te acercamos las diferentes propuestas culturales y tur\u00edsticas de la ciudad"},"content":{"rendered":"\n<p>El Municipio invita a las y los morenenses, como as\u00ed tambi\u00e9n a vecinas y vecinos de otros distritos, a visitar Moreno y a disfrutar de las propuestas culturales y tur\u00edsticas que ofrece el gobierno local.<\/p>\n\n\n\n<p>Las familias morenenses y de zonas aleda\u00f1as podr\u00e1n pasear por la Peatonal Mitre que se realiza desde la Avenida Libertador hasta Camilli, los primeros y segundos s\u00e1bados de cada mes. En el horario de la temporada oto\u00f1o-invierno, desde las 12 horas hasta las 20 horas, y cuenta con eventos musicales, teatro, actividades para la ni\u00f1ez, paseo gastron\u00f3mico y de artesanos, entre otras propuestas culturales y recreativas. En esta oportunidad estar\u00e1n presentes las y los artistas: Ricota circo, Parcer\u00eda esc\u00e9nica, luci\u00e9rnaga y Plastilina circo, Fran Pereyra y Motorock.<\/p>\n\n\n\n<p>Adem\u00e1s, todos los s\u00e1bados, mediante la propuesta \u201cDescubr\u00ed Moreno\u201d, se puede recorrer diferentes sitios tur\u00edsticos e hist\u00f3ricos del distrito. El punto de salida es a las 16 horas desde plaza Mariano Moreno, y est\u00e1 organizado en dos circuitos acompa\u00f1ados por dos gu\u00edas tur\u00edsticas que compartir\u00e1n informaci\u00f3n en cada parada. Visitar\u00e1n: el Casco Hist\u00f3rico de Moreno, el Museo y Archivo Hist\u00f3rico Municipal Amancio Alcorta, la parroquia Santa Mar\u00eda de Guadalupe, dise\u00f1ada por el arquitecto Claudio Caveri, y finalizar\u00e1 en la Reserva Municipal \u00abLos Robles\u00bb, con una degustaci\u00f3n y tendr\u00e1 la opci\u00f3n de realizar una caminata guiada por los senderos del Museo F. Mu\u00f1iz. La actividad es libre, gratuita y con cupos limitados. Para participar hay que enviar al correo electr\u00f3nico turismo@moreno.gov.ar su nombre, apellido, DNI y tel\u00e9fono.<\/p>\n\n\n\n<p>Todos los s\u00e1bados, domingos y feriados de 9 a 18 horas, se puede visitar y disfrutar en familia del Predio Municipal Ferial (Ruta23 y O\u2019Brien) donde se ofrece indumentaria, artesan\u00edas, bazar, antig\u00fcedades y juguetes. El espacio cuenta adem\u00e1s con patio de comidas y estacionamiento libre y gratuito.<\/p>\n\n\n\n<p>El viernes 1 de julio, a las 21 horas, en el Teatro Municipal \u201cLeopoldo Marechal\u201d, ubicado en Asconap\u00e9 85, se presentar\u00e1 la obra \u201cVENECIA\u201d de Jorge Acame, bajo la direcci\u00f3n de Mart\u00edn Parodi. Las entradas son libres y gratuitas, y se retiran una hora antes del espect\u00e1culo. Para ingresar a la sala se solicitar\u00e1 el pase sanitario.<\/p>\n\n\n\n<figure class=\"wp-block-gallery has-nested-images columns-default is-cropped wp-block-gallery-1 is-layout-flex wp-block-gallery-is-layout-flex\">\n<figure class=\"wp-block-image size-large\"><a href=\"https:\/\/morenoprimero.com.ar\/wp-content\/uploads\/2022\/07\/WhatsApp-Image-2022-07-01-at-2.42.31-PM-2.jpeg\"><img loading=\"lazy\" decoding=\"async\" width=\"1024\" height=\"1024\" data-id=\"29711\" src=\"https:\/\/morenoprimero.com.ar\/wp-content\/uploads\/2022\/07\/WhatsApp-Image-2022-07-01-at-2.42.31-PM-2-1024x1024.jpeg\" alt=\"\" class=\"wp-image-29711\" srcset=\"https:\/\/morenoprimero.com.ar\/archivo\/wp-content\/uploads\/2022\/07\/WhatsApp-Image-2022-07-01-at-2.42.31-PM-2-1024x1024.jpeg 1024w, https:\/\/morenoprimero.com.ar\/archivo\/wp-content\/uploads\/2022\/07\/WhatsApp-Image-2022-07-01-at-2.42.31-PM-2-300x300.jpeg 300w, https:\/\/morenoprimero.com.ar\/archivo\/wp-content\/uploads\/2022\/07\/WhatsApp-Image-2022-07-01-at-2.42.31-PM-2-150x150.jpeg 150w, https:\/\/morenoprimero.com.ar\/archivo\/wp-content\/uploads\/2022\/07\/WhatsApp-Image-2022-07-01-at-2.42.31-PM-2-768x768.jpeg 768w, https:\/\/morenoprimero.com.ar\/archivo\/wp-content\/uploads\/2022\/07\/WhatsApp-Image-2022-07-01-at-2.42.31-PM-2.jpeg 1080w\" sizes=\"auto, (max-width: 1024px) 100vw, 1024px\" \/><\/a><\/figure>\n\n\n\n<figure class=\"wp-block-image size-large\"><a href=\"https:\/\/morenoprimero.com.ar\/wp-content\/uploads\/2022\/07\/WhatsApp-Image-2022-07-01-at-2.42.31-PM-1.jpeg\"><img loading=\"lazy\" decoding=\"async\" width=\"1024\" height=\"1024\" data-id=\"29713\" src=\"https:\/\/morenoprimero.com.ar\/wp-content\/uploads\/2022\/07\/WhatsApp-Image-2022-07-01-at-2.42.31-PM-1-1024x1024.jpeg\" alt=\"\" class=\"wp-image-29713\" srcset=\"https:\/\/morenoprimero.com.ar\/archivo\/wp-content\/uploads\/2022\/07\/WhatsApp-Image-2022-07-01-at-2.42.31-PM-1-1024x1024.jpeg 1024w, https:\/\/morenoprimero.com.ar\/archivo\/wp-content\/uploads\/2022\/07\/WhatsApp-Image-2022-07-01-at-2.42.31-PM-1-300x300.jpeg 300w, https:\/\/morenoprimero.com.ar\/archivo\/wp-content\/uploads\/2022\/07\/WhatsApp-Image-2022-07-01-at-2.42.31-PM-1-150x150.jpeg 150w, https:\/\/morenoprimero.com.ar\/archivo\/wp-content\/uploads\/2022\/07\/WhatsApp-Image-2022-07-01-at-2.42.31-PM-1-768x768.jpeg 768w, https:\/\/morenoprimero.com.ar\/archivo\/wp-content\/uploads\/2022\/07\/WhatsApp-Image-2022-07-01-at-2.42.31-PM-1.jpeg 1080w\" sizes=\"auto, (max-width: 1024px) 100vw, 1024px\" \/><\/a><\/figure>\n\n\n\n<figure class=\"wp-block-image size-large\"><a href=\"https:\/\/morenoprimero.com.ar\/wp-content\/uploads\/2022\/07\/WhatsApp-Image-2022-07-01-at-2.42.31-PM.jpeg\"><img loading=\"lazy\" decoding=\"async\" width=\"1024\" height=\"1024\" data-id=\"29712\" src=\"https:\/\/morenoprimero.com.ar\/wp-content\/uploads\/2022\/07\/WhatsApp-Image-2022-07-01-at-2.42.31-PM-1024x1024.jpeg\" alt=\"\" class=\"wp-image-29712\" srcset=\"https:\/\/morenoprimero.com.ar\/archivo\/wp-content\/uploads\/2022\/07\/WhatsApp-Image-2022-07-01-at-2.42.31-PM-1024x1024.jpeg 1024w, https:\/\/morenoprimero.com.ar\/archivo\/wp-content\/uploads\/2022\/07\/WhatsApp-Image-2022-07-01-at-2.42.31-PM-300x300.jpeg 300w, https:\/\/morenoprimero.com.ar\/archivo\/wp-content\/uploads\/2022\/07\/WhatsApp-Image-2022-07-01-at-2.42.31-PM-150x150.jpeg 150w, https:\/\/morenoprimero.com.ar\/archivo\/wp-content\/uploads\/2022\/07\/WhatsApp-Image-2022-07-01-at-2.42.31-PM-768x768.jpeg 768w, https:\/\/morenoprimero.com.ar\/archivo\/wp-content\/uploads\/2022\/07\/WhatsApp-Image-2022-07-01-at-2.42.31-PM.jpeg 1080w\" sizes=\"auto, (max-width: 1024px) 100vw, 1024px\" \/><\/a><\/figure>\n<\/figure>\n\n\n\n<p>El s\u00e1bado 2 de junio, a las 18 horas, se inaugurar\u00e1 en el Museo Municipal de Bellas Artes \u00abManuel Belgrano\u00bb, ubicado en Doctor Vera 249, la Exposici\u00f3n de Muestra Textil de la artista Andrea Muzzol\u00f3n. La misma podr\u00e1 vitarse de lunes a viernes, de 9 a 17 horas hasta el d\u00eda 16 de julio.<\/p>\n\n\n\n<p>Adem\u00e1s, se realizar\u00e1 el s\u00e1bado 2, desde las 15 horas, \u201cLA PLAZA ROCKEA\u201d en la Plaza San Mart\u00edn donde se presentar\u00e1n las bandas: Zyon-metal Oeste, Desprolijo 66 y Raza Perdida.<\/p>\n\n\n\n<p>Asimismo, el s\u00e1bado 2, a las 21 horas, en el Teatro Municipal \u201cLeopoldo Marechal\u201d se presentar\u00e1 la obra \u201cTERAPIA: una comedia en tres sesiones y un diagn\u00f3stico\u201d, bajo la direcci\u00f3n de Daniel Huisi y representada por Andr\u00e9s Carmelo Maradei y Cintia Donghi. Se trata de una comedia entre un paciente y su analista que intentan ponerse de acuerdo conforme avanza la terapia y se embarcaron en unas sesiones desopilantes. Las entradas son libres y gratuitas, y se retiran una hora antes del espect\u00e1culo. Para ingresar a la sala se solicitar\u00e1 el pase sanitario.<\/p>\n\n\n\n<p>RESERVA MUNICIPAL LOS ROBLES<\/p>\n\n\n\n<p>La Reserva Natural Municipal \u201cLos Robles\u201d es una excelente alternativa para compartir en familia y disfrutar de las bondades de este espacio natural que hacen de \u00e9l un punto tur\u00edstico importante en la provincia de Buenos Aires. All\u00ed se puede dormir, acampar, disfrutar del sector gastron\u00f3mico, las caminatas guiadas, espacios de juegos libres y de lectura para la ni\u00f1ez, y diversas actividades m\u00e1s.<\/p>\n\n\n\n<p>El s\u00e1bado 2, se desarrollar\u00e1n las siguientes actividades: a las 10.30 horas introducci\u00f3n al mundo de las Mariposas a cargo del Licenciado Mario Terrano y yoga para todas las edades; a partir de las 12 horas feria artesanal y sector gastron\u00f3mico. Desde las 14 horas deportes turismo aventura y m\u00fasica en vivo en el patio gastron\u00f3mico y a las 15 horas espacio de meditaci\u00f3n en la biblioteca.<\/p>\n\n\n\n<p>El domingo 3, a partir de las 12 horas abrir\u00e1n la feria artesanal y sector gastron\u00f3mico y a las 14 horas clases y show de milonga con m\u00fasica en vivo a cargo de Pablo Sotelo.<br>En los Robles se tiene la posibilidad de alquilar Posadas del Bosque y las reservas se pueden tramitar a trav\u00e9s del e-mailturismo@moreno.gov.ar, o por las siguientes plataformas: #Airbnb, #TripAdvisor y #Booking; as\u00ed como de manera presencial en la administraci\u00f3n de las caba\u00f1as.<\/p>\n\n\n\n<p>Para visitar la reserva no hace falta inscripci\u00f3n previa, las visitas son por orden de llegada hasta completar la capacidad del lugar. El Municipio invita a disfrutar con conciencia este hermoso refugio de vida y naturaleza.<\/p>\n\n\n\n<p>Para llegar en transporte p\u00fablico, est\u00e1 el recorrido 26 de La Perlita, cartel \u201cLos Robles\u201d. Horarios desde Moreno: 7.30 horas y 12.30 horas; y el regreso desde Los Robles es a las 13 horas y a las 18 horas. La tarifa de ingreso es de $ 100 para personas que viven en Moreno; de $ 250 para el p\u00fablico en general, y menores y jubilados no abonan. El estacionamiento tiene un valor de $ 70 para motos; de $ 150 para autos y de $ 300 para combis.<\/p>\n","protected":false},"excerpt":{"rendered":"<p>El Municipio invita a las y los morenenses, como as\u00ed tambi\u00e9n a vecinas y vecinos de otros distritos, a visitar Moreno y a disfrutar de las propuestas culturales y tur\u00edsticas que ofrece el gobierno local. Las familias morenenses y de &hellip; <a href=\"https:\/\/morenoprimero.com.ar\/archivo\/como-cada-fin-de-semana-te-acercamos-las-diferentes-propuestas-culturales-y-turisticas-de-la-ciudad\/\">Sigue leyendo <span class=\"meta-nav\">&rarr;<\/span><\/a><\/p>\n","protected":false},"author":6,"featured_media":29714,"comment_status":"closed","ping_status":"closed","sticky":false,"template":"","format":"standard","meta":{"footnotes":""},"categories":[2332],"tags":[6],"class_list":["post-29710","post","type-post","status-publish","format-standard","has-post-thumbnail","hentry","category-cultura","tag-moreno"],"_links":{"self":[{"href":"https:\/\/morenoprimero.com.ar\/archivo\/wp-json\/wp\/v2\/posts\/29710","targetHints":{"allow":["GET"]}}],"collection":[{"href":"https:\/\/morenoprimero.com.ar\/archivo\/wp-json\/wp\/v2\/posts"}],"about":[{"href":"https:\/\/morenoprimero.com.ar\/archivo\/wp-json\/wp\/v2\/types\/post"}],"author":[{"embeddable":true,"href":"https:\/\/morenoprimero.com.ar\/archivo\/wp-json\/wp\/v2\/users\/6"}],"replies":[{"embeddable":true,"href":"https:\/\/morenoprimero.com.ar\/archivo\/wp-json\/wp\/v2\/comments?post=29710"}],"version-history":[{"count":1,"href":"https:\/\/morenoprimero.com.ar\/archivo\/wp-json\/wp\/v2\/posts\/29710\/revisions"}],"predecessor-version":[{"id":29715,"href":"https:\/\/morenoprimero.com.ar\/archivo\/wp-json\/wp\/v2\/posts\/29710\/revisions\/29715"}],"wp:featuredmedia":[{"embeddable":true,"href":"https:\/\/morenoprimero.com.ar\/archivo\/wp-json\/wp\/v2\/media\/29714"}],"wp:attachment":[{"href":"https:\/\/morenoprimero.com.ar\/archivo\/wp-json\/wp\/v2\/media?parent=29710"}],"wp:term":[{"taxonomy":"category","embeddable":true,"href":"https:\/\/morenoprimero.com.ar\/archivo\/wp-json\/wp\/v2\/categories?post=29710"},{"taxonomy":"post_tag","embeddable":true,"href":"https:\/\/morenoprimero.com.ar\/archivo\/wp-json\/wp\/v2\/tags?post=29710"}],"curies":[{"name":"wp","href":"https:\/\/api.w.org\/{rel}","templated":true}]}}