{"id":2971,"date":"2020-09-23T13:12:44","date_gmt":"2020-09-23T13:12:44","guid":{"rendered":"https:\/\/morenoprimero.com.ar\/?p=2971"},"modified":"2020-09-23T13:23:43","modified_gmt":"2020-09-23T13:23:43","slug":"son-165-los-casos-positivos-confirmados-de-covid-19-en-moreno","status":"publish","type":"post","link":"https:\/\/morenoprimero.com.ar\/archivo\/son-165-los-casos-positivos-confirmados-de-covid-19-en-moreno\/","title":{"rendered":"SON 165 LOS CASOS  CONFIRMADOS DE COVID-19 EN MORENO"},"content":{"rendered":"\n<h4 class=\"wp-block-heading\">  Seg\u00fan el reporte epidemiol\u00f3gico, la mayor cantidad de casos se concentra en Moreno Norte y Trujui. El nivel de ocupaci\u00f3n de camas UTI se mantiene igual que la semana anterior. A partir del operativo DETECTAR se confirm\u00f3 538 positivos.<\/h4>\n\n\n\n<p>Al 22 de septiembre son <strong>165 los casos positivos confirmados<\/strong>, mientras que 187 personas se recuperaron, y hubo 3 defunciones.&nbsp;<\/p>\n\n\n\n<figure class=\"wp-block-image size-large is-resized\"><img loading=\"lazy\" decoding=\"async\" src=\"https:\/\/morenoprimero.com.ar\/wp-content\/uploads\/2020\/09\/8778be8d-aa27-4f1d-a1e5-27b582b4a70c-1024x676.jpg\" alt=\"\" class=\"wp-image-2972\" width=\"450\" height=\"296\" srcset=\"https:\/\/morenoprimero.com.ar\/archivo\/wp-content\/uploads\/2020\/09\/8778be8d-aa27-4f1d-a1e5-27b582b4a70c-1024x676.jpg 1024w, https:\/\/morenoprimero.com.ar\/archivo\/wp-content\/uploads\/2020\/09\/8778be8d-aa27-4f1d-a1e5-27b582b4a70c-300x198.jpg 300w, https:\/\/morenoprimero.com.ar\/archivo\/wp-content\/uploads\/2020\/09\/8778be8d-aa27-4f1d-a1e5-27b582b4a70c-768x507.jpg 768w, https:\/\/morenoprimero.com.ar\/archivo\/wp-content\/uploads\/2020\/09\/8778be8d-aa27-4f1d-a1e5-27b582b4a70c.jpg 1280w\" sizes=\"auto, (max-width: 450px) 100vw, 450px\" \/><\/figure>\n\n\n\n<p>&nbsp; Entre los confirmados, <strong>la mayor cantidad de casos&nbsp;positivos de&nbsp;Covid-19 son del grupo de personas que tienen entre 40 y 59 a\u00f1os, <\/strong>seguidos por el grupo de 20 a 39 a\u00f1os.&nbsp;<\/p>\n\n\n\n<p>&nbsp; &nbsp; <strong>A trav\u00e9s del operativo DETECTAR, se confirmaron 538 casos positivos de Covid-19. <\/strong>Para esto se realizaron 70 operativos donde se evaluaron 69.042 personas, de las cuales fueron hisopadas 1.604.&nbsp;<\/p>\n\n\n\n<figure class=\"wp-block-image size-large is-resized\"><img loading=\"lazy\" decoding=\"async\" src=\"https:\/\/morenoprimero.com.ar\/wp-content\/uploads\/2020\/09\/WhatsApp-Image-2020-09-23-at-09.58.13-791x1024.jpeg\" alt=\"\" class=\"wp-image-2975\" width=\"544\" height=\"703\" srcset=\"https:\/\/morenoprimero.com.ar\/archivo\/wp-content\/uploads\/2020\/09\/WhatsApp-Image-2020-09-23-at-09.58.13-791x1024.jpeg 791w, https:\/\/morenoprimero.com.ar\/archivo\/wp-content\/uploads\/2020\/09\/WhatsApp-Image-2020-09-23-at-09.58.13-232x300.jpeg 232w, https:\/\/morenoprimero.com.ar\/archivo\/wp-content\/uploads\/2020\/09\/WhatsApp-Image-2020-09-23-at-09.58.13-768x994.jpeg 768w, https:\/\/morenoprimero.com.ar\/archivo\/wp-content\/uploads\/2020\/09\/WhatsApp-Image-2020-09-23-at-09.58.13.jpeg 989w\" sizes=\"auto, (max-width: 544px) 100vw, 544px\" \/><\/figure>\n\n\n\n<p>&nbsp; &nbsp;<strong>La mayor cantidad de casos se presenta en la zona sanitaria de Moreno Norte y Trujui<\/strong>. Tambi\u00e9n se observan casos, aunque m\u00e1s dispersos, en la zona de Francisco \u00c1lvarez, Moreno Sur y Cuartel V.&nbsp;<\/p>\n\n\n\n<figure class=\"wp-block-image size-large is-resized\"><img loading=\"lazy\" decoding=\"async\" src=\"https:\/\/morenoprimero.com.ar\/wp-content\/uploads\/2020\/09\/WhatsApp-Image-2020-09-23-at-09.58.59-1024x1024.jpeg\" alt=\"\" class=\"wp-image-2976\" width=\"500\" height=\"500\" srcset=\"https:\/\/morenoprimero.com.ar\/archivo\/wp-content\/uploads\/2020\/09\/WhatsApp-Image-2020-09-23-at-09.58.59-1024x1024.jpeg 1024w, https:\/\/morenoprimero.com.ar\/archivo\/wp-content\/uploads\/2020\/09\/WhatsApp-Image-2020-09-23-at-09.58.59-300x300.jpeg 300w, https:\/\/morenoprimero.com.ar\/archivo\/wp-content\/uploads\/2020\/09\/WhatsApp-Image-2020-09-23-at-09.58.59-150x150.jpeg 150w, https:\/\/morenoprimero.com.ar\/archivo\/wp-content\/uploads\/2020\/09\/WhatsApp-Image-2020-09-23-at-09.58.59-768x769.jpeg 768w, https:\/\/morenoprimero.com.ar\/archivo\/wp-content\/uploads\/2020\/09\/WhatsApp-Image-2020-09-23-at-09.58.59.jpeg 1080w\" sizes=\"auto, (max-width: 500px) 100vw, 500px\" \/><\/figure>\n\n\n\n<p><strong>&nbsp; &nbsp;Por \u00faltimo, el nivel de ocupaci\u00f3n de camas de Unidad de Terapia Intensiva (UTI) en el Hospital Mariano y Luciano de la Vega se mantiene en un total de 11 camas con pacientes internados.<\/strong><\/p>\n","protected":false},"excerpt":{"rendered":"<p>Seg\u00fan el reporte epidemiol\u00f3gico, la mayor cantidad de casos se concentra en Moreno Norte y Trujui. El nivel de ocupaci\u00f3n de camas UTI se mantiene igual que la semana anterior. A partir del operativo DETECTAR se confirm\u00f3 538 positivos. Al &hellip; <a href=\"https:\/\/morenoprimero.com.ar\/archivo\/son-165-los-casos-positivos-confirmados-de-covid-19-en-moreno\/\">Sigue leyendo <span class=\"meta-nav\">&rarr;<\/span><\/a><\/p>\n","protected":false},"author":6,"featured_media":2910,"comment_status":"open","ping_status":"open","sticky":false,"template":"","format":"standard","meta":{"footnotes":""},"categories":[21,536],"tags":[26,6,568],"class_list":["post-2971","post","type-post","status-publish","format-standard","has-post-thumbnail","hentry","category-interes-general","category-salud","tag-coronavirus","tag-moreno","tag-reporte-covid-19"],"_links":{"self":[{"href":"https:\/\/morenoprimero.com.ar\/archivo\/wp-json\/wp\/v2\/posts\/2971","targetHints":{"allow":["GET"]}}],"collection":[{"href":"https:\/\/morenoprimero.com.ar\/archivo\/wp-json\/wp\/v2\/posts"}],"about":[{"href":"https:\/\/morenoprimero.com.ar\/archivo\/wp-json\/wp\/v2\/types\/post"}],"author":[{"embeddable":true,"href":"https:\/\/morenoprimero.com.ar\/archivo\/wp-json\/wp\/v2\/users\/6"}],"replies":[{"embeddable":true,"href":"https:\/\/morenoprimero.com.ar\/archivo\/wp-json\/wp\/v2\/comments?post=2971"}],"version-history":[{"count":4,"href":"https:\/\/morenoprimero.com.ar\/archivo\/wp-json\/wp\/v2\/posts\/2971\/revisions"}],"predecessor-version":[{"id":2982,"href":"https:\/\/morenoprimero.com.ar\/archivo\/wp-json\/wp\/v2\/posts\/2971\/revisions\/2982"}],"wp:featuredmedia":[{"embeddable":true,"href":"https:\/\/morenoprimero.com.ar\/archivo\/wp-json\/wp\/v2\/media\/2910"}],"wp:attachment":[{"href":"https:\/\/morenoprimero.com.ar\/archivo\/wp-json\/wp\/v2\/media?parent=2971"}],"wp:term":[{"taxonomy":"category","embeddable":true,"href":"https:\/\/morenoprimero.com.ar\/archivo\/wp-json\/wp\/v2\/categories?post=2971"},{"taxonomy":"post_tag","embeddable":true,"href":"https:\/\/morenoprimero.com.ar\/archivo\/wp-json\/wp\/v2\/tags?post=2971"}],"curies":[{"name":"wp","href":"https:\/\/api.w.org\/{rel}","templated":true}]}}