{"id":29681,"date":"2022-07-01T14:48:02","date_gmt":"2022-07-01T17:48:02","guid":{"rendered":"https:\/\/morenoprimero.com.ar\/?p=29681"},"modified":"2022-07-01T14:48:03","modified_gmt":"2022-07-01T17:48:03","slug":"torneo-evita-este-fin-de-semana-es-la-final-de-la-liga-municipal-mas-importante-del-pais","status":"publish","type":"post","link":"https:\/\/morenoprimero.com.ar\/archivo\/torneo-evita-este-fin-de-semana-es-la-final-de-la-liga-municipal-mas-importante-del-pais\/","title":{"rendered":"Torneo Evita: este fin de semana es la final de la Liga municipal m\u00e1s importante del pa\u00eds\u00a0"},"content":{"rendered":"\n<h5 class=\"wp-block-heading\">Si bien ya era la liga m\u00e1s importante de la provincia, este a\u00f1o alcanz\u00f3 los 46 clubes y&nbsp;se convirti\u00f3 en la m\u00e1s importante del pa\u00eds al contar con alrededor de 18 mil jugadores. De cara a la gran final del torneo apertura, el director de Torneo Evita, Claudio Paz, expres\u00f3 su alegr\u00eda por los logros alcanzados&nbsp;y por ver el constante progreso de los clubes. La semana que viene comienza el Torneo Clausura. &nbsp;<\/h5>\n\n\n\n<p>El 12 de marzo, la intendenta Mariel Fern\u00e1ndez inaugur\u00f3 el Campeonato 2022 y la nueva sede del Torneo Evita, junto al concejal Gonzalo Galeano; el director del torneo, Claudio Paz; el Secretario de Cultura, Educaci\u00f3n y Deportes, Roberto del Regno; y la subsecretaria de deportes Carolina Arturi. Con motivo de la inauguraci\u00f3n, los 46 Clubes que participan del torneo, desfilaron y lucieron sus camisetas y banderas.&nbsp;<\/p>\n\n\n\n<p>En su momento, la intendenta invit\u00f3 a&nbsp;<strong>\u201cque se sumen todos los clubes de Moreno\u201d y agreg\u00f3 \u201cporque<\/strong>&nbsp;<strong>este Municipio, esta Intendenta va a acompa\u00f1ar a los clubes, porque tienen un rol fundamental que es construir comunidad, unir la familia, hacer amistad, compa\u00f1erismo y eso no es un gasto para m\u00ed, es una inversi\u00f3n. La felicidad de nuestro pueblo de ninguna manera es un gasto\u201d.<\/strong>&nbsp;<\/p>\n\n\n\n<p>Dos d\u00edas m\u00e1s tarde, el 14 de marzo, Gonzalo Galeano y Claudio Paz, junto a todo su equipo, se reunieron con los clubes que participan de la Liga y realizaron el sorteo de cada zona. Finalmente el 19 de marzo de comenz\u00f3 el Torneo Apertura. &nbsp;<\/p>\n\n\n\n<p>El pr\u00f3ximo fin de semana se disputa la gran final y desde Moreno Primero nos comunicamos con el director del Torneo Evita, <strong>Claudio Paz,<\/strong> quien detall\u00f3, en primer lugar, los objetivos propuestos para este primer semestre del a\u00f1o, los cuales fueron alcanzados. &nbsp;<\/p>\n\n\n\n<p><strong>\u201cUno de los objetivos&nbsp;hab\u00eda sido por arrancar el d\u00eda estipulado, cosa que en a\u00f1os anteriores no se hab\u00eda logrado y era un reclamo de los clubes. Este a\u00f1o dijimos que iba a ser el 19 de marzo y lo pudimos cumplir. Despu\u00e9s le prometimos la conectividad gratis a todos los clubes, a trav\u00e9s de conexi\u00f3n WiFi, y lo pudimos cumplir. Tambi\u00e9n le prometimos Kits deportivos y fueron entregados, como as\u00ed tambi\u00e9n realizamos 18460 carnet de jugadores en el torneo\u201d. <\/strong>&nbsp;<\/p>\n\n\n\n<figure class=\"wp-block-image size-large\"><a href=\"https:\/\/morenoprimero.com.ar\/wp-content\/uploads\/2022\/07\/Claudio-Paz.jpg\"><img loading=\"lazy\" decoding=\"async\" width=\"461\" height=\"1024\" src=\"https:\/\/morenoprimero.com.ar\/wp-content\/uploads\/2022\/07\/Claudio-Paz-461x1024.jpg\" alt=\"\" class=\"wp-image-29687\" srcset=\"https:\/\/morenoprimero.com.ar\/archivo\/wp-content\/uploads\/2022\/07\/Claudio-Paz-461x1024.jpg 461w, https:\/\/morenoprimero.com.ar\/archivo\/wp-content\/uploads\/2022\/07\/Claudio-Paz-135x300.jpg 135w, https:\/\/morenoprimero.com.ar\/archivo\/wp-content\/uploads\/2022\/07\/Claudio-Paz.jpg 576w\" sizes=\"auto, (max-width: 461px) 100vw, 461px\" \/><\/a><\/figure>\n\n\n\n<p>Al principio del torneo se renov\u00f3 la ilusi\u00f3n de los 46 clubes que participan, y en el transcurso de los meses, esa ilusi\u00f3n se fue materializando, en cada progreso obtenido por cada uno de ellos. As\u00ed lo indica el director del torneo, quien destaca:&nbsp;\u201c<strong>obviamente los clubes est\u00e1n muy contentos, est\u00e1n teniendo su rentabilidad que hace muchos a\u00f1os no vienen teniendo y es un progreso muy grande el de todos los clubes que, sin duda, ya se est\u00e1 viendo<\/strong>\u201d, y es as\u00ed como \u201ctodos los clubes ya se lo hacen saber al compa\u00f1ero Gonzalo Galeano, nos van informando y nosotros <strong>recorremos todos los clubes para verlo, y nos pone muy contentos a nosotros tambi\u00e9n porque es la l\u00ednea que nosotros quer\u00edamos que sigan, y nos indica que vamos por buen camino<\/strong>\u201d.&nbsp;<\/p>\n\n\n\n<p>Claudio ejemplifica con los beneficios que brinda el torneo, \u201cSi jugas cuatro partidos al mes, los \u00e1rbitros te cobran 15 mil pesos por jornada, y estamos hablando de 60 mil pesos al mes, pero los clubes no los pagan en el torneo, y eso <strong>es un ahorro semana a semana que queda para los clubes, y eso se traduce en un progreso para cada uno, y comienzan a instalar el riego, el alamabrado, realizan sus ba\u00f1os, etc<\/strong>\u201d&nbsp;<\/p>\n\n\n\n<blockquote class=\"wp-block-quote is-layout-flow wp-block-quote-is-layout-flow\"><p><em>Gracias a los beneficios que le podemos brindar desde el torneo, muchos de los clubes siguen vivos, y muchos volvieron a abrir sus puertas y los chicos que estaban en la calle vuelven al club y a estar contenidos, a trav\u00e9s del f\u00fatbol o de distintas actividades que pueden hacer en los clubes<\/em>&nbsp;<\/p><\/blockquote>\n\n\n\n<p>Con todo, \u201clo m\u00e1s importante es que sigan existiendo los clubes, que sigan llevando a los chicos, que reciben una gran contenci\u00f3n\u201d expresa Claudio Paz, quien record\u00f3 que \u201cdurante la pandemia y por problemas econ\u00f3micos han cerrado muchos clubes y han dejado muchos chicos en la calle\u201d. Sin embargo, \u201cgracias a los beneficios que le podemos brindar desde el torneo, muchos de los clubes siguen vivos, y muchos volvieron a abrir sus puertas y los chicos que estaban en la calle vuelven al club y a estar contenidos, a trav\u00e9s del f\u00fatbol o de distintas actividades que pueden hacer en los clubes\u201d.&nbsp;<\/p>\n\n\n\n<p><strong>Camino a la gran final del Torneo Apertura, y comienzo del Clausura<\/strong>&nbsp;<\/p>\n\n\n\n<p>El Torneo Evita es pura alegr\u00eda en las \u00faltimas fechas, Claudio expresa la alegr\u00eda de los organizadores \u201cporque ya hicimos cuartos de final, donde hubo cuatro sedes por donde pasaron distintos clubes, y la semifinal\u201d y eso tambi\u00e9n \u201crepresenta un ingreso a trav\u00e9s del buffet, y ese dinero les queda a las sedes para poder invertir m\u00e1s a\u00fan en el club\u201d.&nbsp;<\/p>\n\n\n\n<p>El pr\u00f3ximo fin de semana es la gran final del Torneo Apertura. En la sede Marilo 93, se disputar\u00e1n 13 partidos, correspondientes a la cantidad de categor\u00edas que tiene el torneo, con un total de 20 equipos. <\/p>\n\n\n\n<figure class=\"wp-block-gallery has-nested-images columns-default is-cropped wp-block-gallery-1 is-layout-flex wp-block-gallery-is-layout-flex\">\n<figure class=\"wp-block-image size-large\"><a href=\"https:\/\/morenoprimero.com.ar\/wp-content\/uploads\/2022\/07\/torneo-Evita-portada.jpg\"><img loading=\"lazy\" decoding=\"async\" width=\"1024\" height=\"768\" data-id=\"29682\" src=\"https:\/\/morenoprimero.com.ar\/wp-content\/uploads\/2022\/07\/torneo-Evita-portada-1024x768.jpg\" alt=\"\" class=\"wp-image-29682\" srcset=\"https:\/\/morenoprimero.com.ar\/archivo\/wp-content\/uploads\/2022\/07\/torneo-Evita-portada-1024x768.jpg 1024w, https:\/\/morenoprimero.com.ar\/archivo\/wp-content\/uploads\/2022\/07\/torneo-Evita-portada-300x225.jpg 300w, https:\/\/morenoprimero.com.ar\/archivo\/wp-content\/uploads\/2022\/07\/torneo-Evita-portada-768x576.jpg 768w, https:\/\/morenoprimero.com.ar\/archivo\/wp-content\/uploads\/2022\/07\/torneo-Evita-portada.jpg 1080w\" sizes=\"auto, (max-width: 1024px) 100vw, 1024px\" \/><\/a><\/figure>\n\n\n\n<figure class=\"wp-block-image size-large\"><a href=\"https:\/\/morenoprimero.com.ar\/wp-content\/uploads\/2022\/07\/Torneo-Evita-3.jpg\"><img loading=\"lazy\" decoding=\"async\" width=\"1024\" height=\"684\" data-id=\"29685\" src=\"https:\/\/morenoprimero.com.ar\/wp-content\/uploads\/2022\/07\/Torneo-Evita-3-1024x684.jpg\" alt=\"\" class=\"wp-image-29685\" srcset=\"https:\/\/morenoprimero.com.ar\/archivo\/wp-content\/uploads\/2022\/07\/Torneo-Evita-3-1024x684.jpg 1024w, https:\/\/morenoprimero.com.ar\/archivo\/wp-content\/uploads\/2022\/07\/Torneo-Evita-3-300x200.jpg 300w, https:\/\/morenoprimero.com.ar\/archivo\/wp-content\/uploads\/2022\/07\/Torneo-Evita-3-768x513.jpg 768w, https:\/\/morenoprimero.com.ar\/archivo\/wp-content\/uploads\/2022\/07\/Torneo-Evita-3.jpg 1080w\" sizes=\"auto, (max-width: 1024px) 100vw, 1024px\" \/><\/a><\/figure>\n\n\n\n<figure class=\"wp-block-image size-large\"><a href=\"https:\/\/morenoprimero.com.ar\/wp-content\/uploads\/2022\/07\/Torneo-Evita.jpg\"><img loading=\"lazy\" decoding=\"async\" width=\"1024\" height=\"684\" data-id=\"29686\" src=\"https:\/\/morenoprimero.com.ar\/wp-content\/uploads\/2022\/07\/Torneo-Evita-1024x684.jpg\" alt=\"\" class=\"wp-image-29686\" srcset=\"https:\/\/morenoprimero.com.ar\/archivo\/wp-content\/uploads\/2022\/07\/Torneo-Evita-1024x684.jpg 1024w, https:\/\/morenoprimero.com.ar\/archivo\/wp-content\/uploads\/2022\/07\/Torneo-Evita-300x200.jpg 300w, https:\/\/morenoprimero.com.ar\/archivo\/wp-content\/uploads\/2022\/07\/Torneo-Evita-768x513.jpg 768w, https:\/\/morenoprimero.com.ar\/archivo\/wp-content\/uploads\/2022\/07\/Torneo-Evita.jpg 1080w\" sizes=\"auto, (max-width: 1024px) 100vw, 1024px\" \/><\/a><\/figure>\n\n\n\n<figure class=\"wp-block-image size-large\"><a href=\"https:\/\/morenoprimero.com.ar\/wp-content\/uploads\/2022\/07\/Torneo-Evita-1.jpg\"><img loading=\"lazy\" decoding=\"async\" width=\"1024\" height=\"576\" data-id=\"29683\" src=\"https:\/\/morenoprimero.com.ar\/wp-content\/uploads\/2022\/07\/Torneo-Evita-1-1024x576.jpg\" alt=\"\" class=\"wp-image-29683\" srcset=\"https:\/\/morenoprimero.com.ar\/archivo\/wp-content\/uploads\/2022\/07\/Torneo-Evita-1-1024x576.jpg 1024w, https:\/\/morenoprimero.com.ar\/archivo\/wp-content\/uploads\/2022\/07\/Torneo-Evita-1-300x169.jpg 300w, https:\/\/morenoprimero.com.ar\/archivo\/wp-content\/uploads\/2022\/07\/Torneo-Evita-1-768x432.jpg 768w, https:\/\/morenoprimero.com.ar\/archivo\/wp-content\/uploads\/2022\/07\/Torneo-Evita-1.jpg 1080w\" sizes=\"auto, (max-width: 1024px) 100vw, 1024px\" \/><\/a><\/figure>\n<\/figure>\n\n\n\n<p>\u201c<strong>El fin de semana va a haber un campe\u00f3n, el cual se va a enfrentar luego al campe\u00f3n del Clausura, y de ah\u00ed saldr\u00e1 el campe\u00f3n anual<\/strong>\u201d explic\u00f3 el director.&nbsp;<\/p>\n\n\n\n<p>Por \u00faltimo, anunci\u00f3 que \u201c<strong>el Torneo Clausura ya comienza el fin de semana siguiente a la final, el 9 de julio<\/strong>\u201d y detall\u00f3 que \u201cel pasado mi\u00e9rcoles 29 de junio ya comenzamos con los fichajes por zona, se presentaron 250 jugadores y esperamos 2 mil jugadores m\u00e1s para terminar el fichaje antes del comienzo del torneo\u201d.&nbsp;<\/p>\n","protected":false},"excerpt":{"rendered":"<p>Si bien ya era la liga m\u00e1s importante de la provincia, este a\u00f1o alcanz\u00f3 los 46 clubes y&nbsp;se convirti\u00f3 en la m\u00e1s importante del pa\u00eds al contar con alrededor de 18 mil jugadores. De cara a la gran final del &hellip; <a href=\"https:\/\/morenoprimero.com.ar\/archivo\/torneo-evita-este-fin-de-semana-es-la-final-de-la-liga-municipal-mas-importante-del-pais\/\">Sigue leyendo <span class=\"meta-nav\">&rarr;<\/span><\/a><\/p>\n","protected":false},"author":6,"featured_media":29684,"comment_status":"closed","ping_status":"closed","sticky":false,"template":"","format":"standard","meta":{"footnotes":""},"categories":[673,3],"tags":[3772,851,2715],"class_list":["post-29681","post","type-post","status-publish","format-standard","has-post-thumbnail","hentry","category-deporte","category-importantes","tag-claudio-paz","tag-deportes-2","tag-torneo-evita"],"_links":{"self":[{"href":"https:\/\/morenoprimero.com.ar\/archivo\/wp-json\/wp\/v2\/posts\/29681","targetHints":{"allow":["GET"]}}],"collection":[{"href":"https:\/\/morenoprimero.com.ar\/archivo\/wp-json\/wp\/v2\/posts"}],"about":[{"href":"https:\/\/morenoprimero.com.ar\/archivo\/wp-json\/wp\/v2\/types\/post"}],"author":[{"embeddable":true,"href":"https:\/\/morenoprimero.com.ar\/archivo\/wp-json\/wp\/v2\/users\/6"}],"replies":[{"embeddable":true,"href":"https:\/\/morenoprimero.com.ar\/archivo\/wp-json\/wp\/v2\/comments?post=29681"}],"version-history":[{"count":6,"href":"https:\/\/morenoprimero.com.ar\/archivo\/wp-json\/wp\/v2\/posts\/29681\/revisions"}],"predecessor-version":[{"id":29709,"href":"https:\/\/morenoprimero.com.ar\/archivo\/wp-json\/wp\/v2\/posts\/29681\/revisions\/29709"}],"wp:featuredmedia":[{"embeddable":true,"href":"https:\/\/morenoprimero.com.ar\/archivo\/wp-json\/wp\/v2\/media\/29684"}],"wp:attachment":[{"href":"https:\/\/morenoprimero.com.ar\/archivo\/wp-json\/wp\/v2\/media?parent=29681"}],"wp:term":[{"taxonomy":"category","embeddable":true,"href":"https:\/\/morenoprimero.com.ar\/archivo\/wp-json\/wp\/v2\/categories?post=29681"},{"taxonomy":"post_tag","embeddable":true,"href":"https:\/\/morenoprimero.com.ar\/archivo\/wp-json\/wp\/v2\/tags?post=29681"}],"curies":[{"name":"wp","href":"https:\/\/api.w.org\/{rel}","templated":true}]}}