{"id":29670,"date":"2022-07-01T12:51:59","date_gmt":"2022-07-01T15:51:59","guid":{"rendered":"https:\/\/morenoprimero.com.ar\/?p=29670"},"modified":"2022-07-01T12:51:59","modified_gmt":"2022-07-01T15:51:59","slug":"durante-el-mes-de-julio-se-llevara-adelante-la-campana-de-salud-no-mas-cataratas","status":"publish","type":"post","link":"https:\/\/morenoprimero.com.ar\/archivo\/durante-el-mes-de-julio-se-llevara-adelante-la-campana-de-salud-no-mas-cataratas\/","title":{"rendered":"Durante el mes de julio se llevar\u00e1 adelante la campa\u00f1a de salud \u00abNo m\u00e1s cataratas\u00bb"},"content":{"rendered":"\n<p>El Municipio de Moreno, a trav\u00e9s de la Secretar\u00eda de Salud y Ambiente, dar\u00e1 inicio a la campa\u00f1a que se propone atender a un promedio de dos mil personas con problemas visuales, con el fin de restituir la visi\u00f3n y tratar de Cataratas a las y los vecinos. Destinada a mayores de 60 a\u00f1os que presenten alguna discapacidad visual, sin obra social o que cuenten con las coberturas brindadas por el Estado Nacional: PROFE, EX PROFE, Programa Federal Incluir Salud.<\/p>\n\n\n\n<p>La campa\u00f1a inicia los d\u00edas 4 y 5 de julio, de 10 a 15 horas, al Instituto Oftalmol\u00f3gico Taboada ubicado en Moreno Centro; y continuar\u00e1 los d\u00edas 6 y 7, tambi\u00e9n de 10 a 15 horas, en CIC La Bibiana, que se encuentra en O\u00b4Brien 2989, Trujui. En ninguno de los dos centros de control se requiere de turno previo, solo asistir en los horarios atenci\u00f3n mencionados.<\/p>\n\n\n\n<p>La campa\u00f1a se realiza junto a la fundaci\u00f3n Elena Barraquer, que propicia un equipo de m\u00e9dicas y m\u00e9dicos oftalm\u00f3logos especializados en el tema para poder brindar una oferta a los vecinos y vecinas de Moreno que no tengan cobertura social y que quieran acceder a una cirug\u00eda reparadora de cataratas.<\/p>\n\n\n<div class=\"wp-block-image\">\n<figure class=\"aligncenter size-full\"><a href=\"https:\/\/morenoprimero.com.ar\/wp-content\/uploads\/2022\/06\/WhatsApp-Image-2022-06-30-at-1.21.41-PM.jpeg\"><img loading=\"lazy\" decoding=\"async\" width=\"526\" height=\"526\" src=\"https:\/\/morenoprimero.com.ar\/wp-content\/uploads\/2022\/06\/WhatsApp-Image-2022-06-30-at-1.21.41-PM.jpeg\" alt=\"\" class=\"wp-image-29672\" srcset=\"https:\/\/morenoprimero.com.ar\/archivo\/wp-content\/uploads\/2022\/06\/WhatsApp-Image-2022-06-30-at-1.21.41-PM.jpeg 526w, https:\/\/morenoprimero.com.ar\/archivo\/wp-content\/uploads\/2022\/06\/WhatsApp-Image-2022-06-30-at-1.21.41-PM-300x300.jpeg 300w, https:\/\/morenoprimero.com.ar\/archivo\/wp-content\/uploads\/2022\/06\/WhatsApp-Image-2022-06-30-at-1.21.41-PM-150x150.jpeg 150w\" sizes=\"auto, (max-width: 526px) 100vw, 526px\" \/><\/a><\/figure>\n<\/div>\n\n\n<p>Las jornadas ser\u00e1n de detecci\u00f3n en principio y, a partir de \u00e9stas, se programar\u00e1 al mes siguiente la operaci\u00f3n correspondiente que dura aproximadamente treinta minutos. Se estima que la campa\u00f1a contar\u00e1 con alrededor de quinientas personas, de un total de dos mil, que requerir\u00e1n de intervenci\u00f3n quir\u00fargica. Dicha intervenci\u00f3n ser\u00e1 gratuita y se llevar\u00e1 adelante en el hospital municipal \u201cMariano y Luciano De La Vega\u201d.<\/p>\n\n\n\n<p>De esta forma, el gobierno local busca prevenir la ceguera que es una de las causas de disminuci\u00f3n visual m\u00e1s frecuente en la poblaci\u00f3n y sobre todo en la poblaci\u00f3n mayor de 60 a\u00f1os.<\/p>\n","protected":false},"excerpt":{"rendered":"<p>El Municipio de Moreno, a trav\u00e9s de la Secretar\u00eda de Salud y Ambiente, dar\u00e1 inicio a la campa\u00f1a que se propone atender a un promedio de dos mil personas con problemas visuales, con el fin de restituir la visi\u00f3n y &hellip; <a href=\"https:\/\/morenoprimero.com.ar\/archivo\/durante-el-mes-de-julio-se-llevara-adelante-la-campana-de-salud-no-mas-cataratas\/\">Sigue leyendo <span class=\"meta-nav\">&rarr;<\/span><\/a><\/p>\n","protected":false},"author":6,"featured_media":29671,"comment_status":"closed","ping_status":"closed","sticky":false,"template":"","format":"standard","meta":{"footnotes":""},"categories":[21],"tags":[6],"class_list":["post-29670","post","type-post","status-publish","format-standard","has-post-thumbnail","hentry","category-interes-general","tag-moreno"],"_links":{"self":[{"href":"https:\/\/morenoprimero.com.ar\/archivo\/wp-json\/wp\/v2\/posts\/29670","targetHints":{"allow":["GET"]}}],"collection":[{"href":"https:\/\/morenoprimero.com.ar\/archivo\/wp-json\/wp\/v2\/posts"}],"about":[{"href":"https:\/\/morenoprimero.com.ar\/archivo\/wp-json\/wp\/v2\/types\/post"}],"author":[{"embeddable":true,"href":"https:\/\/morenoprimero.com.ar\/archivo\/wp-json\/wp\/v2\/users\/6"}],"replies":[{"embeddable":true,"href":"https:\/\/morenoprimero.com.ar\/archivo\/wp-json\/wp\/v2\/comments?post=29670"}],"version-history":[{"count":1,"href":"https:\/\/morenoprimero.com.ar\/archivo\/wp-json\/wp\/v2\/posts\/29670\/revisions"}],"predecessor-version":[{"id":29673,"href":"https:\/\/morenoprimero.com.ar\/archivo\/wp-json\/wp\/v2\/posts\/29670\/revisions\/29673"}],"wp:featuredmedia":[{"embeddable":true,"href":"https:\/\/morenoprimero.com.ar\/archivo\/wp-json\/wp\/v2\/media\/29671"}],"wp:attachment":[{"href":"https:\/\/morenoprimero.com.ar\/archivo\/wp-json\/wp\/v2\/media?parent=29670"}],"wp:term":[{"taxonomy":"category","embeddable":true,"href":"https:\/\/morenoprimero.com.ar\/archivo\/wp-json\/wp\/v2\/categories?post=29670"},{"taxonomy":"post_tag","embeddable":true,"href":"https:\/\/morenoprimero.com.ar\/archivo\/wp-json\/wp\/v2\/tags?post=29670"}],"curies":[{"name":"wp","href":"https:\/\/api.w.org\/{rel}","templated":true}]}}