{"id":29667,"date":"2022-07-01T10:49:58","date_gmt":"2022-07-01T13:49:58","guid":{"rendered":"https:\/\/morenoprimero.com.ar\/?p=29667"},"modified":"2022-07-01T10:49:58","modified_gmt":"2022-07-01T13:49:58","slug":"moreno-se-construira-una-casa-de-dia-para-jovenes","status":"publish","type":"post","link":"https:\/\/morenoprimero.com.ar\/archivo\/moreno-se-construira-una-casa-de-dia-para-jovenes\/","title":{"rendered":"Moreno: se construir\u00e1 una Casa de D\u00eda para J\u00f3venes"},"content":{"rendered":"\n<p>Se trata de un espacio de tratamiento ambulatorio, inclusivo, accesible y de puertas abiertas, que trabajar\u00e1 desde un abordaje integral en la atenci\u00f3n y el cuidado de las y los j\u00f3venes que atraviesan situaciones de consumo_<\/p>\n\n\n\n<p>Durante un encuentro en Almirante Brown, el ministro de Obras P\u00fablicas, Gabriel Katopodis, y la secretaria de SEDRoNAR, Gabriela Torres, firmaron nuevos convenios para el financiamiento de 10 Casas de D\u00eda para J\u00f3venes, que tienen como objetivo trabajar en la prevenci\u00f3n y la atenci\u00f3n de las juventudes que atraviesan consumos de sustancias. En representaci\u00f3n del Municipio de Moreno particip\u00f3 la subsecretaria de Casa Pueblo, Mariana Araoz.<\/p>\n\n\n\n<p>Las Casas de D\u00eda ser\u00e1n espacios intermedios de tratamiento ambulatorio, inclusivos, accesibles y de puertas abiertas, que trabajar\u00e1n desde un abordaje integral en la atenci\u00f3n y el cuidado de las y los j\u00f3venes con consumos problem\u00e1ticos. Contar\u00e1n con equipos profesionales interdisciplinarios, y operadoras y operadores comunitarios que acompa\u00f1ar\u00e1n a las personas en el cuidado de su salud f\u00edsica y mental, en el fortalecimiento de sus v\u00ednculos afectivos y sus trayectorias educativas y laborales.<\/p>\n\n\n\n<p>El espacio permitir\u00e1 asistir, mensualmente, entre 100 y 200 j\u00f3venes de entre 15 y 29 a\u00f1os, tanto en tratamientos ambulatorios como en sus centros de d\u00eda. A su vez, las Casas se sumar\u00e1n a la Red Federal SEDRONAR, que se articula con provincias y municipios, y ya cuenta con m\u00e1s de 600 dispositivos en todo el pa\u00eds.<\/p>\n\n\n\n<p>El Ministerio tiene a su cargo el financiamiento de las Casas, mientras que la SEDRONAR pondr\u00e1 a disposici\u00f3n los recursos humanos, incluyendo los equipos profesionales que brindar\u00e1n atenci\u00f3n en cada lugar. Asimismo, la provincia o municipio ser\u00e1 responsable de la construcci\u00f3n, la gesti\u00f3n y el mantenimiento de cada centro.<\/p>\n\n\n\n<p>En una primera etapa, se avanza con los proyectos de 14 Casas por una inversi\u00f3n estimada de $733 millones en total que se ubican en ciudades de 5 provincias: Moreno, Almirante Brown, Ensenada, General Rodr\u00edguez, Lomas de Zamora, Mercedes, Mor\u00f3n, General San Mart\u00edn, Tres de Febrero y San Vicente, en Buenos Aires; Puerto Madryn, en Chubut; Santa Rosa, en La Pampa; Ciudad de Neuqu\u00e9n, en Neuqu\u00e9n; y San Miguel de Tucum\u00e1n, en Tucum\u00e1n.<\/p>\n\n\n\n<p>\u201cEstos nuevos convenios que celebramos hoy con SEDRONAR son un paso m\u00e1s que damos como Estado para que las pol\u00edticas p\u00fablicas toquen la vida de cada piba y cada pibe\u201d, afirm\u00f3 Katopodis.<\/p>\n\n\n\n<p>Y agreg\u00f3: Debemos encontrar, todos los d\u00edas, una manera de mejorar las respuestas y la intervenci\u00f3n de estas problem\u00e1ticas en los barrios, potenciando lo que hace cada intendente en su comunidad. En nuestro modelo de pa\u00eds no hay destino sin una apuesta clara y tangible para las y los j\u00f3venes\u201d.<\/p>\n\n\n\n<p>Esta iniciativa forma parte del Programa Infraestructura del Cuidado del Ministerio de Obras P\u00fablicas de la Naci\u00f3n, que se propone ampliar y fortalecer los servicios existentes en las \u00e1reas de cuidado, con foco en la salud, los g\u00e9neros, la ni\u00f1ez, las juventudes y las personas mayores.<\/p>\n","protected":false},"excerpt":{"rendered":"<p>Se trata de un espacio de tratamiento ambulatorio, inclusivo, accesible y de puertas abiertas, que trabajar\u00e1 desde un abordaje integral en la atenci\u00f3n y el cuidado de las y los j\u00f3venes que atraviesan situaciones de consumo_ Durante un encuentro en &hellip; <a href=\"https:\/\/morenoprimero.com.ar\/archivo\/moreno-se-construira-una-casa-de-dia-para-jovenes\/\">Sigue leyendo <span class=\"meta-nav\">&rarr;<\/span><\/a><\/p>\n","protected":false},"author":6,"featured_media":29668,"comment_status":"closed","ping_status":"closed","sticky":false,"template":"","format":"standard","meta":{"footnotes":""},"categories":[2328],"tags":[],"class_list":["post-29667","post","type-post","status-publish","format-standard","has-post-thumbnail","hentry","category-local"],"_links":{"self":[{"href":"https:\/\/morenoprimero.com.ar\/archivo\/wp-json\/wp\/v2\/posts\/29667","targetHints":{"allow":["GET"]}}],"collection":[{"href":"https:\/\/morenoprimero.com.ar\/archivo\/wp-json\/wp\/v2\/posts"}],"about":[{"href":"https:\/\/morenoprimero.com.ar\/archivo\/wp-json\/wp\/v2\/types\/post"}],"author":[{"embeddable":true,"href":"https:\/\/morenoprimero.com.ar\/archivo\/wp-json\/wp\/v2\/users\/6"}],"replies":[{"embeddable":true,"href":"https:\/\/morenoprimero.com.ar\/archivo\/wp-json\/wp\/v2\/comments?post=29667"}],"version-history":[{"count":1,"href":"https:\/\/morenoprimero.com.ar\/archivo\/wp-json\/wp\/v2\/posts\/29667\/revisions"}],"predecessor-version":[{"id":29669,"href":"https:\/\/morenoprimero.com.ar\/archivo\/wp-json\/wp\/v2\/posts\/29667\/revisions\/29669"}],"wp:featuredmedia":[{"embeddable":true,"href":"https:\/\/morenoprimero.com.ar\/archivo\/wp-json\/wp\/v2\/media\/29668"}],"wp:attachment":[{"href":"https:\/\/morenoprimero.com.ar\/archivo\/wp-json\/wp\/v2\/media?parent=29667"}],"wp:term":[{"taxonomy":"category","embeddable":true,"href":"https:\/\/morenoprimero.com.ar\/archivo\/wp-json\/wp\/v2\/categories?post=29667"},{"taxonomy":"post_tag","embeddable":true,"href":"https:\/\/morenoprimero.com.ar\/archivo\/wp-json\/wp\/v2\/tags?post=29667"}],"curies":[{"name":"wp","href":"https:\/\/api.w.org\/{rel}","templated":true}]}}