{"id":29661,"date":"2022-06-30T18:45:39","date_gmt":"2022-06-30T21:45:39","guid":{"rendered":"https:\/\/morenoprimero.com.ar\/?p=29661"},"modified":"2022-06-30T18:45:39","modified_gmt":"2022-06-30T21:45:39","slug":"mariel-fernandez-celebro-el-mes-del-orgullo-en-la-jornada-orgulloses-y-visibles","status":"publish","type":"post","link":"https:\/\/morenoprimero.com.ar\/archivo\/mariel-fernandez-celebro-el-mes-del-orgullo-en-la-jornada-orgulloses-y-visibles\/","title":{"rendered":"Mariel Fern\u00e1ndez celebr\u00f3 el Mes del Orgullo en la jornada \u00abOrgulloses y visibles\u00bb"},"content":{"rendered":"\n<p>En el marco de los diez a\u00f1os de la Ley de Identidad de G\u00e9nero y los dos a\u00f1os del consultorio LGBTIQ+ en el Polo Sanitario Municipal de Moreno, distintos referentes y referentas se reunieron para reivindicar la conquista de derechos de las personas disidentes<\/p>\n\n\n\n<p>El Municipio de Moreno, a trav\u00e9s de la Secretar\u00eda de Salud, llev\u00f3 adelante la jornada \u201cOrgulloses y visibles\u201d que inici\u00f3 a las 10 horas, y cont\u00f3 con la presencia de los Puntos Violetas, puesto de salud para el testeo de VIH, conversatorio con referentes de la diversidad, feria y pintadas.<\/p>\n\n\n\n<p>La intendenta Mariel Fern\u00e1ndez particip\u00f3 del cierre de la jornada junto a la secretaria de Salud y Ambiente, Anal\u00eda Caba\u00f1a; la directora de Diversidad de la Secretar\u00eda de Mujeres, G\u00e9neros y Diversidades, Nancy Sena; el equipo que conforma el programa de atenci\u00f3n e integraci\u00f3n a las personas disidentes, otras autoridades municipales y vecinas y vecinos.<\/p>\n\n\n\n<p>\u00abHoy ac\u00e1 celebramos tambi\u00e9n que tenemos una gesti\u00f3n que nos acompa\u00f1a, tenemos la primer intendenta mujer de Moreno que ve la necesidad de las compa\u00f1eras, compa\u00f1eros y compa\u00f1eres. Nos da la posibilidad de tener trabajo digno, registrado y de hacer que se cumpla en Moreno la Ley de cupo e inclusi\u00f3n laboral travesti trans. Festejamos que el Municipio de Moreno tiene a 14 personas travestis trans trabajando\u00bb, comparti\u00f3 Nancy Sena.<\/p>\n\n\n\n<figure class=\"wp-block-gallery has-nested-images columns-default is-cropped wp-block-gallery-1 is-layout-flex wp-block-gallery-is-layout-flex\">\n<figure class=\"wp-block-image size-large\"><a href=\"https:\/\/morenoprimero.com.ar\/wp-content\/uploads\/2022\/06\/WhatsApp-Image-2022-06-30-at-6.05.38-PM.jpeg\"><img loading=\"lazy\" decoding=\"async\" width=\"1024\" height=\"682\" data-id=\"29663\" src=\"https:\/\/morenoprimero.com.ar\/wp-content\/uploads\/2022\/06\/WhatsApp-Image-2022-06-30-at-6.05.38-PM.jpeg\" alt=\"\" class=\"wp-image-29663\" srcset=\"https:\/\/morenoprimero.com.ar\/archivo\/wp-content\/uploads\/2022\/06\/WhatsApp-Image-2022-06-30-at-6.05.38-PM.jpeg 1024w, https:\/\/morenoprimero.com.ar\/archivo\/wp-content\/uploads\/2022\/06\/WhatsApp-Image-2022-06-30-at-6.05.38-PM-300x200.jpeg 300w, https:\/\/morenoprimero.com.ar\/archivo\/wp-content\/uploads\/2022\/06\/WhatsApp-Image-2022-06-30-at-6.05.38-PM-768x512.jpeg 768w\" sizes=\"auto, (max-width: 1024px) 100vw, 1024px\" \/><\/a><\/figure>\n\n\n\n<figure class=\"wp-block-image size-large\"><a href=\"https:\/\/morenoprimero.com.ar\/wp-content\/uploads\/2022\/06\/WhatsApp-Image-2022-06-30-at-6.05.40-PM-1.jpeg\"><img loading=\"lazy\" decoding=\"async\" width=\"1024\" height=\"682\" data-id=\"29664\" src=\"https:\/\/morenoprimero.com.ar\/wp-content\/uploads\/2022\/06\/WhatsApp-Image-2022-06-30-at-6.05.40-PM-1.jpeg\" alt=\"\" class=\"wp-image-29664\" srcset=\"https:\/\/morenoprimero.com.ar\/archivo\/wp-content\/uploads\/2022\/06\/WhatsApp-Image-2022-06-30-at-6.05.40-PM-1.jpeg 1024w, https:\/\/morenoprimero.com.ar\/archivo\/wp-content\/uploads\/2022\/06\/WhatsApp-Image-2022-06-30-at-6.05.40-PM-1-300x200.jpeg 300w, https:\/\/morenoprimero.com.ar\/archivo\/wp-content\/uploads\/2022\/06\/WhatsApp-Image-2022-06-30-at-6.05.40-PM-1-768x512.jpeg 768w\" sizes=\"auto, (max-width: 1024px) 100vw, 1024px\" \/><\/a><\/figure>\n\n\n\n<figure class=\"wp-block-image size-large\"><a href=\"https:\/\/morenoprimero.com.ar\/wp-content\/uploads\/2022\/06\/WhatsApp-Image-2022-06-30-at-6.05.40-PM.jpeg\"><img loading=\"lazy\" decoding=\"async\" width=\"1024\" height=\"682\" data-id=\"29665\" src=\"https:\/\/morenoprimero.com.ar\/wp-content\/uploads\/2022\/06\/WhatsApp-Image-2022-06-30-at-6.05.40-PM.jpeg\" alt=\"\" class=\"wp-image-29665\" srcset=\"https:\/\/morenoprimero.com.ar\/archivo\/wp-content\/uploads\/2022\/06\/WhatsApp-Image-2022-06-30-at-6.05.40-PM.jpeg 1024w, https:\/\/morenoprimero.com.ar\/archivo\/wp-content\/uploads\/2022\/06\/WhatsApp-Image-2022-06-30-at-6.05.40-PM-300x200.jpeg 300w, https:\/\/morenoprimero.com.ar\/archivo\/wp-content\/uploads\/2022\/06\/WhatsApp-Image-2022-06-30-at-6.05.40-PM-768x512.jpeg 768w\" sizes=\"auto, (max-width: 1024px) 100vw, 1024px\" \/><\/a><\/figure>\n<\/figure>\n\n\n\n<p>Adem\u00e1s, al finalizar se coloc\u00f3 una placa en conmemoraci\u00f3n a Perla Carrizo, una compa\u00f1era y trabajadora municipal fallecida en el 2021, que durante muchos a\u00f1os trabaj\u00f3 con dedicaci\u00f3n y compromiso.<\/p>\n\n\n\n<p>\u201cMe da mucho orgullo que estemos desarrollando esta pol\u00edtica municipal, donde todas las personas puedan encontrar su lugar y ser acompa\u00f1adas en la b\u00fasqueda de su identidad, as\u00ed como tambi\u00e9n acompa\u00f1amos a las familias porque es importante tener una mirada integral y las mejores condiciones posibles para hacerlo\u201d, expres\u00f3 la intendenta Mariel Fern\u00e1ndez.<\/p>\n\n\n\n<p>Por su parte, Gabriela Cantero, jefa del Programa de Salud Sexual, asegur\u00f3: \u00abRemarcamos hoy la importancia de poder contar con este consultorio, en el que estamos atendiendo a casi 400 pacientes. Sabemos que esto no es lo mas com\u00fan, porque las personas del colectivo no suelen acercarse a unidades sanitarias porque hist\u00f3ricamente han sido expulsades. Por eso celebramos estos dos a\u00f1os del consultorio al servicio de la comunidad\u00bb<\/p>\n\n\n\n<p>\u201cEste es un municipio donde el disfrute es importante. Adem\u00e1s de esta propuesta que tiene que ver con la identidad y la salud p\u00fablica, las y los invito a que disfruten de este municipio y de todas las propuestas tur\u00edsticas y culturales que vamos proponiendo. Somos una gesti\u00f3n que se apoya mucho en su comunidad, entre todas y todos construimos este Moreno que queremos tanto\u201d, enfatiz\u00f3 la jefa comunal.<\/p>\n","protected":false},"excerpt":{"rendered":"<p>En el marco de los diez a\u00f1os de la Ley de Identidad de G\u00e9nero y los dos a\u00f1os del consultorio LGBTIQ+ en el Polo Sanitario Municipal de Moreno, distintos referentes y referentas se reunieron para reivindicar la conquista de derechos &hellip; <a href=\"https:\/\/morenoprimero.com.ar\/archivo\/mariel-fernandez-celebro-el-mes-del-orgullo-en-la-jornada-orgulloses-y-visibles\/\">Sigue leyendo <span class=\"meta-nav\">&rarr;<\/span><\/a><\/p>\n","protected":false},"author":6,"featured_media":29662,"comment_status":"closed","ping_status":"closed","sticky":false,"template":"","format":"standard","meta":{"footnotes":""},"categories":[2331],"tags":[],"class_list":["post-29661","post","type-post","status-publish","format-standard","has-post-thumbnail","hentry","category-genero"],"_links":{"self":[{"href":"https:\/\/morenoprimero.com.ar\/archivo\/wp-json\/wp\/v2\/posts\/29661","targetHints":{"allow":["GET"]}}],"collection":[{"href":"https:\/\/morenoprimero.com.ar\/archivo\/wp-json\/wp\/v2\/posts"}],"about":[{"href":"https:\/\/morenoprimero.com.ar\/archivo\/wp-json\/wp\/v2\/types\/post"}],"author":[{"embeddable":true,"href":"https:\/\/morenoprimero.com.ar\/archivo\/wp-json\/wp\/v2\/users\/6"}],"replies":[{"embeddable":true,"href":"https:\/\/morenoprimero.com.ar\/archivo\/wp-json\/wp\/v2\/comments?post=29661"}],"version-history":[{"count":1,"href":"https:\/\/morenoprimero.com.ar\/archivo\/wp-json\/wp\/v2\/posts\/29661\/revisions"}],"predecessor-version":[{"id":29666,"href":"https:\/\/morenoprimero.com.ar\/archivo\/wp-json\/wp\/v2\/posts\/29661\/revisions\/29666"}],"wp:featuredmedia":[{"embeddable":true,"href":"https:\/\/morenoprimero.com.ar\/archivo\/wp-json\/wp\/v2\/media\/29662"}],"wp:attachment":[{"href":"https:\/\/morenoprimero.com.ar\/archivo\/wp-json\/wp\/v2\/media?parent=29661"}],"wp:term":[{"taxonomy":"category","embeddable":true,"href":"https:\/\/morenoprimero.com.ar\/archivo\/wp-json\/wp\/v2\/categories?post=29661"},{"taxonomy":"post_tag","embeddable":true,"href":"https:\/\/morenoprimero.com.ar\/archivo\/wp-json\/wp\/v2\/tags?post=29661"}],"curies":[{"name":"wp","href":"https:\/\/api.w.org\/{rel}","templated":true}]}}