{"id":29624,"date":"2022-06-30T10:23:42","date_gmt":"2022-06-30T13:23:42","guid":{"rendered":"https:\/\/morenoprimero.com.ar\/?p=29624"},"modified":"2022-06-30T10:27:04","modified_gmt":"2022-06-30T13:27:04","slug":"moreno-el-programa-amor-por-el-barrio-llega-a-puente-roca-trujui","status":"publish","type":"post","link":"https:\/\/morenoprimero.com.ar\/archivo\/moreno-el-programa-amor-por-el-barrio-llega-a-puente-roca-trujui\/","title":{"rendered":"Moreno: el programa \u201cAmor por el Barrio\u201d llega a Puente Roca, Trujui"},"content":{"rendered":"\n<p>Este jueves 30 de junio llega el operativo \u201cAmor por el Barrio\u201d en Puente Roca, Trujui, de 11 a 15 horas, ubicado en la Avenida N\u00e9stor Kirchner y Quilmes. En la jornada se encontrar\u00e1n presentes m\u00faltiples \u00e1reas municipales, provinciales y nacionales brindando informaci\u00f3n.<\/p>\n\n\n\n<p>El programa \u201cAmor por el Barrio\u201d acerca asesoramiento, acompa\u00f1amiento y distintos servicios a las y los vecinos de Moreno. Tiene como objetivo acerca el Municipio de Moreno a cada barrio.<\/p>\n\n\n\n<p>Algunos de los organismos municipales que estar\u00e1n presentes asistiendo las necesidades, desde tr\u00e1mites o asesoramiento, de las vecinas y vecinos de Trujui son:<\/p>\n\n\n\n<p>La Secretar\u00eda de Energ\u00eda, para la inscripci\u00f3n a la Tarifa Social de Luz y Gas, y la inscripci\u00f3n al Programa Hogar. Como tambi\u00e9n, la Secretar\u00eda de Econom\u00eda, que brinda asesoramiento por Tasas de Servicios generales. &nbsp;<\/p>\n\n\n\n<p>La subsecretar\u00eda Casa Pueblo, que depende de la Secretar\u00eda de Desarrollo Comunitario estar\u00e1 presente a trav\u00e9s de la difusi\u00f3n, concientizaci\u00f3n y asesoramiento sobre los consumos problem\u00e1ticos, en continuaci\u00f3n al programa \u201cSemana No a la Droga\u201d, una propuesta llevada a cabo por dicha subsecretar\u00eda como recurso de asistencia y acompa\u00f1amiento a aquellos vecinos y vecinas de Moreno que est\u00e1n en situaci\u00f3n de adicci\u00f3n. A su vez, estar\u00e1 presente la atenci\u00f3n de trabajadoras sociales, como la presencia de la Direcci\u00f3n General de Integraci\u00f3n Social para Adultos Mayores.<\/p>\n\n\n\n<figure class=\"wp-block-image size-large\"><a href=\"https:\/\/morenoprimero.com.ar\/wp-content\/uploads\/2022\/06\/WhatsApp-Image-2022-06-30-at-10.26.45-AM.jpeg\"><img loading=\"lazy\" decoding=\"async\" width=\"1024\" height=\"1024\" src=\"https:\/\/morenoprimero.com.ar\/wp-content\/uploads\/2022\/06\/WhatsApp-Image-2022-06-30-at-10.26.45-AM-1024x1024.jpeg\" alt=\"\" class=\"wp-image-29643\" srcset=\"https:\/\/morenoprimero.com.ar\/archivo\/wp-content\/uploads\/2022\/06\/WhatsApp-Image-2022-06-30-at-10.26.45-AM-1024x1024.jpeg 1024w, https:\/\/morenoprimero.com.ar\/archivo\/wp-content\/uploads\/2022\/06\/WhatsApp-Image-2022-06-30-at-10.26.45-AM-300x300.jpeg 300w, https:\/\/morenoprimero.com.ar\/archivo\/wp-content\/uploads\/2022\/06\/WhatsApp-Image-2022-06-30-at-10.26.45-AM-150x150.jpeg 150w, https:\/\/morenoprimero.com.ar\/archivo\/wp-content\/uploads\/2022\/06\/WhatsApp-Image-2022-06-30-at-10.26.45-AM-768x768.jpeg 768w, https:\/\/morenoprimero.com.ar\/archivo\/wp-content\/uploads\/2022\/06\/WhatsApp-Image-2022-06-30-at-10.26.45-AM.jpeg 1280w\" sizes=\"auto, (max-width: 1024px) 100vw, 1024px\" \/><\/a><\/figure>\n\n\n\n<p>Tambi\u00e9n, estar\u00e1 presente la Secretar\u00eda de Salud, con el calendario completo de vacunaci\u00f3n, testeos de HIV y S\u00edfilis, y atenci\u00f3n para casos de riesgo cardiovascular. Adem\u00e1s, contar\u00e1 con el grupo de Oftalmolog\u00eda, que brindar\u00e1 atenci\u00f3n gratuita y la posibilidad de adquirir anteojos a precios populares.<\/p>\n\n\n\n<p>Desde la Secretar\u00eda de Justicia y Derechos Humanos contin\u00faa el Programa Identidad y Apoyo al Migrante, asesorando a quienes concurran al operativo. Como as\u00ed, las Mediaciones Comunitarias brindando informaci\u00f3n sobre la cuota alimentaria.<\/p>\n\n\n\n<p>Las Casas de Justicia tambi\u00e9n participar\u00e1n de la jornada en Puente Roca brindando atenci\u00f3n y asesoramiento general en relaci\u00f3n a conflictos vecinales, violencia familiar, defensa laboral y al consumidor. En acompa\u00f1amiento tambi\u00e9n de la Secretar\u00eda de G\u00e9nero, Mujeres y Diversidad.<\/p>\n\n\n\n<p>El Banco de Desarrollo Social tambi\u00e9n estar\u00e1 presente en acompa\u00f1amiento a productores de la econom\u00eda popular y la entrega de microcr\u00e9ditos. As\u00ed tambi\u00e9n se presentar\u00e1 la Secretar\u00eda de Tr\u00e1nsito y Transporte por medio de la Direcci\u00f3n General de Licencias de Conducir, como la Secretar\u00eda de Educaci\u00f3n, Cultura y Deportes.<\/p>\n","protected":false},"excerpt":{"rendered":"<p>Este jueves 30 de junio llega el operativo \u201cAmor por el Barrio\u201d en Puente Roca, Trujui, de 11 a 15 horas, ubicado en la Avenida N\u00e9stor Kirchner y Quilmes. En la jornada se encontrar\u00e1n presentes m\u00faltiples \u00e1reas municipales, provinciales y &hellip; <a href=\"https:\/\/morenoprimero.com.ar\/archivo\/moreno-el-programa-amor-por-el-barrio-llega-a-puente-roca-trujui\/\">Sigue leyendo <span class=\"meta-nav\">&rarr;<\/span><\/a><\/p>\n","protected":false},"author":6,"featured_media":29640,"comment_status":"closed","ping_status":"closed","sticky":false,"template":"","format":"standard","meta":{"footnotes":""},"categories":[2328,2456],"tags":[1669,6,102],"class_list":["post-29624","post","type-post","status-publish","format-standard","has-post-thumbnail","hentry","category-local","category-trujui","tag-amor-por-el-barrio","tag-moreno","tag-municipio-de-moreno"],"_links":{"self":[{"href":"https:\/\/morenoprimero.com.ar\/archivo\/wp-json\/wp\/v2\/posts\/29624","targetHints":{"allow":["GET"]}}],"collection":[{"href":"https:\/\/morenoprimero.com.ar\/archivo\/wp-json\/wp\/v2\/posts"}],"about":[{"href":"https:\/\/morenoprimero.com.ar\/archivo\/wp-json\/wp\/v2\/types\/post"}],"author":[{"embeddable":true,"href":"https:\/\/morenoprimero.com.ar\/archivo\/wp-json\/wp\/v2\/users\/6"}],"replies":[{"embeddable":true,"href":"https:\/\/morenoprimero.com.ar\/archivo\/wp-json\/wp\/v2\/comments?post=29624"}],"version-history":[{"count":2,"href":"https:\/\/morenoprimero.com.ar\/archivo\/wp-json\/wp\/v2\/posts\/29624\/revisions"}],"predecessor-version":[{"id":29644,"href":"https:\/\/morenoprimero.com.ar\/archivo\/wp-json\/wp\/v2\/posts\/29624\/revisions\/29644"}],"wp:featuredmedia":[{"embeddable":true,"href":"https:\/\/morenoprimero.com.ar\/archivo\/wp-json\/wp\/v2\/media\/29640"}],"wp:attachment":[{"href":"https:\/\/morenoprimero.com.ar\/archivo\/wp-json\/wp\/v2\/media?parent=29624"}],"wp:term":[{"taxonomy":"category","embeddable":true,"href":"https:\/\/morenoprimero.com.ar\/archivo\/wp-json\/wp\/v2\/categories?post=29624"},{"taxonomy":"post_tag","embeddable":true,"href":"https:\/\/morenoprimero.com.ar\/archivo\/wp-json\/wp\/v2\/tags?post=29624"}],"curies":[{"name":"wp","href":"https:\/\/api.w.org\/{rel}","templated":true}]}}