{"id":29554,"date":"2022-07-04T10:58:33","date_gmt":"2022-07-04T13:58:33","guid":{"rendered":"https:\/\/morenoprimero.com.ar\/?p=29554"},"modified":"2022-07-04T10:58:34","modified_gmt":"2022-07-04T13:58:34","slug":"moreno-abrio-la-inscripcion-para-la-segunda-edicion-de-viajes-de-fin-de-curso-en-la-provincia","status":"publish","type":"post","link":"https:\/\/morenoprimero.com.ar\/archivo\/moreno-abrio-la-inscripcion-para-la-segunda-edicion-de-viajes-de-fin-de-curso-en-la-provincia\/","title":{"rendered":"Moreno: abri\u00f3 la inscripci\u00f3n para la segunda edici\u00f3n de viajes de fin de curso en la provincia"},"content":{"rendered":"\n<p>Esta nueva edici\u00f3n est\u00e1 dirigida a las y los estudiantes que est\u00e9n cursando su \u00faltimo a\u00f1o en escuelas secundarias bonaerenses podr\u00e1n inscribirse en el programa gratuito para viajar a distintos destinos tur\u00edsticos de la Provincia. En Moreno, m\u00e1s de 1500 estudiantes se anotaron para formar parte de la primera edici\u00f3n del programa.<\/p>\n\n\n\n<p>Comenz\u00f3 la inscripci\u00f3n al programa de<strong> Viajes de Fin de Curso<\/strong> por la provincia de <strong>Buenos Aires<\/strong> impulsado por el <strong>Ministerio de Producci\u00f3n, Ciencia e Innovaci\u00f3n Tecnol\u00f3gica provincial<\/strong>, el programa est\u00e1 dirigido a m\u00e1s de <strong>220.000<\/strong> estudiantes secundarios bonaerenses que podr\u00e1n viajar a destinos tur\u00edsticos de distintos municipios sin pagar nada, financiados por el Estado provincial, como parte de una pol\u00edtica para igualar oportunidades e incentivar la actividad tur\u00edstica.&nbsp;<\/p>\n\n\n\n<p>La primera edici\u00f3n de<strong> Viajes de Fin de Curso en la Provincia<\/strong>, orientada a j\u00f3venes que terminaron la escuela secundaria en 2021, cont\u00f3 con <strong>40.000<\/strong> inscriptos, entre ellos, <strong>m\u00e1s de 1500 j\u00f3venes morenenses<\/strong> ya se hab\u00edan anotado para poder viajar junto a sus cursos. En esta oportunidad, el programa est\u00e1 dirigido a estudiantes que est\u00e9n completando la secundaria durante <strong>2022<\/strong> y que podr\u00e1n viajar en esta primavera a diferentes localidades tur\u00edsticas bonaerenses, tanto a destinos de playa como de sierras, r\u00edos o lagunas,<strong> en viajes de 4 d\u00edas y 3 noches con todo incluido: alojamiento, comidas, transporte y excursiones. &nbsp;<\/strong><\/p>\n\n\n\n<figure class=\"wp-block-gallery has-nested-images columns-default is-cropped wp-block-gallery-1 is-layout-flex wp-block-gallery-is-layout-flex\">\n<figure class=\"wp-block-image size-large\"><a href=\"https:\/\/morenoprimero.com.ar\/wp-content\/uploads\/2022\/06\/Egresados2-1.jpeg\"><img loading=\"lazy\" decoding=\"async\" width=\"1024\" height=\"682\" data-id=\"29557\" src=\"https:\/\/morenoprimero.com.ar\/wp-content\/uploads\/2022\/06\/Egresados2-1-1024x682.jpeg\" alt=\"\" class=\"wp-image-29557\" srcset=\"https:\/\/morenoprimero.com.ar\/archivo\/wp-content\/uploads\/2022\/06\/Egresados2-1-1024x682.jpeg 1024w, https:\/\/morenoprimero.com.ar\/archivo\/wp-content\/uploads\/2022\/06\/Egresados2-1-300x200.jpeg 300w, https:\/\/morenoprimero.com.ar\/archivo\/wp-content\/uploads\/2022\/06\/Egresados2-1-768x512.jpeg 768w, https:\/\/morenoprimero.com.ar\/archivo\/wp-content\/uploads\/2022\/06\/Egresados2-1-1536x1023.jpeg 1536w, https:\/\/morenoprimero.com.ar\/archivo\/wp-content\/uploads\/2022\/06\/Egresados2-1.jpeg 1600w\" sizes=\"auto, (max-width: 1024px) 100vw, 1024px\" \/><\/a><\/figure>\n\n\n\n<figure class=\"wp-block-image size-large\"><a href=\"https:\/\/morenoprimero.com.ar\/wp-content\/uploads\/2022\/06\/Egresados2-2.jpeg\"><img loading=\"lazy\" decoding=\"async\" width=\"1024\" height=\"682\" data-id=\"29556\" src=\"https:\/\/morenoprimero.com.ar\/wp-content\/uploads\/2022\/06\/Egresados2-2-1024x682.jpeg\" alt=\"\" class=\"wp-image-29556\" srcset=\"https:\/\/morenoprimero.com.ar\/archivo\/wp-content\/uploads\/2022\/06\/Egresados2-2-1024x682.jpeg 1024w, https:\/\/morenoprimero.com.ar\/archivo\/wp-content\/uploads\/2022\/06\/Egresados2-2-300x200.jpeg 300w, https:\/\/morenoprimero.com.ar\/archivo\/wp-content\/uploads\/2022\/06\/Egresados2-2-768x512.jpeg 768w, https:\/\/morenoprimero.com.ar\/archivo\/wp-content\/uploads\/2022\/06\/Egresados2-2-1536x1023.jpeg 1536w, https:\/\/morenoprimero.com.ar\/archivo\/wp-content\/uploads\/2022\/06\/Egresados2-2.jpeg 1600w\" sizes=\"auto, (max-width: 1024px) 100vw, 1024px\" \/><\/a><\/figure>\n<\/figure>\n\n\n\n<p><\/p>\n\n\n\n<p>Adem\u00e1s, en funci\u00f3n de las preferencias del curso y de la disponibilidad de plazas, se les asignar\u00e1 un destino y una agencia de turismo estudiantil con la cual definir\u00e1n la fecha de viaje. <strong>El programa contempla la bonificaci\u00f3n del viaje para un padre o una madre como acompa\u00f1ante cada veinte estudiantes y la posibilidad de unificar viajes en caso de cursos peque\u00f1os.<\/strong><\/p>\n\n\n\n<p>Esta herramienta provincial apunta a volcar recursos p\u00fablicos en respaldo a comercios, hoteles, agencias y<strong> PyMEs<\/strong>, generando m\u00e1s producci\u00f3n y m\u00e1s trabajo, incentivando la creaci\u00f3n de actividades y propuestas para el turismo juvenil, promoviendo la cultura tur\u00edstica y posibilitando la desestacionalizaci\u00f3n de la actividad, en el marco de la pol\u00edtica de <strong>Turismo Todo el A\u00f1o<\/strong> que impulsa el gobernador <strong>Axel Kicillof.<\/strong><\/p>\n\n\n\n<p>\u201cLos <strong>Viajes de Fin de Curso<\/strong> son una pol\u00edtica que iguala, que brinda oportunidades a miles de j\u00f3venes, que en muchos casos nunca hab\u00edan viajado fuera de su ciudad, de su pueblo o de su barrio\u201d, se\u00f1al\u00f3 el ministro de Producci\u00f3n, Ciencia e Innovaci\u00f3n Tecnol\u00f3gica bonaerense,<strong> Augusto Costa<\/strong> y a\u00f1adi\u00f3: \u201cEstamos cultivando el valor del Turismo como descanso y como producci\u00f3n, porque se trata de una actividad que tiene un doble efecto, ya que mientras los j\u00f3venes pasean, <strong>las PyMEs<\/strong>, cooperativas y los comercios bonaerenses potencian su trabajo\u201d.&nbsp;&nbsp;&nbsp;<\/p>\n\n\n\n<p>Para inscribirse en la nueva edici\u00f3n de los Viajes de Fin de Curso en la Provincia, cada estudiante deber\u00e1 ingresar en el siguiente enlace: <a href=\"https:\/\/viajefindecurso.gba.gob.ar\/inscripcion.php\">viajefindecurso.gba.gob.ar.<\/a><\/p>\n","protected":false},"excerpt":{"rendered":"<p>Esta nueva edici\u00f3n est\u00e1 dirigida a las y los estudiantes que est\u00e9n cursando su \u00faltimo a\u00f1o en escuelas secundarias bonaerenses podr\u00e1n inscribirse en el programa gratuito para viajar a distintos destinos tur\u00edsticos de la Provincia. En Moreno, m\u00e1s de 1500 &hellip; <a href=\"https:\/\/morenoprimero.com.ar\/archivo\/moreno-abrio-la-inscripcion-para-la-segunda-edicion-de-viajes-de-fin-de-curso-en-la-provincia\/\">Sigue leyendo <span class=\"meta-nav\">&rarr;<\/span><\/a><\/p>\n","protected":false},"author":6,"featured_media":29555,"comment_status":"closed","ping_status":"closed","sticky":false,"template":"","format":"standard","meta":{"footnotes":""},"categories":[2332],"tags":[132,1589,1151,6,328],"class_list":["post-29554","post","type-post","status-publish","format-standard","has-post-thumbnail","hentry","category-cultura","tag-axel-kicillof","tag-educacion-2","tag-ministerio-de-produccion-ciencia-e-innovacion-tecnologica","tag-moreno","tag-turismo"],"_links":{"self":[{"href":"https:\/\/morenoprimero.com.ar\/archivo\/wp-json\/wp\/v2\/posts\/29554","targetHints":{"allow":["GET"]}}],"collection":[{"href":"https:\/\/morenoprimero.com.ar\/archivo\/wp-json\/wp\/v2\/posts"}],"about":[{"href":"https:\/\/morenoprimero.com.ar\/archivo\/wp-json\/wp\/v2\/types\/post"}],"author":[{"embeddable":true,"href":"https:\/\/morenoprimero.com.ar\/archivo\/wp-json\/wp\/v2\/users\/6"}],"replies":[{"embeddable":true,"href":"https:\/\/morenoprimero.com.ar\/archivo\/wp-json\/wp\/v2\/comments?post=29554"}],"version-history":[{"count":2,"href":"https:\/\/morenoprimero.com.ar\/archivo\/wp-json\/wp\/v2\/posts\/29554\/revisions"}],"predecessor-version":[{"id":29576,"href":"https:\/\/morenoprimero.com.ar\/archivo\/wp-json\/wp\/v2\/posts\/29554\/revisions\/29576"}],"wp:featuredmedia":[{"embeddable":true,"href":"https:\/\/morenoprimero.com.ar\/archivo\/wp-json\/wp\/v2\/media\/29555"}],"wp:attachment":[{"href":"https:\/\/morenoprimero.com.ar\/archivo\/wp-json\/wp\/v2\/media?parent=29554"}],"wp:term":[{"taxonomy":"category","embeddable":true,"href":"https:\/\/morenoprimero.com.ar\/archivo\/wp-json\/wp\/v2\/categories?post=29554"},{"taxonomy":"post_tag","embeddable":true,"href":"https:\/\/morenoprimero.com.ar\/archivo\/wp-json\/wp\/v2\/tags?post=29554"}],"curies":[{"name":"wp","href":"https:\/\/api.w.org\/{rel}","templated":true}]}}