{"id":29456,"date":"2022-06-24T11:29:26","date_gmt":"2022-06-24T14:29:26","guid":{"rendered":"https:\/\/morenoprimero.com.ar\/?p=29456"},"modified":"2022-06-24T11:30:50","modified_gmt":"2022-06-24T14:30:50","slug":"entre-las-organizaciones-los-vecinos-y-un-estado-presente-hoy-moreno-esta-haciendo-historia","status":"publish","type":"post","link":"https:\/\/morenoprimero.com.ar\/archivo\/entre-las-organizaciones-los-vecinos-y-un-estado-presente-hoy-moreno-esta-haciendo-historia\/","title":{"rendered":"Melina Aguiar Reyes: \u00abEntre las organizaciones, los vecinos y un estado presente, hoy Moreno est\u00e1 haciendo historia\u00bb"},"content":{"rendered":"\n<p>Melina Ayel\u00e9n Aguiar Reyes tiene 28 a\u00f1os, es mam\u00e1 de tres hijos y es de barrio Maril\u00f3, Trujui y en el a\u00f1o 2008 decidi\u00f3 organizarse con otras madres del barrio, en su mayor\u00eda madres solteras que se ocupan ellas solas de la crianza, para armar un merendero. Comenzaron por darle la merienda a sus hijos, pero luego se dieron cuenta que pod\u00edan hacerlo para todo el barrio y que eso era una necesidad que no pod\u00edan ignorar. Cuando se unieron al Movimiento Evita lograron transformarse en Centro Cultural y hoy desarrollan una enorme cantidad de actividades para su comunidad.<\/p>\n\n\n\n<p>Desde Moreno Primero dialogamos con Melina, sobre la experiencia que viene realizando, y la importancia de la organizaci\u00f3n popular en la vida cotidiana de los vecinos y vecinas: \u00ab<strong>En 2018 con compa\u00f1eras de una cooperativa a partir de las necesidades que ten\u00edamos, fuimos viendo c\u00f3mo pod\u00edamos hacer para no pasarla tan mal, yo soy mam\u00e1 de tres hijos, varias de las compa\u00f1eras tambi\u00e9n son madres. Y decidimos que si nos pod\u00edamos organizar siendo diez mam\u00e1s porque no hacerlo para todo el barrio\u00bb<\/strong>.<\/p>\n\n\n\n<p>Melina nos cuenta que luego de unirse al Movimiento Evita pudieron organizarse con m\u00e1s compa\u00f1eros y compa\u00f1eras y ese merendero que se llamaba parad\u00f3jicamente \u00ablos olvidados\u00bb se convirti\u00f3 en el Centro Cultural \u00ab<strong>INTI HUASI\u00bb<\/strong> que significa \u00bb Casa del sol \u00bb en quechua. \u00ab<strong>Hoy en d\u00eda no solo hacemos la merienda, tambi\u00e9n tenemos un \u00abCasa Pueblo\u00bb que es un espacio de acompa\u00f1amiento comunitario para los chicos con problemas de adicci\u00f3n. Tenemos tambi\u00e9n los FINES donde personas adultas que en su momento no pudieron estudiar porque ten\u00edan que trabajar hoy pueden finalizar sus estudios<\/strong>\u00bb y destaca tambi\u00e9n c\u00f3mo fue atravesar la pandemia en el barrio: <strong>\u00abLa organizaci\u00f3n social forma parte de nuestra vida todos los d\u00edas, cuando pas\u00f3 lo de la Pandemia la verdad que fueron los compa\u00f1eros de las distintas organizaciones los que estuvimos al frente, llevamos adelante las ollas populares, le dimos de comer a much\u00edsima gente, el estado en ese sentido no hubiese podido llegar a todos<\/strong>\u00ab.<\/p>\n\n\n\n<figure class=\"wp-block-gallery has-nested-images columns-default is-cropped wp-block-gallery-1 is-layout-flex wp-block-gallery-is-layout-flex\">\n<figure class=\"wp-block-image size-large\"><a href=\"https:\/\/morenoprimero.com.ar\/wp-content\/uploads\/2022\/06\/WhatsApp-Image-2022-06-23-at-12.53.57-PM.jpeg\"><img loading=\"lazy\" decoding=\"async\" width=\"1024\" height=\"768\" data-id=\"29458\" src=\"https:\/\/morenoprimero.com.ar\/wp-content\/uploads\/2022\/06\/WhatsApp-Image-2022-06-23-at-12.53.57-PM-1024x768.jpeg\" alt=\"\" class=\"wp-image-29458\" srcset=\"https:\/\/morenoprimero.com.ar\/archivo\/wp-content\/uploads\/2022\/06\/WhatsApp-Image-2022-06-23-at-12.53.57-PM-1024x768.jpeg 1024w, https:\/\/morenoprimero.com.ar\/archivo\/wp-content\/uploads\/2022\/06\/WhatsApp-Image-2022-06-23-at-12.53.57-PM-300x225.jpeg 300w, https:\/\/morenoprimero.com.ar\/archivo\/wp-content\/uploads\/2022\/06\/WhatsApp-Image-2022-06-23-at-12.53.57-PM-768x576.jpeg 768w, https:\/\/morenoprimero.com.ar\/archivo\/wp-content\/uploads\/2022\/06\/WhatsApp-Image-2022-06-23-at-12.53.57-PM-1536x1152.jpeg 1536w, https:\/\/morenoprimero.com.ar\/archivo\/wp-content\/uploads\/2022\/06\/WhatsApp-Image-2022-06-23-at-12.53.57-PM.jpeg 1600w\" sizes=\"auto, (max-width: 1024px) 100vw, 1024px\" \/><\/a><\/figure>\n\n\n\n<figure class=\"wp-block-image size-large\"><a href=\"https:\/\/morenoprimero.com.ar\/wp-content\/uploads\/2022\/06\/WhatsApp-Image-2022-06-23-at-12.54.55-PM.jpeg\"><img loading=\"lazy\" decoding=\"async\" width=\"1024\" height=\"557\" data-id=\"29459\" src=\"https:\/\/morenoprimero.com.ar\/wp-content\/uploads\/2022\/06\/WhatsApp-Image-2022-06-23-at-12.54.55-PM-1024x557.jpeg\" alt=\"\" class=\"wp-image-29459\" srcset=\"https:\/\/morenoprimero.com.ar\/archivo\/wp-content\/uploads\/2022\/06\/WhatsApp-Image-2022-06-23-at-12.54.55-PM-1024x557.jpeg 1024w, https:\/\/morenoprimero.com.ar\/archivo\/wp-content\/uploads\/2022\/06\/WhatsApp-Image-2022-06-23-at-12.54.55-PM-300x163.jpeg 300w, https:\/\/morenoprimero.com.ar\/archivo\/wp-content\/uploads\/2022\/06\/WhatsApp-Image-2022-06-23-at-12.54.55-PM-768x418.jpeg 768w, https:\/\/morenoprimero.com.ar\/archivo\/wp-content\/uploads\/2022\/06\/WhatsApp-Image-2022-06-23-at-12.54.55-PM.jpeg 1317w\" sizes=\"auto, (max-width: 1024px) 100vw, 1024px\" \/><\/a><\/figure>\n<\/figure>\n\n\n\n<p>Entre las compa\u00f1eras y vecinas del barrio tambi\u00e9n se organizan con el cuidado de sus hijos, ya que la mayor\u00eda son madres solteras: \u00ab<strong>Entre las mam\u00e1s generamos redes y nos organizamos para realizar un cuidado comunitario, para que puedan salir a trabajar tranquilas, sabiendo que dejan a sus hijos e hijas en buenas manos\u00bb <\/strong>explica Melina.<\/p>\n\n\n\n<p>La referente barrial afirm\u00f3 que muchas veces el trabajo de las organizaciones es invisibilizado o estigmatizado y manifiesta: \u00ab<strong>Invit\u00f3 a quienes estigmatizan nuestro laburo a que vengan a nuestros barrios, que conozcan cada necesidad. Creo que lo hacen por falta de conocimiento<\/strong>\u00ab<\/p>\n\n\n\n<p>Por \u00faltimo, Melina nos cuenta que est\u00e1n muy contentas con la llegada de Mariel al frente del gobierno local, ya que es una compa\u00f1era que tambi\u00e9n viene de un barrio y conoce la realidad que atraviesan: \u00ab<strong>Estamos muy contentas con la llegada de Mariel al municipio, ella est\u00e1 llegando donde el estado local nunca quiso llegar. Nosotras nos apoyamos mucho en ella y ella tambi\u00e9n se apoya en nosotras. Hay muchos otros compa\u00f1eros que est\u00e1n ocupando lugares importantes en la gesti\u00f3n y qui\u00e9n mejor que ellos que conocen nuestros barrios<\/strong>. <strong>Entre las organizaciones, los vecinos y un estado presente hoy en d\u00eda Moreno est\u00e1 haciendo historia\u00bb.<\/strong><\/p>\n","protected":false},"excerpt":{"rendered":"<p>Melina Ayel\u00e9n Aguiar Reyes tiene 28 a\u00f1os, es mam\u00e1 de tres hijos y es de barrio Maril\u00f3, Trujui y en el a\u00f1o 2008 decidi\u00f3 organizarse con otras madres del barrio, en su mayor\u00eda madres solteras que se ocupan ellas solas &hellip; <a href=\"https:\/\/morenoprimero.com.ar\/archivo\/entre-las-organizaciones-los-vecinos-y-un-estado-presente-hoy-moreno-esta-haciendo-historia\/\">Sigue leyendo <span class=\"meta-nav\">&rarr;<\/span><\/a><\/p>\n","protected":false},"author":6,"featured_media":29457,"comment_status":"closed","ping_status":"closed","sticky":false,"template":"","format":"standard","meta":{"footnotes":""},"categories":[2,2328,2456],"tags":[6],"class_list":["post-29456","post","type-post","status-publish","format-standard","has-post-thumbnail","hentry","category-destacadas","category-local","category-trujui","tag-moreno"],"_links":{"self":[{"href":"https:\/\/morenoprimero.com.ar\/archivo\/wp-json\/wp\/v2\/posts\/29456","targetHints":{"allow":["GET"]}}],"collection":[{"href":"https:\/\/morenoprimero.com.ar\/archivo\/wp-json\/wp\/v2\/posts"}],"about":[{"href":"https:\/\/morenoprimero.com.ar\/archivo\/wp-json\/wp\/v2\/types\/post"}],"author":[{"embeddable":true,"href":"https:\/\/morenoprimero.com.ar\/archivo\/wp-json\/wp\/v2\/users\/6"}],"replies":[{"embeddable":true,"href":"https:\/\/morenoprimero.com.ar\/archivo\/wp-json\/wp\/v2\/comments?post=29456"}],"version-history":[{"count":2,"href":"https:\/\/morenoprimero.com.ar\/archivo\/wp-json\/wp\/v2\/posts\/29456\/revisions"}],"predecessor-version":[{"id":29461,"href":"https:\/\/morenoprimero.com.ar\/archivo\/wp-json\/wp\/v2\/posts\/29456\/revisions\/29461"}],"wp:featuredmedia":[{"embeddable":true,"href":"https:\/\/morenoprimero.com.ar\/archivo\/wp-json\/wp\/v2\/media\/29457"}],"wp:attachment":[{"href":"https:\/\/morenoprimero.com.ar\/archivo\/wp-json\/wp\/v2\/media?parent=29456"}],"wp:term":[{"taxonomy":"category","embeddable":true,"href":"https:\/\/morenoprimero.com.ar\/archivo\/wp-json\/wp\/v2\/categories?post=29456"},{"taxonomy":"post_tag","embeddable":true,"href":"https:\/\/morenoprimero.com.ar\/archivo\/wp-json\/wp\/v2\/tags?post=29456"}],"curies":[{"name":"wp","href":"https:\/\/api.w.org\/{rel}","templated":true}]}}