{"id":29257,"date":"2022-06-14T12:27:28","date_gmt":"2022-06-14T15:27:28","guid":{"rendered":"https:\/\/morenoprimero.com.ar\/?p=29257"},"modified":"2022-06-14T12:31:19","modified_gmt":"2022-06-14T15:31:19","slug":"detuvieron-a-uno-de-los-presuntos-homicidas-de-andres-gaspar","status":"publish","type":"post","link":"https:\/\/morenoprimero.com.ar\/archivo\/detuvieron-a-uno-de-los-presuntos-homicidas-de-andres-gaspar\/","title":{"rendered":"Detuvieron a uno de los presuntos homicidas de Andr\u00e9s Gaspar"},"content":{"rendered":"\n<p>Lograron identificarlos gracias al seguimiento de la antena del celular que le robaron a la v\u00edctima y por las c\u00e1maras de seguridad.<\/p>\n\n\n\n<p>Ayer por la noche se realizaron cuatro allanamientos en viviendas vinculadas con los presuntos autores del crimen de Andr\u00e9s Gaspar, el hombre de 65 a\u00f1os que fue asesinado por dos delincuentes que intentaron robarle el auto en el barrio Villa Zapiola el pasado domingo 12 de junio.<\/p>\n\n\n\n<p>Se detuvo a un hombre mayor de edad, sindicado como uno de los autores materiales del homicidio. Se trata del acompa\u00f1ante que se observa en las im\u00e1genes y en los procedimientos la Polic\u00eda incaut\u00f3 la ropa que ten\u00eda puesta el sujeto al momento del hecho. Adem\u00e1s, se aprehendi\u00f3 a otro hombre mayor de edad, hermano del detenido, por encubrimiento agravado de homicidio y ambos quedaron a disposici\u00f3n de la justicia.<\/p>\n\n\n\n<p>La investigaci\u00f3n fue solicitada por el fiscal Leandro Ventricelli, de la UFI N\u00ba 1 del Departamento Judicial Moreno-General Rodr\u00edguez, realizados por personal de la Estaci\u00f3n de Polic\u00eda de Moreno y de la comisar\u00eda 3\u00aa de Moreno (Villa Zapiola) y con la colaboraci\u00f3n de la Secretar\u00eda de Seguridad del Municipio de Moreno.<\/p>\n\n\n\n<p>El conductor de la moto tambi\u00e9n est\u00e1 identificado, pr\u00f3fugo y con pedido de captura.<\/p>\n","protected":false},"excerpt":{"rendered":"<p>Lograron identificarlos gracias al seguimiento de la antena del celular que le robaron a la v\u00edctima y por las c\u00e1maras de seguridad. Ayer por la noche se realizaron cuatro allanamientos en viviendas vinculadas con los presuntos autores del crimen de &hellip; <a href=\"https:\/\/morenoprimero.com.ar\/archivo\/detuvieron-a-uno-de-los-presuntos-homicidas-de-andres-gaspar\/\">Sigue leyendo <span class=\"meta-nav\">&rarr;<\/span><\/a><\/p>\n","protected":false},"author":6,"featured_media":29260,"comment_status":"closed","ping_status":"closed","sticky":false,"template":"","format":"standard","meta":{"footnotes":""},"categories":[8],"tags":[6],"class_list":["post-29257","post","type-post","status-publish","format-standard","has-post-thumbnail","hentry","category-policiales","tag-moreno"],"_links":{"self":[{"href":"https:\/\/morenoprimero.com.ar\/archivo\/wp-json\/wp\/v2\/posts\/29257","targetHints":{"allow":["GET"]}}],"collection":[{"href":"https:\/\/morenoprimero.com.ar\/archivo\/wp-json\/wp\/v2\/posts"}],"about":[{"href":"https:\/\/morenoprimero.com.ar\/archivo\/wp-json\/wp\/v2\/types\/post"}],"author":[{"embeddable":true,"href":"https:\/\/morenoprimero.com.ar\/archivo\/wp-json\/wp\/v2\/users\/6"}],"replies":[{"embeddable":true,"href":"https:\/\/morenoprimero.com.ar\/archivo\/wp-json\/wp\/v2\/comments?post=29257"}],"version-history":[{"count":1,"href":"https:\/\/morenoprimero.com.ar\/archivo\/wp-json\/wp\/v2\/posts\/29257\/revisions"}],"predecessor-version":[{"id":29259,"href":"https:\/\/morenoprimero.com.ar\/archivo\/wp-json\/wp\/v2\/posts\/29257\/revisions\/29259"}],"wp:featuredmedia":[{"embeddable":true,"href":"https:\/\/morenoprimero.com.ar\/archivo\/wp-json\/wp\/v2\/media\/29260"}],"wp:attachment":[{"href":"https:\/\/morenoprimero.com.ar\/archivo\/wp-json\/wp\/v2\/media?parent=29257"}],"wp:term":[{"taxonomy":"category","embeddable":true,"href":"https:\/\/morenoprimero.com.ar\/archivo\/wp-json\/wp\/v2\/categories?post=29257"},{"taxonomy":"post_tag","embeddable":true,"href":"https:\/\/morenoprimero.com.ar\/archivo\/wp-json\/wp\/v2\/tags?post=29257"}],"curies":[{"name":"wp","href":"https:\/\/api.w.org\/{rel}","templated":true}]}}