{"id":29237,"date":"2022-06-13T15:31:19","date_gmt":"2022-06-13T18:31:19","guid":{"rendered":"https:\/\/morenoprimero.com.ar\/?p=29237"},"modified":"2022-06-13T15:34:15","modified_gmt":"2022-06-13T18:34:15","slug":"detuvieron-a-tres-personas-tras-una-serie-de-allanamientos-en-moreno","status":"publish","type":"post","link":"https:\/\/morenoprimero.com.ar\/archivo\/detuvieron-a-tres-personas-tras-una-serie-de-allanamientos-en-moreno\/","title":{"rendered":"Detuvieron a tres personas tras una serie de allanamientos en Moreno"},"content":{"rendered":"\n<p>El pasado mi\u00e9rcoles 8 de junio la Polic\u00eda de la Provincia de Buenos Aires realiz\u00f3 cuatro allanamientos en distintos puntos de Moreno: el primero en Santo Tomas y San Carlos, el segundo en Mara\u00f1on y Newton, otro en San Mateo y Mara\u00f1on, y, el cuarto, en San Carlos 3439. Se incautaron armas caseras, celulares y un rev\u00f3lver calibre 32.<\/p>\n\n\n\n<p>En tres de los operativos se incautaron armas caseras, celulares, un rev\u00f3lver calibre 32 con marca y numeraci\u00f3n suprimida, y culminaron con las detenciones de una mujer de 25 a\u00f1os, Marta Anabella Cuello, otra mujer de 21 a\u00f1os, Mariana Alejandra Cuello y un joven de 17 a\u00f1os.<\/p>\n\n\n\n<p>Las detenciones y allanamientos se dan en el marco de la causa caratulada \u201cRobo agravado en poblado y en banda, por el uso de un arma de fuego\u201d, realizada tras una denuncia por robo y agresiones f\u00edsicas a una mujer de 30 a\u00f1os d\u00edas atr\u00e1s.<\/p>\n","protected":false},"excerpt":{"rendered":"<p>El pasado mi\u00e9rcoles 8 de junio la Polic\u00eda de la Provincia de Buenos Aires realiz\u00f3 cuatro allanamientos en distintos puntos de Moreno: el primero en Santo Tomas y San Carlos, el segundo en Mara\u00f1on y Newton, otro en San Mateo &hellip; <a href=\"https:\/\/morenoprimero.com.ar\/archivo\/detuvieron-a-tres-personas-tras-una-serie-de-allanamientos-en-moreno\/\">Sigue leyendo <span class=\"meta-nav\">&rarr;<\/span><\/a><\/p>\n","protected":false},"author":6,"featured_media":29240,"comment_status":"closed","ping_status":"closed","sticky":false,"template":"","format":"standard","meta":{"footnotes":""},"categories":[8],"tags":[6],"class_list":["post-29237","post","type-post","status-publish","format-standard","has-post-thumbnail","hentry","category-policiales","tag-moreno"],"_links":{"self":[{"href":"https:\/\/morenoprimero.com.ar\/archivo\/wp-json\/wp\/v2\/posts\/29237","targetHints":{"allow":["GET"]}}],"collection":[{"href":"https:\/\/morenoprimero.com.ar\/archivo\/wp-json\/wp\/v2\/posts"}],"about":[{"href":"https:\/\/morenoprimero.com.ar\/archivo\/wp-json\/wp\/v2\/types\/post"}],"author":[{"embeddable":true,"href":"https:\/\/morenoprimero.com.ar\/archivo\/wp-json\/wp\/v2\/users\/6"}],"replies":[{"embeddable":true,"href":"https:\/\/morenoprimero.com.ar\/archivo\/wp-json\/wp\/v2\/comments?post=29237"}],"version-history":[{"count":2,"href":"https:\/\/morenoprimero.com.ar\/archivo\/wp-json\/wp\/v2\/posts\/29237\/revisions"}],"predecessor-version":[{"id":29242,"href":"https:\/\/morenoprimero.com.ar\/archivo\/wp-json\/wp\/v2\/posts\/29237\/revisions\/29242"}],"wp:featuredmedia":[{"embeddable":true,"href":"https:\/\/morenoprimero.com.ar\/archivo\/wp-json\/wp\/v2\/media\/29240"}],"wp:attachment":[{"href":"https:\/\/morenoprimero.com.ar\/archivo\/wp-json\/wp\/v2\/media?parent=29237"}],"wp:term":[{"taxonomy":"category","embeddable":true,"href":"https:\/\/morenoprimero.com.ar\/archivo\/wp-json\/wp\/v2\/categories?post=29237"},{"taxonomy":"post_tag","embeddable":true,"href":"https:\/\/morenoprimero.com.ar\/archivo\/wp-json\/wp\/v2\/tags?post=29237"}],"curies":[{"name":"wp","href":"https:\/\/api.w.org\/{rel}","templated":true}]}}