{"id":29120,"date":"2022-06-09T19:31:53","date_gmt":"2022-06-09T22:31:53","guid":{"rendered":"https:\/\/morenoprimero.com.ar\/?p=29120"},"modified":"2022-06-11T08:49:15","modified_gmt":"2022-06-11T11:49:15","slug":"un-fin-de-semana-a-puro-teatro-en-la-ciudad","status":"publish","type":"post","link":"https:\/\/morenoprimero.com.ar\/archivo\/un-fin-de-semana-a-puro-teatro-en-la-ciudad\/","title":{"rendered":"Un fin de semana a puro teatro en la ciudad"},"content":{"rendered":"\n<h5 class=\"wp-block-heading\">Para este pr\u00f3ximo viernes 10 de junio, a trav\u00e9s de la Secretaria de Cultura, Educaci\u00f3n y Deportes, presentan la obra teatral \u00abDel Aceite a la Cacerola\u00bb, la cual comienza a las 21hs en el Teatro Municipal Leopoldo Marechal. Y desde Moreno Primero, dialogamos con Roberto Cortizo Petraglia, autor e int\u00e9rprete de la obra: \u201c<strong>La idea es que el p\u00fablico sea un espectador de la historia y saque sus propias conclusiones\u00bb<\/strong><\/h5>\n\n\n\n<p>La obra narra los vaivenes de la historia argentina, pero lo hace a trav\u00e9s del humor, desde los personajes de dos cocineras encerradas en una cocina que tienen visiones totalmente antag\u00f3nicas y opuestas.<\/p>\n\n\n\n<p><strong>\u00abLa propuesta surgen en el a\u00f1o 2008, cuando soy convocado como autor de teatro, por el entonces Ministro de Educaci\u00f3n, Alberto Sileoni, para pensar junto a un grupo de docentes de historia una obra que&nbsp; hablara sobre la historia argentina de cara al Bicentenario, se trabaj\u00f3 sobre una l\u00ednea de tiempo, y luego pensamos como hacer para que dos personajes contar\u00e1n esa l\u00ednea de tiempo en un mismo espacio\u00bb<\/strong>, explic\u00f3 el autor, Roberto Cortizo Petraglia a moreno Primero.<\/p>\n\n\n\n<p>En relaci\u00f3n a los personajes de las cocineras, que se encuentran encerradas en una cocina durante toda la obra, Roberto nos explic\u00f3 que <strong>\u201cla idea de estar encerradas en la historia fue la base de esta obra. Cada una representa esas dos historias que nos contaron, seg\u00fan qui\u00e9n gana y qui\u00e9n pierde, por eso cada una de ellas en su momento gana o pierde, seg\u00fan su ideolog\u00eda, pero siempre siguen cocinando, mientras haya un proyecto de pa\u00eds llamado Argentina, ellas seguir\u00e1n cocinando. La idea es que el p\u00fablico sea un espectador de la historia y saque sus propias conclusiones\u00bb.<\/strong><\/p>\n\n\n\n<figure class=\"wp-block-gallery columns-3 is-cropped wp-block-gallery-1 is-layout-flex wp-block-gallery-is-layout-flex\"><ul class=\"blocks-gallery-grid\"><li class=\"blocks-gallery-item\"><figure><a href=\"https:\/\/morenoprimero.com.ar\/wp-content\/uploads\/2022\/06\/WhatsApp_Image_2022-06-09_at_6.51.59_PM-1.jpg\"><img loading=\"lazy\" decoding=\"async\" width=\"720\" height=\"480\" src=\"https:\/\/morenoprimero.com.ar\/wp-content\/uploads\/2022\/06\/WhatsApp_Image_2022-06-09_at_6.51.59_PM-1.jpg\" alt=\"\" data-id=\"29123\" data-full-url=\"https:\/\/morenoprimero.com.ar\/wp-content\/uploads\/2022\/06\/WhatsApp_Image_2022-06-09_at_6.51.59_PM-1.jpg\" data-link=\"https:\/\/morenoprimero.com.ar\/?attachment_id=29123\" class=\"wp-image-29123\" srcset=\"https:\/\/morenoprimero.com.ar\/archivo\/wp-content\/uploads\/2022\/06\/WhatsApp_Image_2022-06-09_at_6.51.59_PM-1.jpg 720w, https:\/\/morenoprimero.com.ar\/archivo\/wp-content\/uploads\/2022\/06\/WhatsApp_Image_2022-06-09_at_6.51.59_PM-1-300x200.jpg 300w\" sizes=\"auto, (max-width: 720px) 100vw, 720px\" \/><\/a><\/figure><\/li><li class=\"blocks-gallery-item\"><figure><a href=\"https:\/\/morenoprimero.com.ar\/wp-content\/uploads\/2022\/06\/WhatsApp_Image_2022-06-09_at_6.52.00_PM.jpg\"><img loading=\"lazy\" decoding=\"async\" width=\"540\" height=\"360\" src=\"https:\/\/morenoprimero.com.ar\/wp-content\/uploads\/2022\/06\/WhatsApp_Image_2022-06-09_at_6.52.00_PM.jpg\" alt=\"\" data-id=\"29122\" data-full-url=\"https:\/\/morenoprimero.com.ar\/wp-content\/uploads\/2022\/06\/WhatsApp_Image_2022-06-09_at_6.52.00_PM.jpg\" data-link=\"https:\/\/morenoprimero.com.ar\/?attachment_id=29122\" class=\"wp-image-29122\" srcset=\"https:\/\/morenoprimero.com.ar\/archivo\/wp-content\/uploads\/2022\/06\/WhatsApp_Image_2022-06-09_at_6.52.00_PM.jpg 540w, https:\/\/morenoprimero.com.ar\/archivo\/wp-content\/uploads\/2022\/06\/WhatsApp_Image_2022-06-09_at_6.52.00_PM-300x200.jpg 300w\" sizes=\"auto, (max-width: 540px) 100vw, 540px\" \/><\/a><\/figure><\/li><li class=\"blocks-gallery-item\"><figure><a href=\"https:\/\/morenoprimero.com.ar\/wp-content\/uploads\/2022\/06\/WhatsApp_Image_2022-06-09_at_6.52.00_PM-1.jpg\"><img loading=\"lazy\" decoding=\"async\" width=\"540\" height=\"360\" src=\"https:\/\/morenoprimero.com.ar\/wp-content\/uploads\/2022\/06\/WhatsApp_Image_2022-06-09_at_6.52.00_PM-1.jpg\" alt=\"\" data-id=\"29121\" data-full-url=\"https:\/\/morenoprimero.com.ar\/wp-content\/uploads\/2022\/06\/WhatsApp_Image_2022-06-09_at_6.52.00_PM-1.jpg\" data-link=\"https:\/\/morenoprimero.com.ar\/?attachment_id=29121\" class=\"wp-image-29121\" srcset=\"https:\/\/morenoprimero.com.ar\/archivo\/wp-content\/uploads\/2022\/06\/WhatsApp_Image_2022-06-09_at_6.52.00_PM-1.jpg 540w, https:\/\/morenoprimero.com.ar\/archivo\/wp-content\/uploads\/2022\/06\/WhatsApp_Image_2022-06-09_at_6.52.00_PM-1-300x200.jpg 300w\" sizes=\"auto, (max-width: 540px) 100vw, 540px\" \/><\/a><\/figure><\/li><\/ul><\/figure>\n\n\n\n<p>Si bien en un principio la obra narra la historia desde las invasiones inglesas hasta el 2001, a medida que pasan los a\u00f1os, el autor va sumado acontecimientos que se van sucediendo hasta nuestros d\u00edas:<strong> \u00abA medida que van pasando los a\u00f1os le vamos agregando un poco m\u00e1s de historia, y nos gust\u00f3 en esta \u00faltima oportunidad agregarle la postapandemia\u00bb, cont\u00f3 Petraglia.<\/strong><\/p>\n\n\n\n<p>Por \u00faltimo, el autor de la obra dej\u00f3 una invitaci\u00f3n a toda la comunidad de Moreno: \u00ab<strong>Me encantar\u00eda que la gente de Moreno la vea, me gustar\u00eda que vengan muchos j\u00f3venes, que van a ver y a entender lo que quiz\u00e1s en un libro de historia cuesta entender, y los adultos tambi\u00e9n se ver\u00e1n reflejados en uno y otro personaje\u00bb<\/strong>, finaliz\u00f3 el autor.&nbsp;<\/p>\n\n\n\n<p>El creador es Roberto Cortizo Petraglia. Int\u00e9rpretes: Carlos Dura\u00f1ona, Roberto Cortizo Petraglia, Mariano Falc\u00f3n. Participaci\u00f3n especial: Dami\u00e1n de Santo. M\u00fasica: Juli\u00e1n Cortizo. Escenograf\u00eda y vestuario: Taller Juglares. Edici\u00f3n de video: Juli\u00e1n Cortizo, Consultora Hist\u00f3rica. Asistente de direcci\u00f3n: Luciano Mansur. Direcci\u00f3n: Patricia Cors\u00e1nego. Duraci\u00f3n: 60 minutos.<\/p>\n","protected":false},"excerpt":{"rendered":"<p>Para este pr\u00f3ximo viernes 10 de junio, a trav\u00e9s de la Secretaria de Cultura, Educaci\u00f3n y Deportes, presentan la obra teatral \u00abDel Aceite a la Cacerola\u00bb, la cual comienza a las 21hs en el Teatro Municipal Leopoldo Marechal. Y desde &hellip; <a href=\"https:\/\/morenoprimero.com.ar\/archivo\/un-fin-de-semana-a-puro-teatro-en-la-ciudad\/\">Sigue leyendo <span class=\"meta-nav\">&rarr;<\/span><\/a><\/p>\n","protected":false},"author":6,"featured_media":29124,"comment_status":"closed","ping_status":"closed","sticky":false,"template":"","format":"standard","meta":{"footnotes":""},"categories":[2332],"tags":[326,6,734,328],"class_list":["post-29120","post","type-post","status-publish","format-standard","has-post-thumbnail","hentry","category-cultura","tag-cultura-2","tag-moreno","tag-teatro","tag-turismo"],"_links":{"self":[{"href":"https:\/\/morenoprimero.com.ar\/archivo\/wp-json\/wp\/v2\/posts\/29120","targetHints":{"allow":["GET"]}}],"collection":[{"href":"https:\/\/morenoprimero.com.ar\/archivo\/wp-json\/wp\/v2\/posts"}],"about":[{"href":"https:\/\/morenoprimero.com.ar\/archivo\/wp-json\/wp\/v2\/types\/post"}],"author":[{"embeddable":true,"href":"https:\/\/morenoprimero.com.ar\/archivo\/wp-json\/wp\/v2\/users\/6"}],"replies":[{"embeddable":true,"href":"https:\/\/morenoprimero.com.ar\/archivo\/wp-json\/wp\/v2\/comments?post=29120"}],"version-history":[{"count":2,"href":"https:\/\/morenoprimero.com.ar\/archivo\/wp-json\/wp\/v2\/posts\/29120\/revisions"}],"predecessor-version":[{"id":29136,"href":"https:\/\/morenoprimero.com.ar\/archivo\/wp-json\/wp\/v2\/posts\/29120\/revisions\/29136"}],"wp:featuredmedia":[{"embeddable":true,"href":"https:\/\/morenoprimero.com.ar\/archivo\/wp-json\/wp\/v2\/media\/29124"}],"wp:attachment":[{"href":"https:\/\/morenoprimero.com.ar\/archivo\/wp-json\/wp\/v2\/media?parent=29120"}],"wp:term":[{"taxonomy":"category","embeddable":true,"href":"https:\/\/morenoprimero.com.ar\/archivo\/wp-json\/wp\/v2\/categories?post=29120"},{"taxonomy":"post_tag","embeddable":true,"href":"https:\/\/morenoprimero.com.ar\/archivo\/wp-json\/wp\/v2\/tags?post=29120"}],"curies":[{"name":"wp","href":"https:\/\/api.w.org\/{rel}","templated":true}]}}