{"id":29117,"date":"2022-06-09T17:18:09","date_gmt":"2022-06-09T20:18:09","guid":{"rendered":"https:\/\/morenoprimero.com.ar\/?p=29117"},"modified":"2022-06-09T17:18:10","modified_gmt":"2022-06-09T20:18:10","slug":"kicillof-recibio-a-mariel-fernandez-en-casa-de-gobierno","status":"publish","type":"post","link":"https:\/\/morenoprimero.com.ar\/archivo\/kicillof-recibio-a-mariel-fernandez-en-casa-de-gobierno\/","title":{"rendered":"Kicillof recibi\u00f3 a Mariel Fern\u00e1ndez en Casa de Gobierno"},"content":{"rendered":"\n<h5 class=\"wp-block-heading\">Conversaron sobre el impacto de obras de infraestructura, de pol\u00edticas econ\u00f3micas y de seguridad<\/h5>\n\n\n\n<p>El gobernador de la provincia de Buenos Aires, Axel Kicillof, recibi\u00f3 este jueves en Casa de Gobierno a la intendenta de Moreno, Mariel Fern\u00e1ndez, para evaluar el impacto de las obras de infraestructura que se llevan a cabo en el partido y realizar un seguimiento de las pol\u00edticas tendientes a impulsar la actividad econ\u00f3mica y el empleo.<\/p>\n\n\n\n<p>Luego de haber invertido 379 millones de pesos en tareas de pavimentaci\u00f3n en distintas localidades del municipio, la Provincia contin\u00faa con la ampliaci\u00f3n de la ruta provincial 24. Se trata de una obra que conecta al distrito con San Miguel y Jos\u00e9 C. Paz, al tiempo que facilita los accesos de barrios vulnerables a una zona estrat\u00e9gica en la que se est\u00e1 construyendo un corredor industrial.<\/p>\n\n\n\n<p>Durante la reuni\u00f3n, Kicillof y Fern\u00e1ndez repasaron los proyectos que el partido lleva adelante con recursos del Fondo de Infraestructura Municipal (FIM). En sus distintas ediciones, <strong>se ha previsto utilizar m\u00e1s de 292 millones de pesos para la repavimentaci\u00f3n de la calle San Emilio y otras obras de asfalto.<\/strong><\/p>\n\n\n\n<p>Adem\u00e1s, coincidieron en el impacto que ha tenido el programa Escuelas a la Obra en Moreno. All\u00ed se destinaron 1.043 millones de pesos para 236 obras en establecimientos educativos, de las cuales 181 ya fueron finalizadas.<\/p>\n\n\n\n<p>En materia econ\u00f3mica, el Gobernador y la intendenta destacaron el rol del Banco Provincia, que recuper\u00f3 su protagonismo como organismo que apuntala la producci\u00f3n:<strong> la instituci\u00f3n lleva invertidos 3.167 millones de pesos en asistencia a peque\u00f1as y medianas empresas y emprendedores locales.<\/strong><\/p>\n\n\n\n<p>Por \u00faltimo, analizaron los resultados del Programa de Fortalecimiento de la Seguridad: hasta el momento, ha permitido sumar 83 nuevos patrulleros e incorporar 1.427 efectivos policiales para prevenir el delito.<\/p>\n\n\n\n<p><strong>\u00abSi bien avanzamos un mont\u00f3n, sabemos que a\u00fan tenemos mucho por hacer para transformar nuestro querido Municipio y llevarle dignidad a cada vecina y vecino. Con ese compromiso trabajamos junto al gobierno provincial y nacional cada d\u00eda\u00bb,<\/strong> afirm\u00f3 la intendenta de Moreno.<\/p>\n","protected":false},"excerpt":{"rendered":"<p>Conversaron sobre el impacto de obras de infraestructura, de pol\u00edticas econ\u00f3micas y de seguridad El gobernador de la provincia de Buenos Aires, Axel Kicillof, recibi\u00f3 este jueves en Casa de Gobierno a la intendenta de Moreno, Mariel Fern\u00e1ndez, para evaluar &hellip; <a href=\"https:\/\/morenoprimero.com.ar\/archivo\/kicillof-recibio-a-mariel-fernandez-en-casa-de-gobierno\/\">Sigue leyendo <span class=\"meta-nav\">&rarr;<\/span><\/a><\/p>\n","protected":false},"author":6,"featured_media":29118,"comment_status":"closed","ping_status":"closed","sticky":false,"template":"","format":"standard","meta":{"footnotes":""},"categories":[2328],"tags":[132,4088,276,6],"class_list":["post-29117","post","type-post","status-publish","format-standard","has-post-thumbnail","hentry","category-local","tag-axel-kicillof","tag-corredor-industrial","tag-mariel-fernandez","tag-moreno"],"_links":{"self":[{"href":"https:\/\/morenoprimero.com.ar\/archivo\/wp-json\/wp\/v2\/posts\/29117","targetHints":{"allow":["GET"]}}],"collection":[{"href":"https:\/\/morenoprimero.com.ar\/archivo\/wp-json\/wp\/v2\/posts"}],"about":[{"href":"https:\/\/morenoprimero.com.ar\/archivo\/wp-json\/wp\/v2\/types\/post"}],"author":[{"embeddable":true,"href":"https:\/\/morenoprimero.com.ar\/archivo\/wp-json\/wp\/v2\/users\/6"}],"replies":[{"embeddable":true,"href":"https:\/\/morenoprimero.com.ar\/archivo\/wp-json\/wp\/v2\/comments?post=29117"}],"version-history":[{"count":1,"href":"https:\/\/morenoprimero.com.ar\/archivo\/wp-json\/wp\/v2\/posts\/29117\/revisions"}],"predecessor-version":[{"id":29119,"href":"https:\/\/morenoprimero.com.ar\/archivo\/wp-json\/wp\/v2\/posts\/29117\/revisions\/29119"}],"wp:featuredmedia":[{"embeddable":true,"href":"https:\/\/morenoprimero.com.ar\/archivo\/wp-json\/wp\/v2\/media\/29118"}],"wp:attachment":[{"href":"https:\/\/morenoprimero.com.ar\/archivo\/wp-json\/wp\/v2\/media?parent=29117"}],"wp:term":[{"taxonomy":"category","embeddable":true,"href":"https:\/\/morenoprimero.com.ar\/archivo\/wp-json\/wp\/v2\/categories?post=29117"},{"taxonomy":"post_tag","embeddable":true,"href":"https:\/\/morenoprimero.com.ar\/archivo\/wp-json\/wp\/v2\/tags?post=29117"}],"curies":[{"name":"wp","href":"https:\/\/api.w.org\/{rel}","templated":true}]}}