{"id":29032,"date":"2022-06-08T18:57:04","date_gmt":"2022-06-08T21:57:04","guid":{"rendered":"https:\/\/morenoprimero.com.ar\/?p=29032"},"modified":"2022-06-11T08:53:07","modified_gmt":"2022-06-11T11:53:07","slug":"lidia-encinas-trabajar-en-el-campo-es-lindo-porque-somos-independientes-podemos-disfrutar-a-nuestros-hijos-y-hacer-lo-que-nos-gusta","status":"publish","type":"post","link":"https:\/\/morenoprimero.com.ar\/archivo\/lidia-encinas-trabajar-en-el-campo-es-lindo-porque-somos-independientes-podemos-disfrutar-a-nuestros-hijos-y-hacer-lo-que-nos-gusta\/","title":{"rendered":"Lidia Encinas: \u00abTrabajar en el campo es lindo porque somos independientes, podemos disfrutar a nuestros hijos y hacer lo que nos gusta\u00bb"},"content":{"rendered":"\n<h5 class=\"wp-block-heading\">Dialogamos con Marisa Nallino, Coordinadora General de Programa de Incentivo a la Producci\u00f3n Agroalimentaria del IMDEL, y con Lidia Encinas, productora rural de Moreno, sobre la reglamentaci\u00f3n de la Ley 27.118 de Reparaci\u00f3n Hist\u00f3rica de la Agricultura Familiar, Ind\u00edgena y Campesina, para la construcci\u00f3n de una Nueva Ruralidad en la Argentina.<\/h5>\n\n\n\n<p>La noticia se dio a conocer durante la jornada de ayer, martes 7 de junio, donde el Presidente de la Naci\u00f3n, Alberto Fern\u00e1ndez, y el Secretario de la Agricultura Familiar Campesina e Ind\u00edgena, Miguel \u00c1ngel G\u00f3mez, anunciaron la reglamentaci\u00f3n de la <strong>Ley 27.118<\/strong> de Reparaci\u00f3n Hist\u00f3rica de la Agricultura Familiar, Ind\u00edgena y Campesina, para la construcci\u00f3n de una Nueva Ruralidad en la Argentina.&nbsp;<\/p>\n\n\n\n<p>Este anuncio implica un enorme avance para todos los productores y productoras de la agricultura familiar que luego de una larga lucha podr\u00e1n acceder a m\u00e1s derechos y beneficios.&nbsp;<\/p>\n\n\n\n<p>Sobre las pol\u00edticas p\u00fablicas que se vienen implementando en Moreno desde el comienzo de la gesti\u00f3n de la intendenta Mariel Fern\u00e1ndez, en apoyo a los peque\u00f1os productores y productoras de Moreno, la coordinadora General de Promoci\u00f3n de incentivo a la producci\u00f3n agroalimentaria, Marisa Nallino, nos coment\u00f3: <strong>\u00abEn Moreno venimos trabajando con mucha intensidad con el sector, la pol\u00edtica m\u00e1s fuerte de todas y la que desde muchos otros lugares nos consultan es la de los parques agrarios\u201d<\/strong>. Y, agreg\u00f3: <strong>\u201cHoy tenemos parques que est\u00e1n ocupados&nbsp; casi en su totalidad, tenemos en Cuartel V, dos parques en Trujui otro m\u00e1s, y estamos viendo de hacer otros parques en el barrio 1 de Marzo y en el Vergel\u00bb<\/strong>, nos explic\u00f3 Marisa.<\/p>\n\n\n\n<p>La ley 27118 de reparaci\u00f3n hist\u00f3rica contempla la creaci\u00f3n de un banco de tierras para la agricultura familiar, a partir de relevamientos que se van a realizar de tierra fiscales nacionales, provinciales o municipales, de donaciones; tambi\u00e9n se fomenta el apoyo, relevamiento y promoci\u00f3n al sector.&nbsp;<\/p>\n\n\n\n<figure class=\"wp-block-gallery columns-3 is-cropped wp-block-gallery-1 is-layout-flex wp-block-gallery-is-layout-flex\"><ul class=\"blocks-gallery-grid\"><li class=\"blocks-gallery-item\"><figure><a href=\"https:\/\/morenoprimero.com.ar\/wp-content\/uploads\/2022\/06\/WhatsApp_Image_2022-06-08_at_2.29.53_PM.jpg\"><img loading=\"lazy\" decoding=\"async\" width=\"1024\" height=\"768\" src=\"https:\/\/morenoprimero.com.ar\/wp-content\/uploads\/2022\/06\/WhatsApp_Image_2022-06-08_at_2.29.53_PM.jpg\" alt=\"\" data-id=\"29035\" data-full-url=\"https:\/\/morenoprimero.com.ar\/wp-content\/uploads\/2022\/06\/WhatsApp_Image_2022-06-08_at_2.29.53_PM.jpg\" data-link=\"https:\/\/morenoprimero.com.ar\/?attachment_id=29035\" class=\"wp-image-29035\" srcset=\"https:\/\/morenoprimero.com.ar\/archivo\/wp-content\/uploads\/2022\/06\/WhatsApp_Image_2022-06-08_at_2.29.53_PM.jpg 1024w, https:\/\/morenoprimero.com.ar\/archivo\/wp-content\/uploads\/2022\/06\/WhatsApp_Image_2022-06-08_at_2.29.53_PM-300x225.jpg 300w, https:\/\/morenoprimero.com.ar\/archivo\/wp-content\/uploads\/2022\/06\/WhatsApp_Image_2022-06-08_at_2.29.53_PM-768x576.jpg 768w\" sizes=\"auto, (max-width: 1024px) 100vw, 1024px\" \/><\/a><\/figure><\/li><li class=\"blocks-gallery-item\"><figure><a href=\"https:\/\/morenoprimero.com.ar\/wp-content\/uploads\/2022\/06\/WhatsApp_Image_2022-06-08_at_2.29.53_PM-1.jpg\"><img loading=\"lazy\" decoding=\"async\" width=\"768\" height=\"1024\" src=\"https:\/\/morenoprimero.com.ar\/wp-content\/uploads\/2022\/06\/WhatsApp_Image_2022-06-08_at_2.29.53_PM-1.jpg\" alt=\"\" data-id=\"29034\" data-full-url=\"https:\/\/morenoprimero.com.ar\/wp-content\/uploads\/2022\/06\/WhatsApp_Image_2022-06-08_at_2.29.53_PM-1.jpg\" data-link=\"https:\/\/morenoprimero.com.ar\/?attachment_id=29034\" class=\"wp-image-29034\" srcset=\"https:\/\/morenoprimero.com.ar\/archivo\/wp-content\/uploads\/2022\/06\/WhatsApp_Image_2022-06-08_at_2.29.53_PM-1.jpg 768w, https:\/\/morenoprimero.com.ar\/archivo\/wp-content\/uploads\/2022\/06\/WhatsApp_Image_2022-06-08_at_2.29.53_PM-1-225x300.jpg 225w\" sizes=\"auto, (max-width: 768px) 100vw, 768px\" \/><\/a><\/figure><\/li><li class=\"blocks-gallery-item\"><figure><a href=\"https:\/\/morenoprimero.com.ar\/wp-content\/uploads\/2022\/06\/WhatsApp_Image_2022-06-08_at_2.29.53_PM-2.jpg\"><img loading=\"lazy\" decoding=\"async\" width=\"1024\" height=\"682\" src=\"https:\/\/morenoprimero.com.ar\/wp-content\/uploads\/2022\/06\/WhatsApp_Image_2022-06-08_at_2.29.53_PM-2.jpg\" alt=\"\" data-id=\"29033\" data-full-url=\"https:\/\/morenoprimero.com.ar\/wp-content\/uploads\/2022\/06\/WhatsApp_Image_2022-06-08_at_2.29.53_PM-2.jpg\" data-link=\"https:\/\/morenoprimero.com.ar\/?attachment_id=29033\" class=\"wp-image-29033\" srcset=\"https:\/\/morenoprimero.com.ar\/archivo\/wp-content\/uploads\/2022\/06\/WhatsApp_Image_2022-06-08_at_2.29.53_PM-2.jpg 1024w, https:\/\/morenoprimero.com.ar\/archivo\/wp-content\/uploads\/2022\/06\/WhatsApp_Image_2022-06-08_at_2.29.53_PM-2-300x200.jpg 300w, https:\/\/morenoprimero.com.ar\/archivo\/wp-content\/uploads\/2022\/06\/WhatsApp_Image_2022-06-08_at_2.29.53_PM-2-768x512.jpg 768w\" sizes=\"auto, (max-width: 1024px) 100vw, 1024px\" \/><\/a><\/figure><\/li><\/ul><\/figure>\n\n\n\n<p>Por su parte, Marisa nos explic\u00f3 tambi\u00e9n que desde el IMDEL se acompa\u00f1a a los y las productoras en la posibilidad de invertir sus productos en el mercado local, y expres\u00f3: <strong>\u00abVenimos trabajando fuertemente en la comercializaci\u00f3n de la producci\u00f3n, hoy se est\u00e1 comercializando la verdura de los parques en el mercado de la econom\u00eda popular que funciona en plaza San Mart\u00edn, tambi\u00e9n en nuevo predio ferial municipal, ruta 23\u201d.<\/strong><\/p>\n\n\n\n<p>Adem\u00e1s, Marisa Nallino, manifest\u00f3:<strong> \u201cVenimos trabajando tambi\u00e9n en un proyecto que se llama \u00abmultiplicar\u00bb para desarrollar en Cuartel V, y tambi\u00e9n pr\u00f3ximamente se va poner en funcionamiento un mercado concentrador agroecol\u00f3gico, donde se va a realizar la venta mayorista y minorista de toda la producci\u00f3n agroecol\u00f3gica al alcance de los vecinos y vecinas de Moreno\u00bb<\/strong>, por \u00faltimo finaliz\u00f3 reflexionando sobre la importancia de la ley 27118:&nbsp; <strong>\u00abLa ley es amplia contempla la equidad social y territorial para la producci\u00f3n agropecuaria , pone en valor el rol de la agricultura familiar, que abastece de alimentos a toda nuestra poblaci\u00f3n , promueve el arraigo rural y la vuelta al campo, garantizando el acceso a la tierra, el acceso al agua fortalecimiento el desarrollo rural\u00bb<\/strong>, culmin\u00f3 Nallino.<\/p>\n\n\n\n<p>Dialogamos tambi\u00e9n con Lidia Encinas, una productora migrante de Bolivia que hace m\u00e1s de 25 a\u00f1os vive en Moreno. Tuvo verduler\u00eda durante mucho tiempo, y luego con mucho esfuerzo comenz\u00f3 a producir, hace un a\u00f1o se organiz\u00f3 con otras familias de productores y productoras en cooperativa,y lograron acceder a 20 hect\u00e1reas de tierra a trav\u00e9s de los parques agrarios. Hoy comercializa sus productos en el Mercado de la econom\u00eda popular de la Plaza San Mart\u00edn, y explic\u00f3 en exclusiva con Moreno Primero:<strong> \u00abTrabajar en el campo es lindo porque somos independientes, podemos disfrutar a nuestros hijos y hacer lo que nos gusta, venimos de ra\u00edces campesinas y desde chicas somos trabajadoras\u00bb, nos cont\u00f3 Lidia, y continu\u00f3 explicando como fue el proceso hasta poder acceder a la tierra: \u00abAl principio no ten\u00edamos nada, no ten\u00edamos herramientas, no ten\u00edamos tractor, no ten\u00edamos auto\u2026 nos costaba mucho. Buscamos otras alternativas para poder vender nuestros productos, y comercializar la mercader\u00eda, as\u00ed llegamos al IMDEL de moreno\u201d.<\/strong><\/p>\n\n\n\n<p>Y finaliz\u00f3 la charla, diciendo que<strong> \u201cellos (IMDEL) nos dieron una gran ayuda, un puesto en la plaza para poder vender, despu\u00e9s nos organizamos en cooperativa y&nbsp; nos brindaron herramientas tractores, autos, as\u00ed que estamos trabajando muy bien y muy agradecidos\u00bb<\/strong>, cont\u00f3 la productora rural de Moreno, Lidia Encinas.<\/p>\n","protected":false},"excerpt":{"rendered":"<p>Dialogamos con Marisa Nallino, Coordinadora General de Programa de Incentivo a la Producci\u00f3n Agroalimentaria del IMDEL, y con Lidia Encinas, productora rural de Moreno, sobre la reglamentaci\u00f3n de la Ley 27.118 de Reparaci\u00f3n Hist\u00f3rica de la Agricultura Familiar, Ind\u00edgena y &hellip; <a href=\"https:\/\/morenoprimero.com.ar\/archivo\/lidia-encinas-trabajar-en-el-campo-es-lindo-porque-somos-independientes-podemos-disfrutar-a-nuestros-hijos-y-hacer-lo-que-nos-gusta\/\">Sigue leyendo <span class=\"meta-nav\">&rarr;<\/span><\/a><\/p>\n","protected":false},"author":6,"featured_media":29193,"comment_status":"closed","ping_status":"closed","sticky":false,"template":"","format":"standard","meta":{"footnotes":""},"categories":[2,2328],"tags":[242,4081,3359,6],"class_list":["post-29032","post","type-post","status-publish","format-standard","has-post-thumbnail","hentry","category-destacadas","category-local","tag-imdel","tag-lidia-encinas","tag-marisa-nallino","tag-moreno"],"_links":{"self":[{"href":"https:\/\/morenoprimero.com.ar\/archivo\/wp-json\/wp\/v2\/posts\/29032","targetHints":{"allow":["GET"]}}],"collection":[{"href":"https:\/\/morenoprimero.com.ar\/archivo\/wp-json\/wp\/v2\/posts"}],"about":[{"href":"https:\/\/morenoprimero.com.ar\/archivo\/wp-json\/wp\/v2\/types\/post"}],"author":[{"embeddable":true,"href":"https:\/\/morenoprimero.com.ar\/archivo\/wp-json\/wp\/v2\/users\/6"}],"replies":[{"embeddable":true,"href":"https:\/\/morenoprimero.com.ar\/archivo\/wp-json\/wp\/v2\/comments?post=29032"}],"version-history":[{"count":4,"href":"https:\/\/morenoprimero.com.ar\/archivo\/wp-json\/wp\/v2\/posts\/29032\/revisions"}],"predecessor-version":[{"id":29195,"href":"https:\/\/morenoprimero.com.ar\/archivo\/wp-json\/wp\/v2\/posts\/29032\/revisions\/29195"}],"wp:featuredmedia":[{"embeddable":true,"href":"https:\/\/morenoprimero.com.ar\/archivo\/wp-json\/wp\/v2\/media\/29193"}],"wp:attachment":[{"href":"https:\/\/morenoprimero.com.ar\/archivo\/wp-json\/wp\/v2\/media?parent=29032"}],"wp:term":[{"taxonomy":"category","embeddable":true,"href":"https:\/\/morenoprimero.com.ar\/archivo\/wp-json\/wp\/v2\/categories?post=29032"},{"taxonomy":"post_tag","embeddable":true,"href":"https:\/\/morenoprimero.com.ar\/archivo\/wp-json\/wp\/v2\/tags?post=29032"}],"curies":[{"name":"wp","href":"https:\/\/api.w.org\/{rel}","templated":true}]}}