{"id":29012,"date":"2022-06-08T17:37:23","date_gmt":"2022-06-08T20:37:23","guid":{"rendered":"https:\/\/morenoprimero.com.ar\/?p=29012"},"modified":"2022-06-08T17:37:23","modified_gmt":"2022-06-08T20:37:23","slug":"presentan-la-diplomatura-en-derechos-humanos-en-moreno","status":"publish","type":"post","link":"https:\/\/morenoprimero.com.ar\/archivo\/presentan-la-diplomatura-en-derechos-humanos-en-moreno\/","title":{"rendered":"Presentan la Diplomatura en Derechos Humanos en Moreno"},"content":{"rendered":"\n<h5 class=\"wp-block-heading\">Est\u00e1 destinada a Titulares del Potenciar Trabajo de entre 18 y 25 a\u00f1os, como as\u00ed tambi\u00e9n a integrantes de organizaciones territoriales y referentes. El curso comienza en Julio y tiene una duraci\u00f3n de 4 meses. Se realizar\u00e1 todos los mi\u00e9rcoles de 8 a 12 horas, en el Teatro Roma, ubicado en la calle Uruguay 33.\u00a0<\/h5>\n\n\n\n<p>A realizarse en el teatro Roma, la iniciativa se propone promover espacios de formaci\u00f3n en materia de Derechos Humanos, y de esa forma, estimular la participaci\u00f3n activa en el territorio de las juventudes en particular, como as\u00ed tambi\u00e9n, los dem\u00e1s actores sociales.\u00a0 <strong>La organizaci\u00f3n est\u00e1 a cargo de la Secretar\u00eda de Educaci\u00f3n del Movimiento Evita<\/strong>, desde donde realizan el nexo entre las entidades que impulsaron la iniciativa y la municipalidad de Moreno, el responsable de dicha \u00e1rea, <strong>Nair G\u00f3mez<\/strong>, cuenta a Moreno Primero la importancia de la diplomatura, y por qu\u00e9 est\u00e1 destinada a titulares del Programa Potenciar Trabajo.<\/p>\n\n\n\n<p><strong>La Diplomatura en Derechos Humanos<\/strong> es una iniciativa de la agrupaci\u00f3n Hijos e Hijas por la Identidad y la Justicia contra el Olvido y el Silencio <strong>(H.I.J.O.S.)<\/strong>, la Direcci\u00f3n de Cuidados Integrales de la Secretar\u00eda de Econom\u00eda Social del Ministerio de Desarrollo Social de la Naci\u00f3n y la Universidad Nacional de Avellaneda.<\/p>\n\n\n\n<p>Desde la Secretar\u00eda de Educaci\u00f3n del Movimiento Evita de Moreno realizan en el nexo entre las entidades organizadoras y la Municipalidad de Moreno para poder llevan a cabo la diplomatura, y tanto la orgnaizaci\u00f3n de la actividad, como las inscripciones, est\u00e1n a cargo de la organizaci\u00f3n social, <strong>que articula a su vez con la Secretar\u00eda de Justicia y DDHH del Municipio de Moreno. <\/strong><\/p>\n\n\n\n<figure class=\"wp-block-gallery columns-2 is-cropped wp-block-gallery-1 is-layout-flex wp-block-gallery-is-layout-flex\"><ul class=\"blocks-gallery-grid\"><li class=\"blocks-gallery-item\"><figure><a href=\"https:\/\/morenoprimero.com.ar\/wp-content\/uploads\/2022\/06\/DM_20220608151210_001.jpg\"><img loading=\"lazy\" decoding=\"async\" width=\"1024\" height=\"1024\" src=\"https:\/\/morenoprimero.com.ar\/wp-content\/uploads\/2022\/06\/DM_20220608151210_001-1024x1024.jpg\" alt=\"\" data-id=\"29028\" data-full-url=\"https:\/\/morenoprimero.com.ar\/wp-content\/uploads\/2022\/06\/DM_20220608151210_001.jpg\" data-link=\"https:\/\/morenoprimero.com.ar\/?attachment_id=29028\" class=\"wp-image-29028\" srcset=\"https:\/\/morenoprimero.com.ar\/archivo\/wp-content\/uploads\/2022\/06\/DM_20220608151210_001-1024x1024.jpg 1024w, https:\/\/morenoprimero.com.ar\/archivo\/wp-content\/uploads\/2022\/06\/DM_20220608151210_001-300x300.jpg 300w, https:\/\/morenoprimero.com.ar\/archivo\/wp-content\/uploads\/2022\/06\/DM_20220608151210_001-150x150.jpg 150w, https:\/\/morenoprimero.com.ar\/archivo\/wp-content\/uploads\/2022\/06\/DM_20220608151210_001-768x768.jpg 768w, https:\/\/morenoprimero.com.ar\/archivo\/wp-content\/uploads\/2022\/06\/DM_20220608151210_001.jpg 1080w\" sizes=\"auto, (max-width: 1024px) 100vw, 1024px\" \/><\/a><\/figure><\/li><li class=\"blocks-gallery-item\"><figure><a href=\"https:\/\/morenoprimero.com.ar\/wp-content\/uploads\/2022\/06\/DM_20220608151209_001.jpg\"><img loading=\"lazy\" decoding=\"async\" width=\"1024\" height=\"576\" src=\"https:\/\/morenoprimero.com.ar\/wp-content\/uploads\/2022\/06\/DM_20220608151209_001-1024x576.jpg\" alt=\"\" data-id=\"29029\" data-full-url=\"https:\/\/morenoprimero.com.ar\/wp-content\/uploads\/2022\/06\/DM_20220608151209_001.jpg\" data-link=\"https:\/\/morenoprimero.com.ar\/?attachment_id=29029\" class=\"wp-image-29029\" srcset=\"https:\/\/morenoprimero.com.ar\/archivo\/wp-content\/uploads\/2022\/06\/DM_20220608151209_001-1024x576.jpg 1024w, https:\/\/morenoprimero.com.ar\/archivo\/wp-content\/uploads\/2022\/06\/DM_20220608151209_001-300x169.jpg 300w, https:\/\/morenoprimero.com.ar\/archivo\/wp-content\/uploads\/2022\/06\/DM_20220608151209_001-768x432.jpg 768w, https:\/\/morenoprimero.com.ar\/archivo\/wp-content\/uploads\/2022\/06\/DM_20220608151209_001.jpg 1080w\" sizes=\"auto, (max-width: 1024px) 100vw, 1024px\" \/><\/a><\/figure><\/li><\/ul><\/figure>\n\n\n\n<p>La propuesta est\u00e1 enmarcada en la necesidad de fomentar espacios de formaci\u00f3n en materia de Derechos Humanos y estimular la participaci\u00f3n activa en el territorio de las juventudes en particular y dem\u00e1s sectores sociales. <\/p>\n\n\n\n<p>\u00a0Desde Moreno Primero nos comunicamos con <strong>Nair G\u00f3mez<\/strong>, responsable de la Secretar\u00eda de Educaci\u00f3n del Movimiento Evita, quien mencion\u00f3: \u00ab<strong>El primer objetivo es poner un ojo en el pasado, en lo que nos paso en nuestra historia, para que no pase nunca m\u00e1s, el otro, tiene que ver con poner un ojo en el presente y en el futuro, informando a la comunidad en forma global como acceder a la justicia a trav\u00e9s de distintas pol\u00edticas p\u00fablicas que posee nuestro distrito<\/strong>, por ejemplo, a trav\u00e9s de las casas de Justicia, que es una pol\u00edticas integral en materia de justicia y seguridad, con el fin de garantizar el acceso a las mismas, a trav\u00e9s de la descentralizaci\u00f3n territorial\u00bb.  As\u00ed, reflexion\u00f3:<strong> \u00abDebemos trabajar d\u00eda a d\u00eda para garantizar el acceso a la justicia de cada vecina y vecino de Moreno, y la diplomatura es un paso m\u00e1s en ese sentido\u00bb.<\/strong><\/p>\n\n\n\n<p>Los destinatarios son claves, los mismos tienen un sentido concreto, lo cual Nair explic\u00f3: <strong>\u00abNuestras compa\u00f1eras y compa\u00f1eros del Programa Potenciar Trabajo no s\u00f3lo trabajan en el territorio con la infraestructura, tambi\u00e9n son promotores de distintas pol\u00edticas, de cuidado, de educaci\u00f3n, de salud, de trabajo, y en este caso, de Derechos Humanos. Por tanto, que realicen la diplomatura es tambi\u00e9n darle a los y las compa\u00f1eras las herramientas de formaci\u00f3n teo\u00f3rica y pr\u00e1ctica para acompa\u00f1ar a la comunidad\u00bb.<\/strong><\/p>\n\n\n\n<p><strong>La tem\u00e1ticas de los m\u00f3dulos son:\u00a0<\/strong><\/p>\n\n\n\n<p>-Introducci\u00f3n a los DDHH&nbsp;<\/p>\n\n\n\n<p>-Derechos humanos con perspectiva de g\u00e9neros y diversidad sexual&nbsp;<\/p>\n\n\n\n<p>-Pol\u00edticas con enfoque de DDHH y problem\u00e1ticas espec\u00edficas&nbsp;<\/p>\n\n\n\n<p>-Pr\u00e1ctica socio-laboral&nbsp;<\/p>\n\n\n\n<p>Para quien se quieran inscribir, debe hacer ingresar al <a href=\"https:\/\/docs.google.com\/forms\/d\/e\/1FAIpQLSdmSS0uP8gjRyMkXe-Hc9whQGINPADA1W_0AWn0vspR7cvTNQ\/viewform?vc=0&amp;c=0&amp;w=1&amp;flr=0\">enlace de inscripci\u00f3n<\/a>, y completar los datos.<\/p>\n","protected":false},"excerpt":{"rendered":"<p>Est\u00e1 destinada a Titulares del Potenciar Trabajo de entre 18 y 25 a\u00f1os, como as\u00ed tambi\u00e9n a integrantes de organizaciones territoriales y referentes. El curso comienza en Julio y tiene una duraci\u00f3n de 4 meses. Se realizar\u00e1 todos los mi\u00e9rcoles &hellip; <a href=\"https:\/\/morenoprimero.com.ar\/archivo\/presentan-la-diplomatura-en-derechos-humanos-en-moreno\/\">Sigue leyendo <span class=\"meta-nav\">&rarr;<\/span><\/a><\/p>\n","protected":false},"author":6,"featured_media":29015,"comment_status":"closed","ping_status":"closed","sticky":false,"template":"","format":"standard","meta":{"footnotes":""},"categories":[3,21],"tags":[2110,1589,2305,777,291],"class_list":["post-29012","post","type-post","status-publish","format-standard","has-post-thumbnail","hentry","category-importantes","category-interes-general","tag-derechos-humanos","tag-educacion-2","tag-hijos","tag-ministerio-de-desarrollo-social","tag-movimiento-evita"],"_links":{"self":[{"href":"https:\/\/morenoprimero.com.ar\/archivo\/wp-json\/wp\/v2\/posts\/29012","targetHints":{"allow":["GET"]}}],"collection":[{"href":"https:\/\/morenoprimero.com.ar\/archivo\/wp-json\/wp\/v2\/posts"}],"about":[{"href":"https:\/\/morenoprimero.com.ar\/archivo\/wp-json\/wp\/v2\/types\/post"}],"author":[{"embeddable":true,"href":"https:\/\/morenoprimero.com.ar\/archivo\/wp-json\/wp\/v2\/users\/6"}],"replies":[{"embeddable":true,"href":"https:\/\/morenoprimero.com.ar\/archivo\/wp-json\/wp\/v2\/comments?post=29012"}],"version-history":[{"count":8,"href":"https:\/\/morenoprimero.com.ar\/archivo\/wp-json\/wp\/v2\/posts\/29012\/revisions"}],"predecessor-version":[{"id":29060,"href":"https:\/\/morenoprimero.com.ar\/archivo\/wp-json\/wp\/v2\/posts\/29012\/revisions\/29060"}],"wp:featuredmedia":[{"embeddable":true,"href":"https:\/\/morenoprimero.com.ar\/archivo\/wp-json\/wp\/v2\/media\/29015"}],"wp:attachment":[{"href":"https:\/\/morenoprimero.com.ar\/archivo\/wp-json\/wp\/v2\/media?parent=29012"}],"wp:term":[{"taxonomy":"category","embeddable":true,"href":"https:\/\/morenoprimero.com.ar\/archivo\/wp-json\/wp\/v2\/categories?post=29012"},{"taxonomy":"post_tag","embeddable":true,"href":"https:\/\/morenoprimero.com.ar\/archivo\/wp-json\/wp\/v2\/tags?post=29012"}],"curies":[{"name":"wp","href":"https:\/\/api.w.org\/{rel}","templated":true}]}}