{"id":28988,"date":"2022-06-08T11:48:14","date_gmt":"2022-06-08T14:48:14","guid":{"rendered":"https:\/\/morenoprimero.com.ar\/?p=28988"},"modified":"2022-06-08T11:48:14","modified_gmt":"2022-06-08T14:48:14","slug":"mariel-fernandez-en-moreno-tenemos-una-necesidad-muy-grande-de-generar-espacios-vinculados-al-deporte-y-al-medio-ambiente","status":"publish","type":"post","link":"https:\/\/morenoprimero.com.ar\/archivo\/mariel-fernandez-en-moreno-tenemos-una-necesidad-muy-grande-de-generar-espacios-vinculados-al-deporte-y-al-medio-ambiente\/","title":{"rendered":"Mariel Fern\u00e1ndez: \u00abEn Moreno tenemos una necesidad muy grande de generar espacios vinculados al deporte y al medio ambiente\u00bb"},"content":{"rendered":"\n<h5 class=\"wp-block-heading\">En el D\u00eda de las y los Periodistas, la intendenta Mariel Fern\u00e1ndez visit\u00f3 el estudio de la Radio P\u00fablica de Moreno, donde convers\u00f3 sobre la creaci\u00f3n del Parque Las Flores, el Polideportivo en Moreno Sur, la compra de una asfaltera m\u00e1s grande y el sue\u00f1o de contar con un aeropuerto. Tambi\u00e9n reflexion\u00f3 acerca del rol actual del periodismo.<\/h5>\n\n\n\n<p>La jefa comunal pas\u00f3 por los estudios de La Radio P\u00fablica de Moreno y habl\u00f3 con las y los periodistas sobre las obras que se est\u00e1n llevando a cabo alrededor de todo el municipio, y dijo: <strong>\u201cHay proyectos de todo tipo, algunos muy ambiciosos, algunos que ya est\u00e1n en marcha por suerte\u201d, y agreg\u00f3: \u201cMe parece que en Moreno tenemos una necesidad muy grande de tener espacios vinculados al deporte y al medio ambiente, as\u00ed que tenemos en desarrollo dos propuestas: una es la del Parque Las Flores, que por eso se hizo el traslado del predio ferial, y se arm\u00f3 el Predio Ferial Municipal, y se est\u00e1 construyendo el Parque Las Flores, que es un lugar de recreaci\u00f3n donde nos vamos a encontrar con un arroyito que tiene ese predio de 17 hect\u00e1reas\u201d.<\/strong><\/p>\n\n\n\n<p>Sobre este arroyo, la intendenta, mencion\u00f3 que<strong> \u201ces un accidente geogr\u00e1fico que se cre\u00f3 por la urbanizaci\u00f3n, y la verdad es que es un lugar muy lindo y lo podemos aprovechar mejor\u201d<\/strong>, y, detall\u00f3:<strong> \u201cLa idea es hacer una gran intervenci\u00f3n, ensancharlo para poder tener ese espejo de agua, poder disfrutarlo, y que tenga muchas plantas. Hacerle una ribera importante y que tenga distintas canchas y mesas\u201d.<\/strong><\/p>\n\n\n\n<p>Con el tiempo, la intendenta coment\u00f3 que el arroyo, ser\u00e1 <strong>\u201cun espacio de recreaci\u00f3n para las familias, para hacer deporte, pero tambi\u00e9n para disfrutar.Tambi\u00e9n se van a colocar plantas nativas, porque la idea es todo el tiempo vincularlo con el deporte, la naturaleza y la recreaci\u00f3n como un derecho\u201d.<\/strong><\/p>\n\n\n\n<p>Por otra parte, habl\u00f3 sobre la importancia que tiene difundir y crear desde el municipio distintos espacios de recreaci\u00f3n y deporte a lo largo y ancho de todo Moreno. Sobre esto, dijo: <strong>\u201cEstamos pensando en un Polideportivo en Moreno Sur, y sigo insistiendo con el tema de nuestro Aeropuerto, aunque sea un sue\u00f1o muy grande creo que es totalmente posible\u201d. Y, agreg\u00f3 sobre el aeropuerto que \u201cla Universidad de San Mart\u00edn ya hizo el estudio de la parte t\u00e9cnica aeron\u00e1utica y de la pista, hay condiciones y vamos a seguir insistiendo\u201d.&nbsp;<\/strong><\/p>\n\n\n\n<p>Haciendo su presencia en La Radio P\u00fablica de Moreno, y en el d\u00eda de las y los periodistas, habl\u00f3 Mariel Fern\u00e1ndez sobre la gran cantidad de obras que se vienen realizando en las escuelas, y exclam\u00f3:<strong> \u201cSeguimos mejorando nuestras escuelas, la verdad que son infinitas las obras que se est\u00e1n haciendo. En poco tiempo m\u00e1s vamos a reinaugurar el Instituto Rojas donde se hizo toda la puesta en valor de la Casona, un reclamo hist\u00f3rico de las y los estudiantes y se hizo con fondos educativos que en Moreno ahora se usan para la educaci\u00f3n\u201d.<\/strong><\/p>\n\n\n\n<p>Para cerrar con el tema de las escuelas, explic\u00f3: <strong>\u201cTambi\u00e9n hemos tomado reclamos hist\u00f3ricos como la escuela N\u00b0 32 de Villanueva que ya est\u00e1 terminada y solo faltan cosas de equipamiento. Todav\u00eda nos faltan en Moreno 64 escuelas, y es algo que estoy hablando con el Ministerio de Educaci\u00f3n de Naci\u00f3n. La Escuela N\u00b0 57 sufri\u00f3 un incendio, y se est\u00e1 reconstruyendo y se siguen haciendo obras de gas, hay que trabajar sobre el cuidado porque siempre parece que lo p\u00fablico no es de nadie y en realidad lo p\u00fablico es de todos y eso de cuidar lo que es de todos es un tema pendiente\u201d<\/strong>, finaliz\u00f3 Mariel.&nbsp;<\/p>\n\n\n\n<p>En Moreno, se llevan asfaltadas una gran cantidad de calles y avenidas desde que la gesti\u00f3n de Fern\u00e1ndez obtenga la asfaltera municipal y la ponga 100% a disposici\u00f3n. Acerca de esto, manifest\u00f3:<strong> \u201cVamos a comprar otra asfaltera mucho m\u00e1s grande y con m\u00e1s capacidad para optimizar la producci\u00f3n porque tenemos 25 mil cuadras de tierra y vamos por la cuadra 400 aproximadamente. Si bien se ven asfaltos, falta un mont\u00f3n todav\u00eda. Actualmente tenemos una asfaltera y otra en alquiler, pero para optimizar la producci\u00f3n de asfalto necesitamos una asfaltera m\u00e1s grande que nos va a permitir producir m\u00e1s asfaltos\u00bb.&nbsp;<\/strong><\/p>\n\n\n\n<p>Luego, habl\u00f3 en la mesa acerca del rol de los comunicadores y comunicadoras que d\u00eda a d\u00eda informan a cada habitante del municipio, y exclam\u00f3: <strong>\u00abLa comunicaci\u00f3n y el oficio de las y los periodistas son muy importantes, m\u00e1s en estos tiempos que se desdibuja un poco y hay gente que tiene el oficio y hay gente que especula con el oficio y nos trae muchos problemas\u201d<\/strong>. Y, agreg\u00f3 que <strong>\u201ces central que nosotros s\u00ed podamos recrear desde las radios comunitarias, desde la Radio P\u00fablica, desde todos los espacios comunitarios que podamos recrear la profesi\u00f3n, que realmente podamos hacer un aporte porque la sociedad lo necesita\u201d.<\/strong><\/p>\n\n\n\n<p>Mariel, finaliz\u00f3 diciendo:<strong> \u201cFeliz d\u00eda a todas y todos aquellos que honran la profesi\u00f3n porque los necesitamos much\u00edsimo, por eso felicito siempre todo el trabajo que se est\u00e1 haciendo en La Radio P\u00fablica que es un espacio para todos y todas y todes\u00bb.<\/strong><\/p>\n\n\n\n<p>Para terminar la charla, fue consultada acerca del 2023, a\u00f1o de elecciones presidenciales, y dijo:<strong> \u00abSiempre hay 2023, les puedo asegurar que hago todos los esfuerzos no solo por Moreno sino para aportar a los di\u00e1logos nacionales, a los consensos hago un esfuerzo muy grande, en distintas charlas que he tenido desde M\u00e1ximo, Cristina hace poquito que estuve con ella, con Alberto, tratando de aportar desde la honestidad, la generosidad de que nos pongamos todos en sinton\u00eda porque la Patria nos necesita. Primero la Patria, tratemos de resolver nuestras diferencias, tenemos un objetivo muy grande que es el cuidado de la Casa Com\u00fan como dice el Papa Francisco, nuestro Papa peronista as\u00ed que trato de hacer un esfuerzo de estar en Moreno por supuesto, pero tambi\u00e9n es importante que podamos tener un gobierno popular en la Naci\u00f3n y en la Provincia\u00bb<\/strong>, culmin\u00f3 la intendenta de Moreno, Mariel Fern\u00e1ndez.<\/p>\n","protected":false},"excerpt":{"rendered":"<p>En el D\u00eda de las y los Periodistas, la intendenta Mariel Fern\u00e1ndez visit\u00f3 el estudio de la Radio P\u00fablica de Moreno, donde convers\u00f3 sobre la creaci\u00f3n del Parque Las Flores, el Polideportivo en Moreno Sur, la compra de una asfaltera &hellip; <a href=\"https:\/\/morenoprimero.com.ar\/archivo\/mariel-fernandez-en-moreno-tenemos-una-necesidad-muy-grande-de-generar-espacios-vinculados-al-deporte-y-al-medio-ambiente\/\">Sigue leyendo <span class=\"meta-nav\">&rarr;<\/span><\/a><\/p>\n","protected":false},"author":6,"featured_media":28989,"comment_status":"closed","ping_status":"closed","sticky":false,"template":"","format":"standard","meta":{"footnotes":""},"categories":[2,2328],"tags":[276,6,4080],"class_list":["post-28988","post","type-post","status-publish","format-standard","has-post-thumbnail","hentry","category-destacadas","category-local","tag-mariel-fernandez","tag-moreno","tag-radio-publica"],"_links":{"self":[{"href":"https:\/\/morenoprimero.com.ar\/archivo\/wp-json\/wp\/v2\/posts\/28988","targetHints":{"allow":["GET"]}}],"collection":[{"href":"https:\/\/morenoprimero.com.ar\/archivo\/wp-json\/wp\/v2\/posts"}],"about":[{"href":"https:\/\/morenoprimero.com.ar\/archivo\/wp-json\/wp\/v2\/types\/post"}],"author":[{"embeddable":true,"href":"https:\/\/morenoprimero.com.ar\/archivo\/wp-json\/wp\/v2\/users\/6"}],"replies":[{"embeddable":true,"href":"https:\/\/morenoprimero.com.ar\/archivo\/wp-json\/wp\/v2\/comments?post=28988"}],"version-history":[{"count":4,"href":"https:\/\/morenoprimero.com.ar\/archivo\/wp-json\/wp\/v2\/posts\/28988\/revisions"}],"predecessor-version":[{"id":29006,"href":"https:\/\/morenoprimero.com.ar\/archivo\/wp-json\/wp\/v2\/posts\/28988\/revisions\/29006"}],"wp:featuredmedia":[{"embeddable":true,"href":"https:\/\/morenoprimero.com.ar\/archivo\/wp-json\/wp\/v2\/media\/28989"}],"wp:attachment":[{"href":"https:\/\/morenoprimero.com.ar\/archivo\/wp-json\/wp\/v2\/media?parent=28988"}],"wp:term":[{"taxonomy":"category","embeddable":true,"href":"https:\/\/morenoprimero.com.ar\/archivo\/wp-json\/wp\/v2\/categories?post=28988"},{"taxonomy":"post_tag","embeddable":true,"href":"https:\/\/morenoprimero.com.ar\/archivo\/wp-json\/wp\/v2\/tags?post=28988"}],"curies":[{"name":"wp","href":"https:\/\/api.w.org\/{rel}","templated":true}]}}