{"id":28942,"date":"2022-06-06T12:10:56","date_gmt":"2022-06-06T15:10:56","guid":{"rendered":"https:\/\/morenoprimero.com.ar\/?p=28942"},"modified":"2022-06-06T12:10:57","modified_gmt":"2022-06-06T15:10:57","slug":"disminuyen-los-contagios-de-covid-19-en-el-pais-y-en-moreno-continua-la-campana-vacunacion","status":"publish","type":"post","link":"https:\/\/morenoprimero.com.ar\/archivo\/disminuyen-los-contagios-de-covid-19-en-el-pais-y-en-moreno-continua-la-campana-vacunacion\/","title":{"rendered":"Disminuyen los contagios de COVID-19 en el pa\u00eds, y en Moreno contin\u00faa la campa\u00f1a vacunaci\u00f3n"},"content":{"rendered":"\n<p> <strong>Reportaron 46.045 nuevos contagios en el pa\u00eds, un 11% menos que la semana pasada<\/strong>. Moreno lleva m\u00e1s de 1 mill\u00f3n de vacunas aplicas, y contin\u00faa la campa\u00f1a de vacunaci\u00f3n en 6 puntos diferentes del distrito.<\/p>\n\n\n\n<p>El Ministerio de Salud report\u00f3 84 muertes por coronavirus y 46.045 contagios en la \u00faltima semana en la Argentina, lo que representa un 11% menos de casos que el domingo pasado (51.778).&nbsp;<br>&nbsp;<br>De esta manera, suman 128.973 los fallecidos registrados oficialmente a nivel nacional y 9.276.618 los contagiados desde el inicio de la pandemia.&nbsp;<br>&nbsp;<br>De acuerdo a los datos difundidos este domingo, la cantidad de muertes aument\u00f3 31% en relaci\u00f3n a la semana pasada cuando se hab\u00edan informado 64 fallecimientos.&nbsp;<br>&nbsp;<br>La cartera sanitaria indic\u00f3 que son 344 los internados con coronavirus en unidades de terapia intensiva, con un porcentaje de ocupaci\u00f3n de camas de adultos en el sector p\u00fablico y privado, para todas las patolog\u00edas, de 43,1% en el pa\u00eds.&nbsp;<br>&nbsp;<br>Seg\u00fan el Monitor P\u00fablico de Vacunaci\u00f3n,&nbsp;<strong>el total de dosis aplicadas asciende a 103.507.017<\/strong>, de los cuales 40.802.733 recibieron una dosis, 37.503.794 las dos, 3.060.499 una adicional y 22.139.991 una de refuerzo, mientras que las vacunas distribuidas a las jurisdicciones llegan a 110.562.080 y las donadas a 5.083.000.&nbsp;<\/p>\n\n\n\n<p>Durante la \u00faltima semana murieron 22 personas en Buenos Aires.&nbsp;<\/p>\n\n\n\n<p>C<strong>ontin\u00faa la campa\u00f1a de vacunaci\u00f3n en Moreno&nbsp;<\/strong><\/p>\n\n\n\n<p>En Moreno ya se aplicaron 1.201.860 dosis de la vacuna contra el coronavirus. Entre ellas, 508.822 corresponden a la primera dosis, 448.788 a la segunda dosis, 102.915 a la tercera, y 141.155 a las dosis de refuerzo.&nbsp;<\/p>\n\n\n\n<p>Si bien, todav\u00eda faltan morenenses que se vacunen contra la primera y la segunda dosis, cabe recordar la consideraci\u00f3n de la vir\u00f3loga molecular, Andrea Gamarnik, investigadora del CONICET en el Instituto de Investigaciones Bioqu\u00edmicas de Buenos Aires (IIBBA, CONICET-Fundaci\u00f3n Instituto Leloir)  sobre la importancia de la tercera dosis, de cara a las nuevas cepas que transitan por el pa\u00eds.&nbsp;<\/p>\n\n\n\n<p><strong>\u201cPara protegerse contra \u00f3micron resulta clave que las personas adultas se apliquen la dosis de refuerzo, en el momento indicado. Varios estudios est\u00e1n demostrando de manera contundente que la tercera dosis aumenta de manera muy significativa el nivel de anticuerpos neutralizantes que bloquean a esta nueva variante<\/strong>\u201d, afirm\u00f3 la vir\u00f3loga molecular del CONICET.<\/p>\n\n\n\n<p><strong>\u201c\u00d3micron presenta una alta capacidad de evadir la respuesta inmune montada por el individuo vacunado. Esto se expresa en una notoria disminuci\u00f3n (de m\u00e1s de 60 veces) en la capacidad de los anticuerpos inducidos por la vacuna para bloquear la infecci\u00f3n con \u00f3micron cuando se lo compara con dicha capacidad para bloquear a la variante original B1 (que ya no circula en nuestro pa\u00eds)\u201d<\/strong>, indic\u00f3 Gamarnik. Este \u201cdefecto\u201d es ampliamente superado al recibir el individuo vacunado una tercera dosis de vacuna.&nbsp;<\/p>\n\n\n\n<p><strong>Las Sedes para vacunarse en Moreno&nbsp;<\/strong><\/p>\n\n\n\n<ul class=\"wp-block-list\"><li>Sociedad de fomento Los Para\u00edsos&nbsp; (El salvador 6618 e\/Strauss y Valencia&nbsp; )&nbsp;<\/li><li>Universidad Nacional de Moreno (Dorrego 1990)&nbsp;<\/li><li>Sociedad Espa\u00f1ola&nbsp; (Espa\u00f1a 348 e\/ independencia y Dorrego)&nbsp;<\/li><li>H.D.Z.G. \u201cMariano y Luciano de la Vega\u201d de Moreno (Avenida Libertador N\u00ba 710)&nbsp;<\/li><li>Seccional Moreno ATE (Tucuman 456 e\/ Victorica y Martin Fierro)&nbsp;<\/li><li>Maternidad Provincial \u201cEstela de Carlotto\u201d de Moreno (Maza y Albatros)&nbsp;<\/li><\/ul>\n","protected":false},"excerpt":{"rendered":"<p>Reportaron 46.045 nuevos contagios en el pa\u00eds, un 11% menos que la semana pasada. Moreno lleva m\u00e1s de 1 mill\u00f3n de vacunas aplicas, y contin\u00faa la campa\u00f1a de vacunaci\u00f3n en 6 puntos diferentes del distrito. El Ministerio de Salud report\u00f3 &hellip; <a href=\"https:\/\/morenoprimero.com.ar\/archivo\/disminuyen-los-contagios-de-covid-19-en-el-pais-y-en-moreno-continua-la-campana-vacunacion\/\">Sigue leyendo <span class=\"meta-nav\">&rarr;<\/span><\/a><\/p>\n","protected":false},"author":6,"featured_media":15121,"comment_status":"closed","ping_status":"closed","sticky":false,"template":"","format":"standard","meta":{"footnotes":""},"categories":[21],"tags":[94,6],"class_list":["post-28942","post","type-post","status-publish","format-standard","has-post-thumbnail","hentry","category-interes-general","tag-covid-19","tag-moreno"],"_links":{"self":[{"href":"https:\/\/morenoprimero.com.ar\/archivo\/wp-json\/wp\/v2\/posts\/28942","targetHints":{"allow":["GET"]}}],"collection":[{"href":"https:\/\/morenoprimero.com.ar\/archivo\/wp-json\/wp\/v2\/posts"}],"about":[{"href":"https:\/\/morenoprimero.com.ar\/archivo\/wp-json\/wp\/v2\/types\/post"}],"author":[{"embeddable":true,"href":"https:\/\/morenoprimero.com.ar\/archivo\/wp-json\/wp\/v2\/users\/6"}],"replies":[{"embeddable":true,"href":"https:\/\/morenoprimero.com.ar\/archivo\/wp-json\/wp\/v2\/comments?post=28942"}],"version-history":[{"count":2,"href":"https:\/\/morenoprimero.com.ar\/archivo\/wp-json\/wp\/v2\/posts\/28942\/revisions"}],"predecessor-version":[{"id":28944,"href":"https:\/\/morenoprimero.com.ar\/archivo\/wp-json\/wp\/v2\/posts\/28942\/revisions\/28944"}],"wp:featuredmedia":[{"embeddable":true,"href":"https:\/\/morenoprimero.com.ar\/archivo\/wp-json\/wp\/v2\/media\/15121"}],"wp:attachment":[{"href":"https:\/\/morenoprimero.com.ar\/archivo\/wp-json\/wp\/v2\/media?parent=28942"}],"wp:term":[{"taxonomy":"category","embeddable":true,"href":"https:\/\/morenoprimero.com.ar\/archivo\/wp-json\/wp\/v2\/categories?post=28942"},{"taxonomy":"post_tag","embeddable":true,"href":"https:\/\/morenoprimero.com.ar\/archivo\/wp-json\/wp\/v2\/tags?post=28942"}],"curies":[{"name":"wp","href":"https:\/\/api.w.org\/{rel}","templated":true}]}}