{"id":28935,"date":"2022-06-06T10:13:01","date_gmt":"2022-06-06T13:13:01","guid":{"rendered":"https:\/\/morenoprimero.com.ar\/?p=28935"},"modified":"2022-06-06T10:13:02","modified_gmt":"2022-06-06T13:13:02","slug":"moreno-comienza-el-pago-del-segundo-refuerzo-de-ingresos-de-anses","status":"publish","type":"post","link":"https:\/\/morenoprimero.com.ar\/archivo\/moreno-comienza-el-pago-del-segundo-refuerzo-de-ingresos-de-anses\/","title":{"rendered":"Moreno: comienza el pago del segundo Refuerzo de Ingresos de Anses"},"content":{"rendered":"\n<p>El segundo pago comienza el mi\u00e9rcoles 15 de junio para trabajadores informales, empleadas\/os de casas particulares, monotributistas sociales y monotributistas A y B seg\u00fan terminaci\u00f3n de DNI.<\/p>\n\n\n\n<p><strong>El Pago de Refuerzos de Anses es compatible con prestaciones sociales<\/strong>&nbsp;como las asignaciones Universal por Hijo<strong>&nbsp;(AUH)<\/strong>&nbsp;y por Embarazo<strong>&nbsp;(AUE),<\/strong>&nbsp;la prestaci\u00f3n por Desempleo, el Potenciar Trabajo, la inscripci\u00f3n en el Registro Nacional de trabajadores de la Econom\u00eda Popular y los planes alimentarios provinciales y municipales, como el Alimentar. Esto, permiti\u00f3 que miles de morenenses puedan acceder a \u00e9l sin quedarse o sobreponerse a otras ayudas sociales previamente obtenidas.<\/p>\n\n\n\n<p>En esta oportunidad,  ANSES informa que, el&nbsp;<strong>mi\u00e9rcoles 15 de junio,<\/strong>&nbsp;comienza el segundo pago del Refuerzo de Ingresos para 7,5 millones de trabajadores informales, empleadas\/os de casas particulares, monotributistas sociales y monotributistas A y B seg\u00fan terminaci\u00f3n de DNI. <\/p>\n\n\n\n<p>En ese sentido, el cronograma ser\u00e1 el siguiente:<\/p>\n\n\n\n<p>\u00b7&nbsp;&nbsp;&nbsp;&nbsp;&nbsp;&nbsp;&nbsp;DNI terminados en&nbsp;<strong>0:<\/strong>&nbsp;15 de junio<\/p>\n\n\n\n<p>\u00b7&nbsp;&nbsp;&nbsp;&nbsp;&nbsp;&nbsp;&nbsp;DNI terminados en&nbsp;<strong>1<\/strong>: 16 de junio<\/p>\n\n\n\n<p>\u00b7&nbsp;&nbsp;&nbsp;&nbsp;&nbsp;&nbsp;&nbsp;DNI terminados en&nbsp;<strong>2<\/strong>: 21 de junio<\/p>\n\n\n\n<p>\u00b7&nbsp;&nbsp;&nbsp;&nbsp;&nbsp;&nbsp;&nbsp;DNI terminados en&nbsp;<strong>3<\/strong>: 22 de junio<\/p>\n\n\n\n<p>\u00b7&nbsp;&nbsp;&nbsp;&nbsp;&nbsp;&nbsp;&nbsp;DNI terminados en&nbsp;<strong>4<\/strong>: 23 de junio<\/p>\n\n\n\n<p>\u00b7&nbsp;&nbsp;&nbsp;&nbsp;&nbsp;&nbsp;&nbsp;DNI terminados en&nbsp;<strong>5<\/strong>: 24 de junio<\/p>\n\n\n\n<p>\u00b7&nbsp;&nbsp;&nbsp;&nbsp;&nbsp;&nbsp;&nbsp;DNI terminados en&nbsp;<strong>6<\/strong>: 27 de junio<\/p>\n\n\n\n<p>\u00b7&nbsp;&nbsp;&nbsp;&nbsp;&nbsp;&nbsp;&nbsp;DNI terminados en&nbsp;<strong>7<\/strong>: 28 de junio<\/p>\n\n\n\n<p>\u00b7&nbsp;&nbsp;&nbsp;&nbsp;&nbsp;&nbsp;&nbsp;DNI terminados en&nbsp;<strong>8<\/strong>: 29 de junio<\/p>\n\n\n\n<p>\u00b7&nbsp;&nbsp;&nbsp;&nbsp;&nbsp;&nbsp;&nbsp;DNI terminados en&nbsp;<strong>9<\/strong>: 30+ de junio<\/p>\n\n\n\n<figure class=\"wp-block-image size-large\"><a href=\"https:\/\/morenoprimero.com.ar\/wp-content\/uploads\/2022\/06\/Calendario_RI_2_pago.jpeg\"><img loading=\"lazy\" decoding=\"async\" width=\"1024\" height=\"1024\" src=\"https:\/\/morenoprimero.com.ar\/wp-content\/uploads\/2022\/06\/Calendario_RI_2_pago-1024x1024.jpeg\" alt=\"\" class=\"wp-image-28939\" srcset=\"https:\/\/morenoprimero.com.ar\/archivo\/wp-content\/uploads\/2022\/06\/Calendario_RI_2_pago-1024x1024.jpeg 1024w, https:\/\/morenoprimero.com.ar\/archivo\/wp-content\/uploads\/2022\/06\/Calendario_RI_2_pago-300x300.jpeg 300w, https:\/\/morenoprimero.com.ar\/archivo\/wp-content\/uploads\/2022\/06\/Calendario_RI_2_pago-150x150.jpeg 150w, https:\/\/morenoprimero.com.ar\/archivo\/wp-content\/uploads\/2022\/06\/Calendario_RI_2_pago-768x767.jpeg 768w, https:\/\/morenoprimero.com.ar\/archivo\/wp-content\/uploads\/2022\/06\/Calendario_RI_2_pago.jpeg 1081w\" sizes=\"auto, (max-width: 1024px) 100vw, 1024px\" \/><\/a><\/figure>\n\n\n\n<p>Cabe aclarar que las personas recibir\u00e1n el Refuerzo de Ingresos en la CBU en la que cobraron la primera cuota y que informaron al momento de completar la inscripci\u00f3n.<\/p>\n\n\n\n<p>Desde ANSES,&nbsp;<strong>comunicaron que casi 12 millones de personas se anotaron para recibirlo<\/strong>, pero 1,6 millones hab\u00edan sido rechazadas autom\u00e1ticamente por ser trabajadores\/as formales, tener jubilaci\u00f3n y\/o pensi\u00f3n, no cumplir la edad u otros motivos.<\/p>\n\n\n\n<p><strong>\u201cEste es un refuerzo de ingresos particular para cada uno de los argentinos y argentinas que intentan desde la Anses equilibrar un poco sus ingresos, poder darle una asistencia, una ayuda ya sea por no tener ingresos, por ser parte de la econom\u00eda informal, monotributista clase A y B, personal de casas particulares\u201d<\/strong>, manifest\u00f3 el actual jefe de Anses Moreno, Maxi Venigoni.<\/p>\n\n\n\n<p>Por \u00faltimo, el bono de $18.000 para 7,5 millones de trabajadores se suma a los 6,1 millones de jubilados y jubiladas que est\u00e1n recibiendo el bono de $12.000 en una \u00fanica cuota junto con sus haberes de mayo, por lo que, en total, ser\u00e1n 13,6 millones de personas las que recibir\u00e1n el Refuerzo de Ingresos entre mayo y junio.<\/p>\n\n\n\n<p>Con respecto a esta situaci\u00f3n, el jefe de Anses, inform\u00f3:<strong>&nbsp;\u201cLos jubilados y pensionados s\u00ed cobran autom\u00e1ticamente. As\u00ed que esto es una muestra de que desde el organismo y pol\u00edticamente con un estado presente se ha intentando que este refuerzo les llegue a todas las familias<\/strong>\u00ab.<\/p>\n\n\n\n<p><\/p>\n\n\n\n<p><\/p>\n\n\n\n<p><\/p>\n","protected":false},"excerpt":{"rendered":"<p>El segundo pago comienza el mi\u00e9rcoles 15 de junio para trabajadores informales, empleadas\/os de casas particulares, monotributistas sociales y monotributistas A y B seg\u00fan terminaci\u00f3n de DNI. El Pago de Refuerzos de Anses es compatible con prestaciones sociales&nbsp;como las asignaciones &hellip; <a href=\"https:\/\/morenoprimero.com.ar\/archivo\/moreno-comienza-el-pago-del-segundo-refuerzo-de-ingresos-de-anses\/\">Sigue leyendo <span class=\"meta-nav\">&rarr;<\/span><\/a><\/p>\n","protected":false},"author":6,"featured_media":28936,"comment_status":"closed","ping_status":"closed","sticky":false,"template":"","format":"standard","meta":{"footnotes":""},"categories":[2328],"tags":[36,4045],"class_list":["post-28935","post","type-post","status-publish","format-standard","has-post-thumbnail","hentry","category-local","tag-anses","tag-anses-moreno"],"_links":{"self":[{"href":"https:\/\/morenoprimero.com.ar\/archivo\/wp-json\/wp\/v2\/posts\/28935","targetHints":{"allow":["GET"]}}],"collection":[{"href":"https:\/\/morenoprimero.com.ar\/archivo\/wp-json\/wp\/v2\/posts"}],"about":[{"href":"https:\/\/morenoprimero.com.ar\/archivo\/wp-json\/wp\/v2\/types\/post"}],"author":[{"embeddable":true,"href":"https:\/\/morenoprimero.com.ar\/archivo\/wp-json\/wp\/v2\/users\/6"}],"replies":[{"embeddable":true,"href":"https:\/\/morenoprimero.com.ar\/archivo\/wp-json\/wp\/v2\/comments?post=28935"}],"version-history":[{"count":3,"href":"https:\/\/morenoprimero.com.ar\/archivo\/wp-json\/wp\/v2\/posts\/28935\/revisions"}],"predecessor-version":[{"id":28941,"href":"https:\/\/morenoprimero.com.ar\/archivo\/wp-json\/wp\/v2\/posts\/28935\/revisions\/28941"}],"wp:featuredmedia":[{"embeddable":true,"href":"https:\/\/morenoprimero.com.ar\/archivo\/wp-json\/wp\/v2\/media\/28936"}],"wp:attachment":[{"href":"https:\/\/morenoprimero.com.ar\/archivo\/wp-json\/wp\/v2\/media?parent=28935"}],"wp:term":[{"taxonomy":"category","embeddable":true,"href":"https:\/\/morenoprimero.com.ar\/archivo\/wp-json\/wp\/v2\/categories?post=28935"},{"taxonomy":"post_tag","embeddable":true,"href":"https:\/\/morenoprimero.com.ar\/archivo\/wp-json\/wp\/v2\/tags?post=28935"}],"curies":[{"name":"wp","href":"https:\/\/api.w.org\/{rel}","templated":true}]}}