{"id":28927,"date":"2022-06-04T12:11:42","date_gmt":"2022-06-04T15:11:42","guid":{"rendered":"https:\/\/morenoprimero.com.ar\/?p=28927"},"modified":"2022-06-04T12:11:43","modified_gmt":"2022-06-04T15:11:43","slug":"mariel-fernandez-malena-galmarini-sergio-massa-y-gabriel-katopodis-habilitaron-una-red-cloacal-para-15-000-personas-en-trujui","status":"publish","type":"post","link":"https:\/\/morenoprimero.com.ar\/archivo\/mariel-fernandez-malena-galmarini-sergio-massa-y-gabriel-katopodis-habilitaron-una-red-cloacal-para-15-000-personas-en-trujui\/","title":{"rendered":"Mariel Fern\u00e1ndez, Malena Galmarini, Sergio Massa y Gabriel Katopodis habilitaron una red cloacal para 15.000 personas en Trujui"},"content":{"rendered":"\n<p>La presidenta de AySA, Malena Galmarini, el presidente de la C\u00e1mara de Diputados, Sergio Massa, el Ministro de Obras P\u00fablicas, Gabriel Katopodis y la Intendenta de Moreno, Mariel Fern\u00e1ndez, realizaron la puesta en servicio de una red cloacal que beneficiar\u00e1 a m\u00e1s de 15.000 vecinas y vecinos del barrio San Cayetano, ubicado en la localidad de Trujui.<\/p>\n\n\n\n<p>Adem\u00e1s, desde la Secretar\u00eda de Obras y Servicios P\u00fablicos del Municipio se mejor\u00f3 la calle Pizarro desde Carlos Calvo hasta Eucadis con estabilizado de hormig\u00f3n y se repararon luminarias.<\/p>\n\n\n\n<p>Tras conversar con las vecinas y los vecinos que estuvieron presentes, Malena Galmarini destac\u00f3: \u201cEs una fiesta el barrio. Hoy 15.000 vecinos y vecinas de la localidad de Trujui tienen servicio cloacal, despu\u00e9s de 30 a\u00f1os esperando como nos dec\u00eda Oscar, el vecino que nos hizo de testigo para ver que funcionaba efectivamente la red. Es una obra que tard\u00f3 aproximadamente un a\u00f1o, utilizamos 318 millones de pesos, todav\u00eda nos falta, pero la mayor\u00eda de los barrios de esta localidad ya tienen cloaca\u201d.<\/p>\n\n\n\n<figure class=\"wp-block-gallery columns-3 is-cropped wp-block-gallery-1 is-layout-flex wp-block-gallery-is-layout-flex\"><ul class=\"blocks-gallery-grid\"><li class=\"blocks-gallery-item\"><figure><a href=\"https:\/\/morenoprimero.com.ar\/wp-content\/uploads\/2022\/06\/WhatsApp-Image-2022-06-04-at-11.13.17-AM-1.jpeg\"><img loading=\"lazy\" decoding=\"async\" width=\"1024\" height=\"682\" src=\"https:\/\/morenoprimero.com.ar\/wp-content\/uploads\/2022\/06\/WhatsApp-Image-2022-06-04-at-11.13.17-AM-1-1024x682.jpeg\" alt=\"\" data-id=\"28929\" data-full-url=\"https:\/\/morenoprimero.com.ar\/wp-content\/uploads\/2022\/06\/WhatsApp-Image-2022-06-04-at-11.13.17-AM-1.jpeg\" data-link=\"https:\/\/morenoprimero.com.ar\/?attachment_id=28929\" class=\"wp-image-28929\" srcset=\"https:\/\/morenoprimero.com.ar\/archivo\/wp-content\/uploads\/2022\/06\/WhatsApp-Image-2022-06-04-at-11.13.17-AM-1-1024x682.jpeg 1024w, https:\/\/morenoprimero.com.ar\/archivo\/wp-content\/uploads\/2022\/06\/WhatsApp-Image-2022-06-04-at-11.13.17-AM-1-300x200.jpeg 300w, https:\/\/morenoprimero.com.ar\/archivo\/wp-content\/uploads\/2022\/06\/WhatsApp-Image-2022-06-04-at-11.13.17-AM-1-768x512.jpeg 768w, https:\/\/morenoprimero.com.ar\/archivo\/wp-content\/uploads\/2022\/06\/WhatsApp-Image-2022-06-04-at-11.13.17-AM-1.jpeg 1280w\" sizes=\"auto, (max-width: 1024px) 100vw, 1024px\" \/><\/a><\/figure><\/li><li class=\"blocks-gallery-item\"><figure><a href=\"https:\/\/morenoprimero.com.ar\/wp-content\/uploads\/2022\/06\/WhatsApp-Image-2022-06-04-at-11.13.17-AM.jpeg\"><img loading=\"lazy\" decoding=\"async\" width=\"1024\" height=\"682\" src=\"https:\/\/morenoprimero.com.ar\/wp-content\/uploads\/2022\/06\/WhatsApp-Image-2022-06-04-at-11.13.17-AM-1024x682.jpeg\" alt=\"\" data-id=\"28930\" data-full-url=\"https:\/\/morenoprimero.com.ar\/wp-content\/uploads\/2022\/06\/WhatsApp-Image-2022-06-04-at-11.13.17-AM.jpeg\" data-link=\"https:\/\/morenoprimero.com.ar\/?attachment_id=28930\" class=\"wp-image-28930\" srcset=\"https:\/\/morenoprimero.com.ar\/archivo\/wp-content\/uploads\/2022\/06\/WhatsApp-Image-2022-06-04-at-11.13.17-AM-1024x682.jpeg 1024w, https:\/\/morenoprimero.com.ar\/archivo\/wp-content\/uploads\/2022\/06\/WhatsApp-Image-2022-06-04-at-11.13.17-AM-300x200.jpeg 300w, https:\/\/morenoprimero.com.ar\/archivo\/wp-content\/uploads\/2022\/06\/WhatsApp-Image-2022-06-04-at-11.13.17-AM-768x512.jpeg 768w, https:\/\/morenoprimero.com.ar\/archivo\/wp-content\/uploads\/2022\/06\/WhatsApp-Image-2022-06-04-at-11.13.17-AM.jpeg 1280w\" sizes=\"auto, (max-width: 1024px) 100vw, 1024px\" \/><\/a><\/figure><\/li><li class=\"blocks-gallery-item\"><figure><a href=\"https:\/\/morenoprimero.com.ar\/wp-content\/uploads\/2022\/06\/WhatsApp-Image-2022-06-04-at-11.13.18-AM-1.jpeg\"><img loading=\"lazy\" decoding=\"async\" width=\"1024\" height=\"682\" src=\"https:\/\/morenoprimero.com.ar\/wp-content\/uploads\/2022\/06\/WhatsApp-Image-2022-06-04-at-11.13.18-AM-1-1024x682.jpeg\" alt=\"\" data-id=\"28931\" data-full-url=\"https:\/\/morenoprimero.com.ar\/wp-content\/uploads\/2022\/06\/WhatsApp-Image-2022-06-04-at-11.13.18-AM-1.jpeg\" data-link=\"https:\/\/morenoprimero.com.ar\/?attachment_id=28931\" class=\"wp-image-28931\" srcset=\"https:\/\/morenoprimero.com.ar\/archivo\/wp-content\/uploads\/2022\/06\/WhatsApp-Image-2022-06-04-at-11.13.18-AM-1-1024x682.jpeg 1024w, https:\/\/morenoprimero.com.ar\/archivo\/wp-content\/uploads\/2022\/06\/WhatsApp-Image-2022-06-04-at-11.13.18-AM-1-300x200.jpeg 300w, https:\/\/morenoprimero.com.ar\/archivo\/wp-content\/uploads\/2022\/06\/WhatsApp-Image-2022-06-04-at-11.13.18-AM-1-768x512.jpeg 768w, https:\/\/morenoprimero.com.ar\/archivo\/wp-content\/uploads\/2022\/06\/WhatsApp-Image-2022-06-04-at-11.13.18-AM-1.jpeg 1280w\" sizes=\"auto, (max-width: 1024px) 100vw, 1024px\" \/><\/a><\/figure><\/li><li class=\"blocks-gallery-item\"><figure><a href=\"https:\/\/morenoprimero.com.ar\/wp-content\/uploads\/2022\/06\/WhatsApp-Image-2022-06-04-at-11.13.18-AM.jpeg\"><img loading=\"lazy\" decoding=\"async\" width=\"1024\" height=\"682\" src=\"https:\/\/morenoprimero.com.ar\/wp-content\/uploads\/2022\/06\/WhatsApp-Image-2022-06-04-at-11.13.18-AM-1024x682.jpeg\" alt=\"\" data-id=\"28932\" data-full-url=\"https:\/\/morenoprimero.com.ar\/wp-content\/uploads\/2022\/06\/WhatsApp-Image-2022-06-04-at-11.13.18-AM.jpeg\" data-link=\"https:\/\/morenoprimero.com.ar\/?attachment_id=28932\" class=\"wp-image-28932\" srcset=\"https:\/\/morenoprimero.com.ar\/archivo\/wp-content\/uploads\/2022\/06\/WhatsApp-Image-2022-06-04-at-11.13.18-AM-1024x682.jpeg 1024w, https:\/\/morenoprimero.com.ar\/archivo\/wp-content\/uploads\/2022\/06\/WhatsApp-Image-2022-06-04-at-11.13.18-AM-300x200.jpeg 300w, https:\/\/morenoprimero.com.ar\/archivo\/wp-content\/uploads\/2022\/06\/WhatsApp-Image-2022-06-04-at-11.13.18-AM-768x512.jpeg 768w, https:\/\/morenoprimero.com.ar\/archivo\/wp-content\/uploads\/2022\/06\/WhatsApp-Image-2022-06-04-at-11.13.18-AM.jpeg 1280w\" sizes=\"auto, (max-width: 1024px) 100vw, 1024px\" \/><\/a><\/figure><\/li><\/ul><\/figure>\n\n\n\n<p>Por su parte, Mariel Fern\u00e1ndez declar\u00f3: \u201cEs una felicidad muy grande estar con Massa, con el ministro Katopodis y Malena en un d\u00eda tan especial para las mujeres, porque hoy es es el Ni Una Menos, as\u00ed que vamos a estar compartiendo las calles en la ciudad. Felices de la obra concretada, de poder comenzar algo y terminarlo. Lo m\u00e1s lindo es poder disfrutar con los vecinos de este momento de felicidad\u201d.<\/p>\n\n\n\n<p>La obra de la \u201cRed Secundaria Cloacal San Cayetano I\u201d inici\u00f3 en el 2020 bajo la gesti\u00f3n de Malena Galmarini, con el objetivo de seguir expandiendo el servicio de saneamiento en Moreno. La misma requiri\u00f3 la instalaci\u00f3n de 20.100mts de ca\u00f1er\u00edas para brindar el servicio a un pol\u00edgono de 80 manzanas. Luego de esta puesta en servicio, m\u00e1s de 2.300 hogares ya pueden conectarse a la red.<\/p>\n\n\n\n<p>\u201cTener la red cloacal reemplaza casi 20.000 pesos al a\u00f1o del gasto que representa para los vecinos el servicio del cami\u00f3n atmosf\u00e9rico, adem\u00e1s del cambio en la calidad de vida. El agua, las cloacas, el pavimento, la iluminaci\u00f3n, son obras centrales para mejorar la calidad de vida y el desarrollo del conurbano. Eso se refleja en n\u00fameros concretos, que es que vamos a llegar a diciembre 2023 con casi un mill\u00f3n de vecinos m\u00e1s con agua corriente y cloacas\u201d, expres\u00f3 Massa.<\/p>\n\n\n\n<p>Adem\u00e1s, Gabriel Katopodis agreg\u00f3: \u201cHay una decisi\u00f3n pol\u00edtica para que hoy en Moreno cada 10 o15 cuadras haya una obra p\u00fablica nacional, provincial o municipal. Hoy dando este paso de la red de cloaca, que es la diferencia entre vivir bien y vivir mal. Tener agua, cloaca, pavimento es dignidad, es el paso que cualquier familia necesita para sentir que cuenta con las condiciones necesarias para poder desarrollarse. As\u00ed que contentos de trabajar siempre y de seguir garantizando que la obra p\u00fablica en la Argentina va a seguir multiplic\u00e1ndose, ac\u00e1 en Moreno y en cada rinc\u00f3n del pa\u00eds\u201d.<\/p>\n\n\n\n<p>Actualmente AySA tiene 48 obras activas en distintas etapas en el partido de Moreno y se proyecta la ampliaci\u00f3n de cobertura del servicio de cloacas a un 47% para 2023. Las mismas se encuentran disponibles en: <a href=\"https:\/\/obras.aysa.com.ar\/\" target=\"_blank\" rel=\"noreferrer noopener\">https:\/\/obras.aysa.com.ar\/<\/a><\/p>\n\n\n\n<p>En esa l\u00ednea, la presidenta de AySA concluy\u00f3: \u201cYa tenemos adjudicada la ampliaci\u00f3n de las Catonas, que eso va a hacer que podamos ampliar la red a todo Moreno. Moreno es uno de los distritos m\u00e1s castigados, pas\u00f3 a AySA en el 2017, sin ning\u00fan tipo de planificaci\u00f3n. Hoy con el empuje del ministro Katopodis y la decisi\u00f3n pol\u00edtica del presidente de la Naci\u00f3n, ya estamos con la obra adjudicada. As\u00ed que dentro de poco vendremos a poner la piedra fundamental de esta ampliaci\u00f3n, que es tan necesaria, que estamos esperando hace ya un a\u00f1o y que nos pone tan contentos\u201d.<\/p>\n\n\n\n<p>Adem\u00e1s, estuvieron presentes Sonia Kabala, Gerenta General de la Agencia de Planificaci\u00f3n (APLA); D\u00e9bora Gal\u00e1n, diputada provincial; Rub\u00e9n Eslaiman, Vicepresidente C\u00e1mara de Diputados; Dami\u00e1n Contreras, concejal de Moreno y Alberto Freire, Director General Operativo de AySA y equipo t\u00e9cnico de la Regi\u00f3n Oeste.<\/p>\n","protected":false},"excerpt":{"rendered":"<p>La presidenta de AySA, Malena Galmarini, el presidente de la C\u00e1mara de Diputados, Sergio Massa, el Ministro de Obras P\u00fablicas, Gabriel Katopodis y la Intendenta de Moreno, Mariel Fern\u00e1ndez, realizaron la puesta en servicio de una red cloacal que beneficiar\u00e1 &hellip; <a href=\"https:\/\/morenoprimero.com.ar\/archivo\/mariel-fernandez-malena-galmarini-sergio-massa-y-gabriel-katopodis-habilitaron-una-red-cloacal-para-15-000-personas-en-trujui\/\">Sigue leyendo <span class=\"meta-nav\">&rarr;<\/span><\/a><\/p>\n","protected":false},"author":6,"featured_media":28928,"comment_status":"closed","ping_status":"closed","sticky":false,"template":"","format":"standard","meta":{"footnotes":""},"categories":[2328],"tags":[276,6],"class_list":["post-28927","post","type-post","status-publish","format-standard","has-post-thumbnail","hentry","category-local","tag-mariel-fernandez","tag-moreno"],"_links":{"self":[{"href":"https:\/\/morenoprimero.com.ar\/archivo\/wp-json\/wp\/v2\/posts\/28927","targetHints":{"allow":["GET"]}}],"collection":[{"href":"https:\/\/morenoprimero.com.ar\/archivo\/wp-json\/wp\/v2\/posts"}],"about":[{"href":"https:\/\/morenoprimero.com.ar\/archivo\/wp-json\/wp\/v2\/types\/post"}],"author":[{"embeddable":true,"href":"https:\/\/morenoprimero.com.ar\/archivo\/wp-json\/wp\/v2\/users\/6"}],"replies":[{"embeddable":true,"href":"https:\/\/morenoprimero.com.ar\/archivo\/wp-json\/wp\/v2\/comments?post=28927"}],"version-history":[{"count":1,"href":"https:\/\/morenoprimero.com.ar\/archivo\/wp-json\/wp\/v2\/posts\/28927\/revisions"}],"predecessor-version":[{"id":28933,"href":"https:\/\/morenoprimero.com.ar\/archivo\/wp-json\/wp\/v2\/posts\/28927\/revisions\/28933"}],"wp:featuredmedia":[{"embeddable":true,"href":"https:\/\/morenoprimero.com.ar\/archivo\/wp-json\/wp\/v2\/media\/28928"}],"wp:attachment":[{"href":"https:\/\/morenoprimero.com.ar\/archivo\/wp-json\/wp\/v2\/media?parent=28927"}],"wp:term":[{"taxonomy":"category","embeddable":true,"href":"https:\/\/morenoprimero.com.ar\/archivo\/wp-json\/wp\/v2\/categories?post=28927"},{"taxonomy":"post_tag","embeddable":true,"href":"https:\/\/morenoprimero.com.ar\/archivo\/wp-json\/wp\/v2\/tags?post=28927"}],"curies":[{"name":"wp","href":"https:\/\/api.w.org\/{rel}","templated":true}]}}