{"id":28915,"date":"2022-06-03T16:32:23","date_gmt":"2022-06-03T19:32:23","guid":{"rendered":"https:\/\/morenoprimero.com.ar\/?p=28915"},"modified":"2022-06-03T16:32:24","modified_gmt":"2022-06-03T19:32:24","slug":"josefina-diaz-ciarlo-nosotras-tenemos-en-claro-que-cuantos-mas-dispositivos-barriales-existan-mas-posibilidades-tiene-esa-mujer-de-pedir-ayuda-y-de-ser-ayudada","status":"publish","type":"post","link":"https:\/\/morenoprimero.com.ar\/archivo\/josefina-diaz-ciarlo-nosotras-tenemos-en-claro-que-cuantos-mas-dispositivos-barriales-existan-mas-posibilidades-tiene-esa-mujer-de-pedir-ayuda-y-de-ser-ayudada\/","title":{"rendered":"Josefina D\u00edaz Ciarlo: \u00abNosotras tenemos en claro que cu\u00e1ntos m\u00e1s dispositivos barriales existan, m\u00e1s posibilidades tiene esa mujer de pedir ayuda y de ser ayudada\u00bb"},"content":{"rendered":"\n<h5 class=\"wp-block-heading\">A siete a\u00f1os del primer Ni una Menos, esa inmensa movilizaci\u00f3n espont\u00e1nea y llena de rabia que inund\u00f3 las calles de todo el pa\u00eds, nuevamente se repite esa historia en una jornada con distintas movilizaciones y actividades.Desde Moreno Primero, dialogamos con Josefina D\u00edaz Ciarlo, Concejal de FDT Moreno, presidenta de la comisi\u00f3n de g\u00e9nero del HCD y militante feminista.&nbsp;<\/h5>\n\n\n\n<p>Consultada sobre las consignas y demandas m\u00e1s importantes que tanto hoy como el pasado 8 de mayo atravesaron y atraviesan la agenda feminista, Josefina nos expres\u00f3:<strong> \u00abVenimos de cuatro a\u00f1os de Macrismo y dos de Pandemia, que visibilizaron a\u00fan m\u00e1s las violencias que recaen sobre las mujeres. La pandemia y el encierro, por su parte, han dejado al descubierto las desigualdades sociales que atravesamos las mujeres y lo complejo que es salir de ellas\u00bb.<\/strong><\/p>\n\n\n\n<p>Adem\u00e1s, agreg\u00f3: <strong>\u00abConsidero que estamos en un momento donde los debates de cara a los roles que ocupamos las mujeres en la sociedad, hoy se hacen con una situaci\u00f3n particular y distinta, que tiene que ver con poder enmarcarlas dentro de un Ministerio de Mujeres G\u00e9nero y Diversidad tanto a nivel nacional como provincial,y una Secretaria de Mujeres G\u00e9nero y Diversidades a nivel local\u00bb.<\/strong><\/p>\n\n\n\n<p>Sobre la discusi\u00f3n en torno a las pol\u00edticas de cuidados, que luego de la pandemia se pusieron mucho m\u00e1s en evidencia, Josefina destac\u00f3 la importancia de implementar leyes que acompa\u00f1en las demandas que surgen de los debates feministas, y dijo:<strong> \u00abUna de las cuestiones tiene que ver con el proyecto de Ley que se present\u00f3 a nivel nacional respecto a los cuidados que busca extender las licencias por paternidad, posibilitando que los primeros meses de crianza sean una responsabilidad compartida\u00bb.<\/strong><\/p>\n\n\n\n<p>En relaci\u00f3n a la otra gran demanda de la jornada;<strong> la necesidad de una reforma judicial con perspectiva de g\u00e9nero<\/strong>, la concejal del FDT manifest\u00f3 que \u00abhay una realidad cultural y social que no cambia a pesar de las pol\u00edticas p\u00fablicas que se van implementando, hay una cultura machista que posibilita al femicida a matar, le da espacio para que la realidad sea que una mujer por d\u00eda muera en Argentina\u201d, y agreg\u00f3: <strong>\u201cNosotros como organizaci\u00f3n esta semana despedimos a dos compa\u00f1eras v\u00edctimas de femicidio, Araceli Moreno, referenta de su barrio, que se organiza para erradicar la violencia de g\u00e9nero, fue prendida fuego por su pareja, y Milagros, otra compa\u00f1era de Avellaneda, trabajadora de un espacio comunitario que fue prendida fuego por su ex, luch\u00f3 por su vida dos meses y est\u00e1 semana tenemos lamentar su muerte. Necesitamos una reforma judicial , tenemos que poder cambiar la l\u00f3gica patriarcal, poder dar respuestas m\u00e1s r\u00e1pidas frente a los pedidos de medidas de protecci\u00f3n\u00bb<\/strong>, culmin\u00f3 la concejal.<\/p>\n\n\n\n<p><\/p>\n\n\n\n<p>Con respecto a su rol dentro de Honorable Concejo deliberante, como presidenta de la comisi\u00f3n de g\u00e9nero, Josefina nos cont\u00f3 algunas de las acciones que se vienen desarrollando:<strong> \u00abEste a\u00f1o estamos trabajando m\u00e1s con el acompa\u00f1amiento a las leyes nacionales, hemos planteado la necesidad de pensar un protocolo de acci\u00f3n interna del HCD, los parlamentos de mujeres de g\u00e9neros y diversidades con funcionamiento de las organizaciones de la sociedad civil, y vecinos y vecinas que quieran ser parte. Tambi\u00e9n estamos planteando algunas acciones acerca de repensar las masculinidades, hay un programa de masculinidades en el municipio que queremos que sea ordenanza para que quede perpetuado m\u00e1s all\u00e1 de la gesti\u00f3n que gobierne\u00bb.<\/strong><\/p>\n\n\n\n<p>Por \u00faltimo se refiri\u00f3 al rol de Mariel Fern\u00e1ndez al frente del gobierno local, y todas las acciones en materia de lucha contra las violencias hacia las mujeres que se vienen desarrollando:<strong> \u00abNosotros en Moreno, tenemos un gobierno bien feminista, conducido por una mujer bien feminista, el HCD de Moreno est\u00e1 conducido por una mujer feminista y muchas de las que componemos este gobierno somos militantes del feminismo popular\u00bb.<\/strong><\/p>\n\n\n\n<p>Finalmente, continu\u00f3 mencionando algunas de las pol\u00edticas m\u00e1s importantes que se vienen desarrollando en todo el territorio de Moreno: \u00abLa perspectiva de g\u00e9nero de este gobierno se ve materializada de forma transversal en todas las pol\u00edticas p\u00fablicas que se implementan\u00bb, y ejemplific\u00f3 diciendo: <strong>\u00abSomos el municipio con m\u00e1s promotoras de g\u00e9nero a nivel provincial, tenemos 750 promotoras de g\u00e9nero Micaela Garc\u00eda. Nosotras tenemos en claro que cu\u00e1nto m\u00e1s dispositivos barriales existan m\u00e1s posibilidades tiene esa mujer de pedir ayuda y ser ayudaba, en ese sentido entran en valor todos los puntos violetas que existen en nuestro municipio, que permiten que la mujer no tenga que acudir a un lugar en Moreno centro sino que en su barrio encuentre un dispositivo para pedir ayuda, o simplemente informarse\u00bb.<\/strong><\/p>\n\n\n\n<p>Josefina, finaliz\u00f3 diciendo que <strong>\u00abtenemos que poder seguir pensando, profundizando y ejecutando pol\u00edticas p\u00fablicas que nos acerquen a una sociedad deconstruida, que deje de ser machista y patriarcal<\/strong>\u00ab.<\/p>\n","protected":false},"excerpt":{"rendered":"<p>A siete a\u00f1os del primer Ni una Menos, esa inmensa movilizaci\u00f3n espont\u00e1nea y llena de rabia que inund\u00f3 las calles de todo el pa\u00eds, nuevamente se repite esa historia en una jornada con distintas movilizaciones y actividades.Desde Moreno Primero, dialogamos &hellip; <a href=\"https:\/\/morenoprimero.com.ar\/archivo\/josefina-diaz-ciarlo-nosotras-tenemos-en-claro-que-cuantos-mas-dispositivos-barriales-existan-mas-posibilidades-tiene-esa-mujer-de-pedir-ayuda-y-de-ser-ayudada\/\">Sigue leyendo <span class=\"meta-nav\">&rarr;<\/span><\/a><\/p>\n","protected":false},"author":6,"featured_media":28916,"comment_status":"closed","ping_status":"closed","sticky":false,"template":"","format":"standard","meta":{"footnotes":""},"categories":[2,2331],"tags":[1049,6,4076],"class_list":["post-28915","post","type-post","status-publish","format-standard","has-post-thumbnail","hentry","category-destacadas","category-genero","tag-genero-3","tag-moreno","tag-secretaria-mujeres-genero-y-diversidades"],"_links":{"self":[{"href":"https:\/\/morenoprimero.com.ar\/archivo\/wp-json\/wp\/v2\/posts\/28915","targetHints":{"allow":["GET"]}}],"collection":[{"href":"https:\/\/morenoprimero.com.ar\/archivo\/wp-json\/wp\/v2\/posts"}],"about":[{"href":"https:\/\/morenoprimero.com.ar\/archivo\/wp-json\/wp\/v2\/types\/post"}],"author":[{"embeddable":true,"href":"https:\/\/morenoprimero.com.ar\/archivo\/wp-json\/wp\/v2\/users\/6"}],"replies":[{"embeddable":true,"href":"https:\/\/morenoprimero.com.ar\/archivo\/wp-json\/wp\/v2\/comments?post=28915"}],"version-history":[{"count":1,"href":"https:\/\/morenoprimero.com.ar\/archivo\/wp-json\/wp\/v2\/posts\/28915\/revisions"}],"predecessor-version":[{"id":28919,"href":"https:\/\/morenoprimero.com.ar\/archivo\/wp-json\/wp\/v2\/posts\/28915\/revisions\/28919"}],"wp:featuredmedia":[{"embeddable":true,"href":"https:\/\/morenoprimero.com.ar\/archivo\/wp-json\/wp\/v2\/media\/28916"}],"wp:attachment":[{"href":"https:\/\/morenoprimero.com.ar\/archivo\/wp-json\/wp\/v2\/media?parent=28915"}],"wp:term":[{"taxonomy":"category","embeddable":true,"href":"https:\/\/morenoprimero.com.ar\/archivo\/wp-json\/wp\/v2\/categories?post=28915"},{"taxonomy":"post_tag","embeddable":true,"href":"https:\/\/morenoprimero.com.ar\/archivo\/wp-json\/wp\/v2\/tags?post=28915"}],"curies":[{"name":"wp","href":"https:\/\/api.w.org\/{rel}","templated":true}]}}