{"id":28871,"date":"2022-06-03T13:09:39","date_gmt":"2022-06-03T16:09:39","guid":{"rendered":"https:\/\/morenoprimero.com.ar\/?p=28871"},"modified":"2022-06-03T13:13:48","modified_gmt":"2022-06-03T16:13:48","slug":"dos-anos-trabajando-por-las-mujeres-y-diversidades-de-moreno","status":"publish","type":"post","link":"https:\/\/morenoprimero.com.ar\/archivo\/dos-anos-trabajando-por-las-mujeres-y-diversidades-de-moreno\/","title":{"rendered":"Dos a\u00f1os trabajando por las mujeres y diversidades de Moreno"},"content":{"rendered":"\n<p>En un nuevo 3J, desde Moreno Primero, dialogamos con la secretaria de Mujeres, G\u00e9neros y Violencias, Lis D\u00edaz quien afirm\u00f3 que \u00ablas 550 promotoras de g\u00e9nero \u201cMicaela Garc\u00eda\u201d est\u00e1n organizadas en una red territorial en Moreno y permiti\u00f3 construir 30 puntos violetas, que son espacios de gesti\u00f3n descentralizada, donde las promotoras realizan escucha y derivaci\u00f3n.<\/p>\n\n\n\n<p>A lo largo de estos \u00faltimos dos a\u00f1os en el municipio de Moreno se realizaron diferentes actividades en pos del bienestar de las mujeres y diversidades que viven en el distrito. Todo comenz\u00f3 aquel 25 de noviembre del 2020 cuando, en el marco del D\u00eda de la Eliminaci\u00f3n de la Violencia contra la Mujer, la intendenta Mariel Fern\u00e1ndez anunci\u00f3 la creaci\u00f3n de la Secretaria de Mujeres, G\u00e9neros y Diversidades que, desde el minuto uno busc\u00f3 y busca <strong>transformar la realidad de las mujeres y del colectivo LGBTIQ+.<\/strong><\/p>\n\n\n\n<p><strong>\u201cHemos podido aumentar el n\u00famero de atenciones, el n\u00famero del equipo t\u00e9cnico, construir una red territorial de promotoras contra la violencia que nos permite fortalecer pol\u00edticas de prevenci\u00f3n que lleva adelante la Secretar\u00eda, y tambi\u00e9n poder llevar adelante un gran desaf\u00edo, un objetivo que nos propusimos como Secretar\u00eda y que pudimos concretar en el 2020 que es el Hogar Camila, el cual nos permiti\u00f3 dar respuesta a muchas personas que estuvieran alojadas en el hogar y que encontraron un espacio de resguardo para poder ser m\u00e1s unidas y salir de la violencia<\/strong>\u201d expresaba a este medio, Lis D\u00edaz, secretaria de Mujeres, G\u00e9neros y Diversidades.<\/p>\n\n\n\n<p><\/p>\n\n\n\n<figure class=\"wp-block-gallery columns-2 is-cropped wp-block-gallery-1 is-layout-flex wp-block-gallery-is-layout-flex\"><ul class=\"blocks-gallery-grid\"><li class=\"blocks-gallery-item\"><figure><a href=\"https:\/\/morenoprimero.com.ar\/wp-content\/uploads\/2022\/06\/269819958_422536882988459_1609451635299673730_n-2-1024x684.jpg\"><img loading=\"lazy\" decoding=\"async\" width=\"1024\" height=\"684\" src=\"https:\/\/morenoprimero.com.ar\/wp-content\/uploads\/2022\/06\/269819958_422536882988459_1609451635299673730_n-2-1024x684.jpg\" alt=\"\" data-id=\"28889\" class=\"wp-image-28889\" srcset=\"https:\/\/morenoprimero.com.ar\/archivo\/wp-content\/uploads\/2022\/06\/269819958_422536882988459_1609451635299673730_n-2-1024x684.jpg 1024w, https:\/\/morenoprimero.com.ar\/archivo\/wp-content\/uploads\/2022\/06\/269819958_422536882988459_1609451635299673730_n-2-300x200.jpg 300w, https:\/\/morenoprimero.com.ar\/archivo\/wp-content\/uploads\/2022\/06\/269819958_422536882988459_1609451635299673730_n-2-768x513.jpg 768w, https:\/\/morenoprimero.com.ar\/archivo\/wp-content\/uploads\/2022\/06\/269819958_422536882988459_1609451635299673730_n-2.jpg 1080w\" sizes=\"auto, (max-width: 1024px) 100vw, 1024px\" \/><\/a><\/figure><\/li><li class=\"blocks-gallery-item\"><figure><a href=\"https:\/\/morenoprimero.com.ar\/wp-content\/uploads\/2022\/06\/DM_20220201161239_001-1.jpg\"><img loading=\"lazy\" decoding=\"async\" width=\"1024\" height=\"512\" src=\"https:\/\/morenoprimero.com.ar\/wp-content\/uploads\/2022\/06\/DM_20220201161239_001-1-1024x512.jpg\" alt=\"\" data-id=\"28890\" data-full-url=\"https:\/\/morenoprimero.com.ar\/wp-content\/uploads\/2022\/06\/DM_20220201161239_001-1.jpg\" data-link=\"https:\/\/morenoprimero.com.ar\/?attachment_id=28890\" class=\"wp-image-28890\" srcset=\"https:\/\/morenoprimero.com.ar\/archivo\/wp-content\/uploads\/2022\/06\/DM_20220201161239_001-1-1024x512.jpg 1024w, https:\/\/morenoprimero.com.ar\/archivo\/wp-content\/uploads\/2022\/06\/DM_20220201161239_001-1-300x150.jpg 300w, https:\/\/morenoprimero.com.ar\/archivo\/wp-content\/uploads\/2022\/06\/DM_20220201161239_001-1-768x384.jpg 768w, https:\/\/morenoprimero.com.ar\/archivo\/wp-content\/uploads\/2022\/06\/DM_20220201161239_001-1.jpg 1280w\" sizes=\"auto, (max-width: 1024px) 100vw, 1024px\" \/><\/a><figcaption class=\"blocks-gallery-item__caption\">30 morenenses pudieron disfrutar de sus primeras vacaciones libres de violencias con el programa \u00abMar para todas\u00bb.<\/figcaption><\/figure><\/li><\/ul><\/figure>\n\n\n\n<p>Actualmente el municipio cuenta con la participaci\u00f3n y atenci\u00f3n de m\u00e1s de 550 promotoras de g\u00e9nero \u201cMicaela Garc\u00eda\u201d, las mismas <strong>est\u00e1n organizadas en una red territorial en Moreno que es muy extensa y que \u201cpermiti\u00f3 construir 30 puntos violetas, que son espacios de gesti\u00f3n descentralizada, donde las promotoras realizan escucha y derivaci\u00f3n. Eso nos da una pauta de cu\u00e1les son las problem\u00e1ticas que se est\u00e1n viviendo en cada barrio\u201d explicaba la secretaria de mujeres, g\u00e9neros y diversidades.<\/strong><\/p>\n\n\n\n<figure class=\"wp-block-gallery columns-2 is-cropped wp-block-gallery-2 is-layout-flex wp-block-gallery-is-layout-flex\"><ul class=\"blocks-gallery-grid\"><li class=\"blocks-gallery-item\"><figure><a href=\"https:\/\/morenoprimero.com.ar\/wp-content\/uploads\/2022\/06\/espacios-violetas.jpg\"><img loading=\"lazy\" decoding=\"async\" width=\"954\" height=\"1024\" src=\"https:\/\/morenoprimero.com.ar\/wp-content\/uploads\/2022\/06\/espacios-violetas.jpg\" alt=\"\" data-id=\"28877\" class=\"wp-image-28877\" srcset=\"https:\/\/morenoprimero.com.ar\/archivo\/wp-content\/uploads\/2022\/06\/espacios-violetas.jpg 954w, https:\/\/morenoprimero.com.ar\/archivo\/wp-content\/uploads\/2022\/06\/espacios-violetas-279x300.jpg 279w, https:\/\/morenoprimero.com.ar\/archivo\/wp-content\/uploads\/2022\/06\/espacios-violetas-768x824.jpg 768w\" sizes=\"auto, (max-width: 954px) 100vw, 954px\" \/><\/a><\/figure><\/li><li class=\"blocks-gallery-item\"><figure><a href=\"https:\/\/morenoprimero.com.ar\/wp-content\/uploads\/2022\/06\/255184773_1392999857764515_3906675065040018520_n.jpg\"><img loading=\"lazy\" decoding=\"async\" width=\"682\" height=\"454\" src=\"https:\/\/morenoprimero.com.ar\/wp-content\/uploads\/2022\/06\/255184773_1392999857764515_3906675065040018520_n.jpg\" alt=\"\" data-id=\"28879\" data-full-url=\"https:\/\/morenoprimero.com.ar\/wp-content\/uploads\/2022\/06\/255184773_1392999857764515_3906675065040018520_n.jpg\" data-link=\"https:\/\/morenoprimero.com.ar\/?attachment_id=28879\" class=\"wp-image-28879\" srcset=\"https:\/\/morenoprimero.com.ar\/archivo\/wp-content\/uploads\/2022\/06\/255184773_1392999857764515_3906675065040018520_n.jpg 682w, https:\/\/morenoprimero.com.ar\/archivo\/wp-content\/uploads\/2022\/06\/255184773_1392999857764515_3906675065040018520_n-300x200.jpg 300w\" sizes=\"auto, (max-width: 682px) 100vw, 682px\" \/><\/a><\/figure><\/li><\/ul><\/figure>\n\n\n\n<p>&nbsp;El nombre que se les da a las promotoras de g\u00e9nero es en honor a la joven militante pol\u00edtica, que fue v\u00edctima de femicidio en el a\u00f1o 2017 cuyo crimen abri\u00f3 un camino de lucha que dio paso a la Ley Micaela Garc\u00eda, promulgada el 10 de enero de 2019, y que establece la capacitaci\u00f3n obligatoria en g\u00e9nero y violencia de g\u00e9nero para todas las personas que se desempe\u00f1an en la funci\u00f3n p\u00fablica, en los poderes Ejecutivo, Legislativo y Judicial de la Naci\u00f3n.<\/p>\n\n\n\n<p>En ese sentido, una de las integrantes del punto violeta del barrio \u201cLos nogales\u201d en Cascallares, Carla Paolillo, expres\u00f3: \u201c<strong>Nuestro trabajo es justamente poder hacerle entender a cada una de esas mujeres, de esas disidencias, de esas ni\u00f1eces que no est\u00e1n solas, que la escucha tambi\u00e9n llega al barrio, y que hoy en d\u00eda hay una pol\u00edtica de estado que se da s\u00f3lo en el partido de Moreno, algo que es para destacar y que sigue creciendo d\u00eda a d\u00eda\u201d<\/strong>.<\/p>\n\n\n\n<p>La violencia de g\u00e9nero no s\u00f3lo se trabaja en los puntos violetas de todo el distrito, sino tambi\u00e9n se hace foco en las masculinidades, desde la Secretaria de Mujeres, G\u00e9neros y Diversidades, tambi\u00e9n se impuls\u00f3 el \u201ctaller de masculinidades\u201d que ha brindado para trabajadores municipales. Adem\u00e1s, Moreno cuenta con un Dispositivo para Varones que Ejercen Violencia en el Centro de Contenci\u00f3n Juvenil en el marco del programa \u201cAtenci\u00f3n a las masculinidades\u201d.<\/p>\n\n\n\n<figure class=\"wp-block-gallery columns-2 is-cropped wp-block-gallery-3 is-layout-flex wp-block-gallery-is-layout-flex\"><ul class=\"blocks-gallery-grid\"><li class=\"blocks-gallery-item\"><figure><a href=\"https:\/\/morenoprimero.com.ar\/wp-content\/uploads\/2022\/06\/masculinidades.jpg\"><img loading=\"lazy\" decoding=\"async\" width=\"960\" height=\"640\" src=\"https:\/\/morenoprimero.com.ar\/wp-content\/uploads\/2022\/06\/masculinidades.jpg\" alt=\"\" data-id=\"28880\" class=\"wp-image-28880\" srcset=\"https:\/\/morenoprimero.com.ar\/archivo\/wp-content\/uploads\/2022\/06\/masculinidades.jpg 960w, https:\/\/morenoprimero.com.ar\/archivo\/wp-content\/uploads\/2022\/06\/masculinidades-300x200.jpg 300w, https:\/\/morenoprimero.com.ar\/archivo\/wp-content\/uploads\/2022\/06\/masculinidades-768x512.jpg 768w\" sizes=\"auto, (max-width: 960px) 100vw, 960px\" \/><\/a><\/figure><\/li><li class=\"blocks-gallery-item\"><figure><a href=\"https:\/\/morenoprimero.com.ar\/wp-content\/uploads\/2022\/06\/248346477_386301933278621_7151557233929923717_n.jpg\"><img loading=\"lazy\" decoding=\"async\" width=\"960\" height=\"640\" src=\"https:\/\/morenoprimero.com.ar\/wp-content\/uploads\/2022\/06\/248346477_386301933278621_7151557233929923717_n.jpg\" alt=\"\" data-id=\"28881\" data-full-url=\"https:\/\/morenoprimero.com.ar\/wp-content\/uploads\/2022\/06\/248346477_386301933278621_7151557233929923717_n.jpg\" data-link=\"https:\/\/morenoprimero.com.ar\/?attachment_id=28881\" class=\"wp-image-28881\" srcset=\"https:\/\/morenoprimero.com.ar\/archivo\/wp-content\/uploads\/2022\/06\/248346477_386301933278621_7151557233929923717_n.jpg 960w, https:\/\/morenoprimero.com.ar\/archivo\/wp-content\/uploads\/2022\/06\/248346477_386301933278621_7151557233929923717_n-300x200.jpg 300w, https:\/\/morenoprimero.com.ar\/archivo\/wp-content\/uploads\/2022\/06\/248346477_386301933278621_7151557233929923717_n-768x512.jpg 768w\" sizes=\"auto, (max-width: 960px) 100vw, 960px\" \/><\/a><\/figure><\/li><\/ul><\/figure>\n\n\n\n<p><\/p>\n\n\n\n<p>Por otro lado, tambi\u00e9n se realizaron jornadas de salud integral dirigido a todas las morenenses tanto en Plaza San Martin como en diferentes centros culturales u operativos barriales, tambi\u00e9n, con el objetivo de acompa\u00f1ar a las mujeres v\u00edctimas de violencias, el Imdel entreg\u00f3 maquinarias y herramientas para quienes tengan su emprendimiento en la econom\u00eda local y brinda una l\u00ednea de financiamiento \u201cIgualdad\u201d. En septiembre del 2021 se anunci\u00f3 que el programa \u201cMi pieza\u201d tambi\u00e9n llegar\u00eda al distrito para mujeres que quieran ampliar o refaccionar sus viviendas en los barrios populares de Moreno.<\/p>\n\n\n\n<figure class=\"wp-block-gallery columns-2 is-cropped wp-block-gallery-4 is-layout-flex wp-block-gallery-is-layout-flex\"><ul class=\"blocks-gallery-grid\"><li class=\"blocks-gallery-item\"><figure><a href=\"https:\/\/morenoprimero.com.ar\/wp-content\/uploads\/2022\/06\/242354959_363539842221497_7633774268665897231_n.jpg\"><img loading=\"lazy\" decoding=\"async\" width=\"960\" height=\"640\" src=\"https:\/\/morenoprimero.com.ar\/wp-content\/uploads\/2022\/06\/242354959_363539842221497_7633774268665897231_n.jpg\" alt=\"\" data-id=\"28882\" class=\"wp-image-28882\" srcset=\"https:\/\/morenoprimero.com.ar\/archivo\/wp-content\/uploads\/2022\/06\/242354959_363539842221497_7633774268665897231_n.jpg 960w, https:\/\/morenoprimero.com.ar\/archivo\/wp-content\/uploads\/2022\/06\/242354959_363539842221497_7633774268665897231_n-300x200.jpg 300w, https:\/\/morenoprimero.com.ar\/archivo\/wp-content\/uploads\/2022\/06\/242354959_363539842221497_7633774268665897231_n-768x512.jpg 768w\" sizes=\"auto, (max-width: 960px) 100vw, 960px\" \/><\/a><\/figure><\/li><li class=\"blocks-gallery-item\"><figure><a href=\"https:\/\/morenoprimero.com.ar\/wp-content\/uploads\/2022\/06\/242530057_363539965554818_2745908605959141648_n.jpg\"><img loading=\"lazy\" decoding=\"async\" width=\"960\" height=\"640\" src=\"https:\/\/morenoprimero.com.ar\/wp-content\/uploads\/2022\/06\/242530057_363539965554818_2745908605959141648_n.jpg\" alt=\"\" data-id=\"28883\" data-full-url=\"https:\/\/morenoprimero.com.ar\/wp-content\/uploads\/2022\/06\/242530057_363539965554818_2745908605959141648_n.jpg\" data-link=\"https:\/\/morenoprimero.com.ar\/?attachment_id=28883\" class=\"wp-image-28883\" srcset=\"https:\/\/morenoprimero.com.ar\/archivo\/wp-content\/uploads\/2022\/06\/242530057_363539965554818_2745908605959141648_n.jpg 960w, https:\/\/morenoprimero.com.ar\/archivo\/wp-content\/uploads\/2022\/06\/242530057_363539965554818_2745908605959141648_n-300x200.jpg 300w, https:\/\/morenoprimero.com.ar\/archivo\/wp-content\/uploads\/2022\/06\/242530057_363539965554818_2745908605959141648_n-768x512.jpg 768w\" sizes=\"auto, (max-width: 960px) 100vw, 960px\" \/><\/a><\/figure><\/li><\/ul><\/figure>\n\n\n\n<p><\/p>\n\n\n\n<p>A trav\u00e9s de jornadas de deporte diverso y femenino y colonias de verano inclusivas diferentes vecinas de Moreno pudieron participar de un espacio libre de violencias y discriminaci\u00f3n. \u201cPudimos generar una integraci\u00f3n entre compa\u00f1eras de distintos barrios, fortalecer las redes y potenciar el trabajo de las personas que construyen el programa de puntos violetas\u201d expres\u00f3 Lis Diaz y agreg\u00f3: \u201cEs la primera vez que se realiza una colonia para mujeres y diversidades, busc\u00e1bamos generar un espacio de recreaci\u00f3n y autocuidado para una poblaci\u00f3n que se puso al hombro los a\u00f1os de pandemia y trabajo incansablemente para brindar herramientas a la comunidad de moreno\u201d.<\/p>\n\n\n\n<p>Adem\u00e1s, contin\u00faan las capacitaciones \u201cMicaela Garc\u00eda\u201d una vez por mes en el distrito y se impulsaron diferentes cursos de capacitaci\u00f3n profesional para las mujeres que busquen independizarse y crear su emprendimiento en la econom\u00eda local, como, por ejemplo, el curso gastron\u00f3mico de siete meses que recientemente anunci\u00f3 el municipio junto a la secretaria de mujeres, Naturgy y la Asociaci\u00f2n Civil Zoe en el barrio de Cascallares.<\/p>\n\n\n\n<figure class=\"wp-block-gallery columns-1 is-cropped wp-block-gallery-5 is-layout-flex wp-block-gallery-is-layout-flex\"><ul class=\"blocks-gallery-grid\"><li class=\"blocks-gallery-item\"><figure><a href=\"https:\/\/morenoprimero.com.ar\/wp-content\/uploads\/2022\/06\/aca-si-cascallares-curso-gastronomico.jpg\"><img loading=\"lazy\" decoding=\"async\" width=\"1024\" height=\"682\" src=\"https:\/\/morenoprimero.com.ar\/wp-content\/uploads\/2022\/06\/aca-si-cascallares-curso-gastronomico.jpg\" alt=\"\" data-id=\"28874\" class=\"wp-image-28874\" srcset=\"https:\/\/morenoprimero.com.ar\/archivo\/wp-content\/uploads\/2022\/06\/aca-si-cascallares-curso-gastronomico.jpg 1024w, https:\/\/morenoprimero.com.ar\/archivo\/wp-content\/uploads\/2022\/06\/aca-si-cascallares-curso-gastronomico-300x200.jpg 300w, https:\/\/morenoprimero.com.ar\/archivo\/wp-content\/uploads\/2022\/06\/aca-si-cascallares-curso-gastronomico-768x512.jpg 768w\" sizes=\"auto, (max-width: 1024px) 100vw, 1024px\" \/><\/a><\/figure><\/li><\/ul><\/figure>\n\n\n\n<p><strong>En Moreno, la comuni\u00f3n entre un estado municipal comprometido, y las organizaciones libres del pueblo son el ejemplo de que la lucha contra las distintas formas de violencias, la adquisici\u00f3n de nuevos derechos para las mujeres y diversidades solo es posible de construir desde una comunidad organizada territorialmente en cada barrio, en cada escuela, en cada espacio comunitario<\/strong>, para que el camino de empoderamiento que aleja de las situaciones de violencia no sea un camino solitario, tortuoso y fr\u00edo, sino uno repleto de escucha y empat\u00eda, donde nunca m\u00e1s reine la soledad.<\/p>\n\n\n\n<p>Desde que comenz\u00f3 la gesti\u00f3n de Mariel Fern\u00e1ndez, la Secretaria de Mujeres, G\u00e9neros y Diversidades ha entregado m\u00e1s de 3000 botones antip\u00e1tico y realizado m\u00e1s de 3mil atenciones a mujeres v\u00edctimas de violencia de g\u00e9nero, esto hizo que la tasa de femicidios bajara en un 80%, en ese sentido, el trabajo de las promotoras de g\u00e9nero fue indispensable. Asimismo, Mariel Fern\u00e1ndez explicaba a Moreno Primero: \u00ab<strong>Necesit\u00e1bamos tener mujeres en los barrios con la formaci\u00f3n y la capacidad para intervenir en situaciones de violencia de g\u00e9nero, porque la justicia o la polic\u00eda a veces no llegan a tiempo, y tener mujeres que asuman ese rol, distribuidas en todo Moreno, es muy importante. Son voluntarias, y muchas de ellas salieron de situaciones de violencia de g\u00e9nero<\/strong>\u201d.<\/p>\n\n\n\n<p>Hoy, a siete a\u00f1os de la primera marcha multitudinaria \u00abNi una menos\u00bb cuando todas las mujeres y disidencias salieron a las calles para alzar bien alto la voz por las que ya no est\u00e1n y por las que quedan y por los femicidios de&nbsp;Sandra Garc\u00eda, Camila&nbsp;Tarocco, Olga&nbsp;Veron, Rosa Estela Gracia,&nbsp;D\u00e9bora&nbsp;R\u00edos,&nbsp;Mar\u00eda&nbsp;Magdalena Figueredo y su hija Luz Emily Figueredo, Marilyn Alejandra&nbsp;S\u00e1nchez&nbsp;y Ludmila&nbsp;Pretti, Juana Ru\u00edz,&nbsp;Anabella&nbsp;Olmos y Jessica Fern\u00e1ndez que se vivieron en Moreno, desde el municipio y la Secretaria de Mujeres, G\u00e8neros y Diversidades se sigue trabajando fuertemente por un Moreno Sin Violencias. <\/p>\n\n\n\n<p><\/p>\n","protected":false},"excerpt":{"rendered":"<p>En un nuevo 3J, desde Moreno Primero, dialogamos con la secretaria de Mujeres, G\u00e9neros y Violencias, Lis D\u00edaz quien afirm\u00f3 que \u00ablas 550 promotoras de g\u00e9nero \u201cMicaela Garc\u00eda\u201d est\u00e1n organizadas en una red territorial en Moreno y permiti\u00f3 construir 30 &hellip; <a href=\"https:\/\/morenoprimero.com.ar\/archivo\/dos-anos-trabajando-por-las-mujeres-y-diversidades-de-moreno\/\">Sigue leyendo <span class=\"meta-nav\">&rarr;<\/span><\/a><\/p>\n","protected":false},"author":6,"featured_media":28905,"comment_status":"closed","ping_status":"closed","sticky":false,"template":"","format":"standard","meta":{"footnotes":""},"categories":[2,2331],"tags":[4069,6,2127,1372,4068],"class_list":["post-28871","post","type-post","status-publish","format-standard","has-post-thumbnail","hentry","category-destacadas","category-genero","tag-hogar-camila","tag-moreno","tag-ni-una-menos","tag-secretaria-de-mujeres-generos-y-diversidad","tag-violencia-de-genero-3"],"_links":{"self":[{"href":"https:\/\/morenoprimero.com.ar\/archivo\/wp-json\/wp\/v2\/posts\/28871","targetHints":{"allow":["GET"]}}],"collection":[{"href":"https:\/\/morenoprimero.com.ar\/archivo\/wp-json\/wp\/v2\/posts"}],"about":[{"href":"https:\/\/morenoprimero.com.ar\/archivo\/wp-json\/wp\/v2\/types\/post"}],"author":[{"embeddable":true,"href":"https:\/\/morenoprimero.com.ar\/archivo\/wp-json\/wp\/v2\/users\/6"}],"replies":[{"embeddable":true,"href":"https:\/\/morenoprimero.com.ar\/archivo\/wp-json\/wp\/v2\/comments?post=28871"}],"version-history":[{"count":5,"href":"https:\/\/morenoprimero.com.ar\/archivo\/wp-json\/wp\/v2\/posts\/28871\/revisions"}],"predecessor-version":[{"id":28901,"href":"https:\/\/morenoprimero.com.ar\/archivo\/wp-json\/wp\/v2\/posts\/28871\/revisions\/28901"}],"wp:featuredmedia":[{"embeddable":true,"href":"https:\/\/morenoprimero.com.ar\/archivo\/wp-json\/wp\/v2\/media\/28905"}],"wp:attachment":[{"href":"https:\/\/morenoprimero.com.ar\/archivo\/wp-json\/wp\/v2\/media?parent=28871"}],"wp:term":[{"taxonomy":"category","embeddable":true,"href":"https:\/\/morenoprimero.com.ar\/archivo\/wp-json\/wp\/v2\/categories?post=28871"},{"taxonomy":"post_tag","embeddable":true,"href":"https:\/\/morenoprimero.com.ar\/archivo\/wp-json\/wp\/v2\/tags?post=28871"}],"curies":[{"name":"wp","href":"https:\/\/api.w.org\/{rel}","templated":true}]}}