{"id":28836,"date":"2022-06-02T14:18:38","date_gmt":"2022-06-02T17:18:38","guid":{"rendered":"https:\/\/morenoprimero.com.ar\/?p=28836"},"modified":"2022-06-02T14:18:38","modified_gmt":"2022-06-02T17:18:38","slug":"axel-kicillof-entrego-400-titulos-de-propiedad","status":"publish","type":"post","link":"https:\/\/morenoprimero.com.ar\/archivo\/axel-kicillof-entrego-400-titulos-de-propiedad\/","title":{"rendered":"Axel Kicillof entreg\u00f3 400 t\u00edtulos de propiedad"},"content":{"rendered":"\n<h5 class=\"wp-block-heading\">Axel Kicillof entrego las escrituras de sus casas de manera gratuita a vecinos de la localidad de General Belgrano.<\/h5>\n\n\n\n<p><strong>Axel Kicillof<\/strong>\u00a0hizo entrega de 400\u00a0t\u00edtulos\u00a0de propiedad a vecinos de<strong>\u00a0General Belgrano<\/strong>, en el marco del programa Mi\u00a0Escritura, Mi Casa. En ese sentido el gobernador se\u00f1al\u00f3 que esta herramienta que brinda el estado bonaerense est\u00e1 \u201csubsanando una demora muy larga que ha llevado a que cerca de 800 mil bonaerenses no cuenten con los t\u00edtulos que acreditan la propiedad sobre sus viviendas\u201d.<\/p>\n\n\n\n<p><strong>\u00abEste es un acto de justicia que permite valorar lo que les pertenece a nuestros vecinos y vecinas producto de su trabajo y de su esfuerzo\u201d,<\/strong>\u00a0afirm\u00f3 Kicillof y remarc\u00f3 que se trata de una \u00abreparaci\u00f3n\u00bb impulsada desde\u00a0<strong>la provincia y que est\u00e1 pr\u00f3xima a entregar \u00ab100 mil escrituras de forma totalmente gratuita\u00bb.<\/strong><\/p>\n\n\n\n<p>Adem\u00e1s el mandatario provincial asegur\u00f3 que la importancia de esto radica en que \u201csi no se cuenta con la escritura, se ven impedidos otros derechos como obtener un cr\u00e9dito para arreglar la casa y darle continuidad al esfuerzo de los mayores con la posibilidad de legar el bien a las pr\u00f3ximas generaciones\u201d.<\/p>\n\n\n\n<h2 class=\"wp-block-heading\">\u00bfDe qu\u00e9 trata el programa y cu\u00e1les son los requisitos?<\/h2>\n\n\n\n<p>La iniciativa impulsada por el gobierno bonaerense a principios de 2020 busca brindar apoyo jur\u00eddico a quienes no puedan hacerse cargo de los honorarios de un escribano particular. De esta manera, a partir de este programa de escrituraci\u00f3n social la provincia otorga a las y los bonaerenses los t\u00edtulos de sus inmuebles y lotes.<\/p>\n\n\n\n<p><strong>Los requisitos necesarios para acceder al plan son los siguientes:<\/strong><\/p>\n\n\n\n<ul class=\"wp-block-list\"><li>Fotocopia del Boleto de Compra-Venta, convenio de donaci\u00f3n y sus cesiones (en caso de existir).<\/li><li>Formulario con los datos personales de vendedores\/as y\/o apoderados\/as.<\/li><li>Formulario de autorizaci\u00f3n del vendedor\/a y\/o apoderado para escriturar de acuerdo a lo establecido por la Ley 10.830.<\/li><li>Formulario con los datos personales de compradores y\/o apoderados\/as.<\/li><li>Declaraci\u00f3n Jurada de Vivienda \u00danica y Ocupaci\u00f3n Permanente.<\/li><li>Fotocopia de los D.N.I de compradores\/as, vendedores\/as y apoderados\/as.<\/li><li>CUIT\/CUIL\/CDI seg\u00fan corresponda del comprador\/a, vendedor\/a y apoderado\/a.<\/li><li>Justificaci\u00f3n de tu estado civil, acompa\u00f1ando documentaci\u00f3n que acredite la condici\u00f3n de viudo\/a, divorciado\/a, casado\/a o uni\u00f3n convivencial, seg\u00fan los casos.<\/li><li>Fotocopia de la escritura anterior (a nombre del vendedor\/a o su original).<\/li><li>Certificado de cancelaci\u00f3n de deuda expedido por el vendedor\/a (en caso de corresponder).<\/li><li>Fotocopia de un impuesto de ARBA o constancia de valuaci\u00f3n fiscal.<\/li><li>La valuaci\u00f3n fiscal de la vivienda tiene que ser igual o menor que $1.731.000 y la del terreno igual o menor que $ 865.800.<\/li><\/ul>\n\n\n\n<h5 class=\"wp-block-heading\"><a href=\"https:\/\/media.infocielo.com\/p\/048f5ec9a4ed13ffdbb6ec3660154452\/adjuntos\/299\/imagenes\/001\/425\/0001425577\/887x0\/smart\/diseno-titulo-2png.png\"><\/a><\/h5>\n","protected":false},"excerpt":{"rendered":"<p>Axel Kicillof entrego las escrituras de sus casas de manera gratuita a vecinos de la localidad de General Belgrano. Axel Kicillof\u00a0hizo entrega de 400\u00a0t\u00edtulos\u00a0de propiedad a vecinos de\u00a0General Belgrano, en el marco del programa Mi\u00a0Escritura, Mi Casa. En ese sentido &hellip; <a href=\"https:\/\/morenoprimero.com.ar\/archivo\/axel-kicillof-entrego-400-titulos-de-propiedad\/\">Sigue leyendo <span class=\"meta-nav\">&rarr;<\/span><\/a><\/p>\n","protected":false},"author":6,"featured_media":28837,"comment_status":"closed","ping_status":"closed","sticky":false,"template":"","format":"standard","meta":{"footnotes":""},"categories":[2329],"tags":[132,4062,4064,4063],"class_list":["post-28836","post","type-post","status-publish","format-standard","has-post-thumbnail","hentry","category-provincial","tag-axel-kicillof","tag-general-belgrano","tag-mi-casa","tag-mi-escritura"],"_links":{"self":[{"href":"https:\/\/morenoprimero.com.ar\/archivo\/wp-json\/wp\/v2\/posts\/28836","targetHints":{"allow":["GET"]}}],"collection":[{"href":"https:\/\/morenoprimero.com.ar\/archivo\/wp-json\/wp\/v2\/posts"}],"about":[{"href":"https:\/\/morenoprimero.com.ar\/archivo\/wp-json\/wp\/v2\/types\/post"}],"author":[{"embeddable":true,"href":"https:\/\/morenoprimero.com.ar\/archivo\/wp-json\/wp\/v2\/users\/6"}],"replies":[{"embeddable":true,"href":"https:\/\/morenoprimero.com.ar\/archivo\/wp-json\/wp\/v2\/comments?post=28836"}],"version-history":[{"count":1,"href":"https:\/\/morenoprimero.com.ar\/archivo\/wp-json\/wp\/v2\/posts\/28836\/revisions"}],"predecessor-version":[{"id":28838,"href":"https:\/\/morenoprimero.com.ar\/archivo\/wp-json\/wp\/v2\/posts\/28836\/revisions\/28838"}],"wp:featuredmedia":[{"embeddable":true,"href":"https:\/\/morenoprimero.com.ar\/archivo\/wp-json\/wp\/v2\/media\/28837"}],"wp:attachment":[{"href":"https:\/\/morenoprimero.com.ar\/archivo\/wp-json\/wp\/v2\/media?parent=28836"}],"wp:term":[{"taxonomy":"category","embeddable":true,"href":"https:\/\/morenoprimero.com.ar\/archivo\/wp-json\/wp\/v2\/categories?post=28836"},{"taxonomy":"post_tag","embeddable":true,"href":"https:\/\/morenoprimero.com.ar\/archivo\/wp-json\/wp\/v2\/tags?post=28836"}],"curies":[{"name":"wp","href":"https:\/\/api.w.org\/{rel}","templated":true}]}}