{"id":28835,"date":"2022-06-07T10:48:57","date_gmt":"2022-06-07T13:48:57","guid":{"rendered":"https:\/\/morenoprimero.com.ar\/?p=28835"},"modified":"2022-06-07T10:48:57","modified_gmt":"2022-06-07T13:48:57","slug":"empresas-de-moreno-buscan-empleados-a-traves-del-municipio-de-moreno","status":"publish","type":"post","link":"https:\/\/morenoprimero.com.ar\/archivo\/empresas-de-moreno-buscan-empleados-a-traves-del-municipio-de-moreno\/","title":{"rendered":"Empresas de Moreno buscan empleados a trav\u00e9s del Municipio de Moreno"},"content":{"rendered":"\n<p>Desde la  Coordinaci\u00f3n General de Empleo y Capacitaci\u00f3n para el Trabajo , dependiente del IMDEL, trabajan arduamente para lograr un objetivo de la actual gesti\u00f3n: que Moreno deje de ser ciudad dormitorio y los vecinos y vecinas trabajen en su localidad. En ese sentido, y en articulaci\u00f3n con empresas locales, publican constantemente propuestas de inserci\u00f3n laboral. En esta oportunidad buscan un empleado\/a administrativo y un asesor\/a comercial.<\/p>\n\n\n\n<p>El Municipio de Moreno realiza, desde comienzos de la gesti\u00f3n de Mariel Fern\u00e1ndez,&nbsp;un gran esfuerzo para poder generar empleo en el distrito. Tal como lo asegur\u00f3 a Moreno Primero el director de la Agencia Territorial de Moreno, Mariano S\u00e1nches, la localidad se en encuentra \u201cen b\u00fasqueda de dejar de ser una ciudad dormitorio y pasar a ser un lugar donde la gente pueda desarrollar sus actividades, trabajar, y as\u00ed poder insertar la mayor cantidad de j\u00f3venes.&nbsp;<\/p>\n\n\n\n<p>&nbsp;En ese camino se trabaja arduamente para que arriben a Moreno programas nacionales, como el recientemente anunciado \u201cFomentar Trabajo\u201d. Sin embargo, Mariano S\u00e1nches destaca que \u201cpara lograrlo\u201d, para que los j\u00f3venes vivan tengan acceso al empleo en su ciudad, \u201cel municipio requiere de un trabajo integral que permita la llegada de empleo. &nbsp;&nbsp;<\/p>\n\n\n\n<p>Adem\u00e1s de la Agencia Territorial, hay un \u00e1mbito local&nbsp;dependiente del Instituto Municipal de Desarrollo Econ\u00f3mico Local (IMDEL), que es la Coordinaci\u00f3n General de Empleo y Capacitaci\u00f3n para el Trabajo, en la cual se abordan dos \u00e1mbitos. &nbsp;<\/p>\n\n\n\n<p>Por un lado, la intermediaci\u00f3n laboral donde, desde el IMDEL, se trabaja fuertemente en capacitar a las personas y ofrecerles herramientas de inserci\u00f3n laboral como, por ejemplo, la bolsa de empleo. Luego, se trabaja con las empresas del distrito para la generaci\u00f3n de est\u00edmulos y para que las mismas contraten personas de Moreno.&nbsp;<\/p>\n\n\n\n<p>As\u00ed, las propuestas de empleo son una constante desde el \u00e1rea, incluso, para vecinos y vecinas de Moreno que est\u00e9n cursando sus estudios universitarios y les interese trabajar dentro del \u00e1mbito laboral relacionado a dichos estudios.&nbsp;<\/p>\n\n\n\n<p>Actualmente, impulsan dos propuestas de inserci\u00f3n laboral. &nbsp;<\/p>\n\n\n\n<p>En primer lugar, una propuesta administrativa\/o contable, cuyos requisitos son ser estudiante de contador o administraci\u00f3n, con experiencia en impuesto y facturaci\u00f3n, y manejo del sistema Tango, para realizar tareas relacionadas al \u00e1rea administrativa y contable.&nbsp;<\/p>\n\n\n\n<p>La segunda propuesta busca un asesor o asesora comercial, con secundario completo, experiencia en ventas en el rubro de seguridad o alarmas (no excluyente), movilidad propia y registro (excluyente), y debe ser vecino o vecina de Moreno. Las tareas son visitas a la cartera de clientes y asesoramiento en ventas. &nbsp;<\/p>\n\n\n\n<p>Quienes esten interesados en las propuestas pueden enviar un CV y foto de DNI, del frente y del dorso, indicando en el asunto la referencia al puesto que se quiere adquirir, al mail <a href=\"mailto:cvempleomoreno@moreno.gov.ar\" target=\"_blank\" rel=\"noreferrer noopener\">cvempleomoreno@moreno.gov.ar<\/a> o presentarlo en la calle Merlo 2091, entre Int. Corval\u00e1n y Vicente L\u00f3pez y Planes.&nbsp;<\/p>\n\n\n\n<figure class=\"wp-block-gallery columns-2 is-cropped wp-block-gallery-1 is-layout-flex wp-block-gallery-is-layout-flex\"><ul class=\"blocks-gallery-grid\"><li class=\"blocks-gallery-item\"><figure><a href=\"https:\/\/morenoprimero.com.ar\/wp-content\/uploads\/2022\/06\/Oficina-de-Empleo-Moreno.jpg\"><img loading=\"lazy\" decoding=\"async\" width=\"1024\" height=\"1024\" src=\"https:\/\/morenoprimero.com.ar\/wp-content\/uploads\/2022\/06\/Oficina-de-Empleo-Moreno-1024x1024.jpg\" alt=\"\" data-id=\"28842\" data-full-url=\"https:\/\/morenoprimero.com.ar\/wp-content\/uploads\/2022\/06\/Oficina-de-Empleo-Moreno.jpg\" data-link=\"https:\/\/morenoprimero.com.ar\/?attachment_id=28842\" class=\"wp-image-28842\" srcset=\"https:\/\/morenoprimero.com.ar\/archivo\/wp-content\/uploads\/2022\/06\/Oficina-de-Empleo-Moreno-1024x1024.jpg 1024w, https:\/\/morenoprimero.com.ar\/archivo\/wp-content\/uploads\/2022\/06\/Oficina-de-Empleo-Moreno-300x300.jpg 300w, https:\/\/morenoprimero.com.ar\/archivo\/wp-content\/uploads\/2022\/06\/Oficina-de-Empleo-Moreno-150x150.jpg 150w, https:\/\/morenoprimero.com.ar\/archivo\/wp-content\/uploads\/2022\/06\/Oficina-de-Empleo-Moreno-768x768.jpg 768w, https:\/\/morenoprimero.com.ar\/archivo\/wp-content\/uploads\/2022\/06\/Oficina-de-Empleo-Moreno.jpg 1080w\" sizes=\"auto, (max-width: 1024px) 100vw, 1024px\" \/><\/a><\/figure><\/li><li class=\"blocks-gallery-item\"><figure><a href=\"https:\/\/morenoprimero.com.ar\/wp-content\/uploads\/2022\/06\/Oficina-de-Empleo-Morenoo.jpg\"><img loading=\"lazy\" decoding=\"async\" width=\"1024\" height=\"1024\" src=\"https:\/\/morenoprimero.com.ar\/wp-content\/uploads\/2022\/06\/Oficina-de-Empleo-Morenoo-1024x1024.jpg\" alt=\"\" data-id=\"28843\" data-full-url=\"https:\/\/morenoprimero.com.ar\/wp-content\/uploads\/2022\/06\/Oficina-de-Empleo-Morenoo.jpg\" data-link=\"https:\/\/morenoprimero.com.ar\/?attachment_id=28843\" class=\"wp-image-28843\" srcset=\"https:\/\/morenoprimero.com.ar\/archivo\/wp-content\/uploads\/2022\/06\/Oficina-de-Empleo-Morenoo-1024x1024.jpg 1024w, https:\/\/morenoprimero.com.ar\/archivo\/wp-content\/uploads\/2022\/06\/Oficina-de-Empleo-Morenoo-300x300.jpg 300w, https:\/\/morenoprimero.com.ar\/archivo\/wp-content\/uploads\/2022\/06\/Oficina-de-Empleo-Morenoo-150x150.jpg 150w, https:\/\/morenoprimero.com.ar\/archivo\/wp-content\/uploads\/2022\/06\/Oficina-de-Empleo-Morenoo-768x768.jpg 768w, https:\/\/morenoprimero.com.ar\/archivo\/wp-content\/uploads\/2022\/06\/Oficina-de-Empleo-Morenoo.jpg 1080w\" sizes=\"auto, (max-width: 1024px) 100vw, 1024px\" \/><\/a><\/figure><\/li><\/ul><\/figure>\n","protected":false},"excerpt":{"rendered":"<p>Desde la Coordinaci\u00f3n General de Empleo y Capacitaci\u00f3n para el Trabajo , dependiente del IMDEL, trabajan arduamente para lograr un objetivo de la actual gesti\u00f3n: que Moreno deje de ser ciudad dormitorio y los vecinos y vecinas trabajen en su &hellip; <a href=\"https:\/\/morenoprimero.com.ar\/archivo\/empresas-de-moreno-buscan-empleados-a-traves-del-municipio-de-moreno\/\">Sigue leyendo <span class=\"meta-nav\">&rarr;<\/span><\/a><\/p>\n","protected":false},"author":6,"featured_media":28441,"comment_status":"open","ping_status":"open","sticky":false,"template":"","format":"standard","meta":{"footnotes":""},"categories":[926],"tags":[4065,242,6,1104],"class_list":["post-28835","post","type-post","status-publish","format-standard","has-post-thumbnail","hentry","category-economia","tag-coordinacion-general-de-empleo-y-capacitacion-para-el-trabajo","tag-imdel","tag-moreno","tag-trabajo"],"_links":{"self":[{"href":"https:\/\/morenoprimero.com.ar\/archivo\/wp-json\/wp\/v2\/posts\/28835","targetHints":{"allow":["GET"]}}],"collection":[{"href":"https:\/\/morenoprimero.com.ar\/archivo\/wp-json\/wp\/v2\/posts"}],"about":[{"href":"https:\/\/morenoprimero.com.ar\/archivo\/wp-json\/wp\/v2\/types\/post"}],"author":[{"embeddable":true,"href":"https:\/\/morenoprimero.com.ar\/archivo\/wp-json\/wp\/v2\/users\/6"}],"replies":[{"embeddable":true,"href":"https:\/\/morenoprimero.com.ar\/archivo\/wp-json\/wp\/v2\/comments?post=28835"}],"version-history":[{"count":3,"href":"https:\/\/morenoprimero.com.ar\/archivo\/wp-json\/wp\/v2\/posts\/28835\/revisions"}],"predecessor-version":[{"id":28970,"href":"https:\/\/morenoprimero.com.ar\/archivo\/wp-json\/wp\/v2\/posts\/28835\/revisions\/28970"}],"wp:featuredmedia":[{"embeddable":true,"href":"https:\/\/morenoprimero.com.ar\/archivo\/wp-json\/wp\/v2\/media\/28441"}],"wp:attachment":[{"href":"https:\/\/morenoprimero.com.ar\/archivo\/wp-json\/wp\/v2\/media?parent=28835"}],"wp:term":[{"taxonomy":"category","embeddable":true,"href":"https:\/\/morenoprimero.com.ar\/archivo\/wp-json\/wp\/v2\/categories?post=28835"},{"taxonomy":"post_tag","embeddable":true,"href":"https:\/\/morenoprimero.com.ar\/archivo\/wp-json\/wp\/v2\/tags?post=28835"}],"curies":[{"name":"wp","href":"https:\/\/api.w.org\/{rel}","templated":true}]}}