{"id":286,"date":"2020-07-11T11:00:44","date_gmt":"2020-07-11T11:00:44","guid":{"rendered":"https:\/\/morenoprimero.com.ar\/?p=286"},"modified":"2020-07-09T23:26:04","modified_gmt":"2020-07-09T23:26:04","slug":"se-entregaron-mas-de-5-mil-litros-de-leche-a-jardines-comunitarios","status":"publish","type":"post","link":"https:\/\/morenoprimero.com.ar\/archivo\/se-entregaron-mas-de-5-mil-litros-de-leche-a-jardines-comunitarios\/","title":{"rendered":"SE ENTREGARON M\u00c1S DE 5 MIL LITROS DE LECHE A JARDINES COMUNITARIOS"},"content":{"rendered":"\n<h4 class=\"wp-block-heading\">En el marco del Programa provincial \u201cUn vaso de leche por d\u00eda\u201d, la Direcci\u00f3n de Educaci\u00f3n Comunitaria y Popular lleva entregados<strong>&nbsp;5640 litros de leche&nbsp;<\/strong>desde el mes de abril al d\u00eda de hoy. Los destinatarios del programa son ni\u00f1os y ni\u00f1as hasta 6 a\u00f1os de jardines comunitarios de las distintas localidades de Moreno.<\/h4>\n\n\n\n<p>Esta tarea se articula con la Secretar\u00eda de Desarrollo Comunitario, quienes realizan la distribuci\u00f3n a los 2<strong>1 jardines comunitarios<\/strong>&nbsp;que no est\u00e1n en el circuito de comedores y merenderos que abastece el Municipio.<\/p>\n\n\n\n<p>Adem\u00e1s, se distribuyeron&nbsp;<strong>9438 cuadernillos<\/strong>&nbsp;de los Ministerios de Educaci\u00f3n de la Naci\u00f3n y de la Provincia para la continuidad pedag\u00f3gica de las instituciones, junto con<strong>&nbsp;340 alcoholes en gel<\/strong>&nbsp;para el cuidado de las trabajadoras.<\/p>\n","protected":false},"excerpt":{"rendered":"<p>En el marco del Programa provincial \u201cUn vaso de leche por d\u00eda\u201d, la Direcci\u00f3n de Educaci\u00f3n Comunitaria y Popular lleva entregados&nbsp;5640 litros de leche&nbsp;desde el mes de abril al d\u00eda de hoy. Los destinatarios del programa son ni\u00f1os y ni\u00f1as &hellip; <a href=\"https:\/\/morenoprimero.com.ar\/archivo\/se-entregaron-mas-de-5-mil-litros-de-leche-a-jardines-comunitarios\/\">Sigue leyendo <span class=\"meta-nav\">&rarr;<\/span><\/a><\/p>\n","protected":false},"author":6,"featured_media":287,"comment_status":"open","ping_status":"open","sticky":false,"template":"","format":"standard","meta":{"footnotes":""},"categories":[21,20],"tags":[176,177],"class_list":["post-286","post","type-post","status-publish","format-standard","has-post-thumbnail","hentry","category-interes-general","category-sociedad","tag-ayuda-alimentaria","tag-jardines-comunitarios"],"_links":{"self":[{"href":"https:\/\/morenoprimero.com.ar\/archivo\/wp-json\/wp\/v2\/posts\/286","targetHints":{"allow":["GET"]}}],"collection":[{"href":"https:\/\/morenoprimero.com.ar\/archivo\/wp-json\/wp\/v2\/posts"}],"about":[{"href":"https:\/\/morenoprimero.com.ar\/archivo\/wp-json\/wp\/v2\/types\/post"}],"author":[{"embeddable":true,"href":"https:\/\/morenoprimero.com.ar\/archivo\/wp-json\/wp\/v2\/users\/6"}],"replies":[{"embeddable":true,"href":"https:\/\/morenoprimero.com.ar\/archivo\/wp-json\/wp\/v2\/comments?post=286"}],"version-history":[{"count":2,"href":"https:\/\/morenoprimero.com.ar\/archivo\/wp-json\/wp\/v2\/posts\/286\/revisions"}],"predecessor-version":[{"id":289,"href":"https:\/\/morenoprimero.com.ar\/archivo\/wp-json\/wp\/v2\/posts\/286\/revisions\/289"}],"wp:featuredmedia":[{"embeddable":true,"href":"https:\/\/morenoprimero.com.ar\/archivo\/wp-json\/wp\/v2\/media\/287"}],"wp:attachment":[{"href":"https:\/\/morenoprimero.com.ar\/archivo\/wp-json\/wp\/v2\/media?parent=286"}],"wp:term":[{"taxonomy":"category","embeddable":true,"href":"https:\/\/morenoprimero.com.ar\/archivo\/wp-json\/wp\/v2\/categories?post=286"},{"taxonomy":"post_tag","embeddable":true,"href":"https:\/\/morenoprimero.com.ar\/archivo\/wp-json\/wp\/v2\/tags?post=286"}],"curies":[{"name":"wp","href":"https:\/\/api.w.org\/{rel}","templated":true}]}}