{"id":2859,"date":"2020-09-21T18:59:51","date_gmt":"2020-09-21T18:59:51","guid":{"rendered":"https:\/\/morenoprimero.com.ar\/?p=2859"},"modified":"2020-09-21T18:59:52","modified_gmt":"2020-09-21T18:59:52","slug":"la-primavera-trae-alegria-y-los-encuentros-contagios","status":"publish","type":"post","link":"https:\/\/morenoprimero.com.ar\/archivo\/la-primavera-trae-alegria-y-los-encuentros-contagios\/","title":{"rendered":"LA PRIMAVERA TRAE ALEGR\u00cdA Y LOS ENCUENTROS, CONTAGIOS."},"content":{"rendered":"\n<h4 class=\"wp-block-heading\">&nbsp; Desde el \u00e1rea de Salud de la Provincia de Buenos Aires invitan a no reunirse por el d\u00eda de la primavera.&nbsp;&nbsp;<\/h4>\n\n\n\n<p>&nbsp; &nbsp;En una publicaci\u00f3n en Twitter explican \u201cEste 21 de septiembre es muy especial. Va a ser el \u00fanico que tengamos en pandemia de coronavirus, antes que llegue la vacuna\u201d. Una primera apreciaci\u00f3n muy prometedora respecto a la llegada de la vacuna.&nbsp;&nbsp;<\/p>\n\n\n\n<p>&nbsp; <strong>&nbsp;Lo cierto es que hoy la vacuna no est\u00e1, y muchos argentinos y argentinas quieren juntarse para recibir la primavera, sin embargo, no es lo recomendable en un momento de aumento exponencial de contagios<\/strong>. <\/p>\n\n\n\n<p>  As\u00ed, desde el \u00e1rea de Salud de la Provincia de Buenos Aires recomiendan que \u201cla mejor manera de recibir la primavera es cuid\u00e1ndonos\u201d y contin\u00faan, \u201clas reuniones con amigos y amigas, s\u00f3lo por esta vez, pueden esperar\u201d.&nbsp;<\/p>\n\n\n\n<figure class=\"wp-block-embed-twitter wp-block-embed is-type-rich is-provider-twitter\"><div class=\"wp-block-embed__wrapper\">\n<blockquote class=\"twitter-tweet\" data-width=\"550\" data-dnt=\"true\"><p lang=\"es\" dir=\"ltr\">Este 21 de septiembre es muy especial. Va a ser el \u00fanico que tengamos en pandemia de coronavirus, antes que llegue la vacuna. Por eso, la mejor manera de recibir la primavera es cuid\u00e1ndonos. Las reuniones con amigos y amigas, solo por esta vez, pueden esperar.<a href=\"https:\/\/twitter.com\/BAProvincia?ref_src=twsrc%5Etfw\">@BAProvincia<\/a> <a href=\"https:\/\/t.co\/1xD3eAp7vK\">pic.twitter.com\/1xD3eAp7vK<\/a><\/p>&mdash; SaludBAP (@SaludBAP) <a href=\"https:\/\/twitter.com\/SaludBAP\/status\/1307823682182615040?ref_src=twsrc%5Etfw\">September 20, 2020<\/a><\/blockquote><script async src=\"https:\/\/platform.twitter.com\/widgets.js\" charset=\"utf-8\"><\/script>\n<\/div><\/figure>\n","protected":false},"excerpt":{"rendered":"<p>&nbsp; Desde el \u00e1rea de Salud de la Provincia de Buenos Aires invitan a no reunirse por el d\u00eda de la primavera.&nbsp;&nbsp; &nbsp; &nbsp;En una publicaci\u00f3n en Twitter explican \u201cEste 21 de septiembre es muy especial. Va a ser el &hellip; <a href=\"https:\/\/morenoprimero.com.ar\/archivo\/la-primavera-trae-alegria-y-los-encuentros-contagios\/\">Sigue leyendo <span class=\"meta-nav\">&rarr;<\/span><\/a><\/p>\n","protected":false},"author":6,"featured_media":2862,"comment_status":"open","ping_status":"open","sticky":false,"template":"","format":"standard","meta":{"footnotes":""},"categories":[21,5,20],"tags":[94,62,17,737],"class_list":["post-2859","post","type-post","status-publish","format-standard","has-post-thumbnail","hentry","category-interes-general","category-recomendadas","category-sociedad","tag-covid-19","tag-ministerio-de-salud-provincia","tag-pandemia","tag-primavera"],"_links":{"self":[{"href":"https:\/\/morenoprimero.com.ar\/archivo\/wp-json\/wp\/v2\/posts\/2859","targetHints":{"allow":["GET"]}}],"collection":[{"href":"https:\/\/morenoprimero.com.ar\/archivo\/wp-json\/wp\/v2\/posts"}],"about":[{"href":"https:\/\/morenoprimero.com.ar\/archivo\/wp-json\/wp\/v2\/types\/post"}],"author":[{"embeddable":true,"href":"https:\/\/morenoprimero.com.ar\/archivo\/wp-json\/wp\/v2\/users\/6"}],"replies":[{"embeddable":true,"href":"https:\/\/morenoprimero.com.ar\/archivo\/wp-json\/wp\/v2\/comments?post=2859"}],"version-history":[{"count":3,"href":"https:\/\/morenoprimero.com.ar\/archivo\/wp-json\/wp\/v2\/posts\/2859\/revisions"}],"predecessor-version":[{"id":2884,"href":"https:\/\/morenoprimero.com.ar\/archivo\/wp-json\/wp\/v2\/posts\/2859\/revisions\/2884"}],"wp:featuredmedia":[{"embeddable":true,"href":"https:\/\/morenoprimero.com.ar\/archivo\/wp-json\/wp\/v2\/media\/2862"}],"wp:attachment":[{"href":"https:\/\/morenoprimero.com.ar\/archivo\/wp-json\/wp\/v2\/media?parent=2859"}],"wp:term":[{"taxonomy":"category","embeddable":true,"href":"https:\/\/morenoprimero.com.ar\/archivo\/wp-json\/wp\/v2\/categories?post=2859"},{"taxonomy":"post_tag","embeddable":true,"href":"https:\/\/morenoprimero.com.ar\/archivo\/wp-json\/wp\/v2\/tags?post=2859"}],"curies":[{"name":"wp","href":"https:\/\/api.w.org\/{rel}","templated":true}]}}