{"id":2833,"date":"2020-09-18T18:30:30","date_gmt":"2020-09-18T18:30:30","guid":{"rendered":"https:\/\/morenoprimero.com.ar\/?p=2833"},"modified":"2020-09-18T18:30:30","modified_gmt":"2020-09-18T18:30:30","slug":"coronavirus-171-nuevos-casos-confirmados-y-un-fallecido","status":"publish","type":"post","link":"https:\/\/morenoprimero.com.ar\/archivo\/coronavirus-171-nuevos-casos-confirmados-y-un-fallecido\/","title":{"rendered":"CORONAVIRUS: 171 NUEVOS CASOS CONFIRMADOS Y UN FALLECIDO"},"content":{"rendered":"\n<h4 class=\"wp-block-heading\"><strong>A partir del reporte diario que brinda el Municipio de Moreno hay 171 nuevos casos confirmados, 213 casos recuperados y una defunci\u00f3n.\u00a0<\/strong><\/h4>\n\n\n\n<figure class=\"wp-block-image size-large\"><img loading=\"lazy\" decoding=\"async\" width=\"1024\" height=\"676\" src=\"https:\/\/morenoprimero.com.ar\/wp-content\/uploads\/2020\/09\/ReporteDiario-3-1024x676.jpg\" alt=\"\" class=\"wp-image-2834\" srcset=\"https:\/\/morenoprimero.com.ar\/archivo\/wp-content\/uploads\/2020\/09\/ReporteDiario-3-1024x676.jpg 1024w, https:\/\/morenoprimero.com.ar\/archivo\/wp-content\/uploads\/2020\/09\/ReporteDiario-3-300x198.jpg 300w, https:\/\/morenoprimero.com.ar\/archivo\/wp-content\/uploads\/2020\/09\/ReporteDiario-3-768x507.jpg 768w, https:\/\/morenoprimero.com.ar\/archivo\/wp-content\/uploads\/2020\/09\/ReporteDiario-3-1536x1014.jpg 1536w, https:\/\/morenoprimero.com.ar\/archivo\/wp-content\/uploads\/2020\/09\/ReporteDiario-3-2048x1353.jpg 2048w\" sizes=\"auto, (max-width: 1024px) 100vw, 1024px\" \/><\/figure>\n\n\n\n<p>El reporte diario sobre coronavirus que brinda el municipio informa que al 18 de septiembre <strong>hay 171 nuevos casos confirmados, 213 casos recuperados y una defunci\u00f3n.\u00a0\u00a0<\/strong>En total\u00a0<strong>suman 12008\u00a0\u00a0casos confirmados, 2158 casos sospechosos y 14441 casos descartados.<\/strong><\/p>\n\n\n\n<p>De los casos positivos hay&nbsp;<strong>2403 casos activos<\/strong>&nbsp;que cumplen con las medidas de aislamiento obligatorio hospitalarias y domiciliarias,&nbsp;<strong>9411 personas recuperadas&nbsp;<\/strong>a quienes se les realizaron los hisopados correspondientes que certificaron la ausencia del virus y han acontecido&nbsp;<strong>194 decesos, de los cuales 148 casos su defunci\u00f3n se encontraba asociada al evento<\/strong>.<\/p>\n\n\n\n<p>La \u00faltima defunci\u00f3n se trata de un <strong>hombre de 31 a\u00f1os <\/strong>con antecedentes de obesidad y la asociaci\u00f3n con <strong>covid <\/strong>es <strong>desconocida<\/strong>.<\/p>\n\n\n\n<p><\/p>\n","protected":false},"excerpt":{"rendered":"<p>A partir del reporte diario que brinda el Municipio de Moreno hay 171 nuevos casos confirmados, 213 casos recuperados y una defunci\u00f3n.\u00a0 El reporte diario sobre coronavirus que brinda el municipio informa que al 18 de septiembre hay 171 nuevos &hellip; <a href=\"https:\/\/morenoprimero.com.ar\/archivo\/coronavirus-171-nuevos-casos-confirmados-y-un-fallecido\/\">Sigue leyendo <span class=\"meta-nav\">&rarr;<\/span><\/a><\/p>\n","protected":false},"author":6,"featured_media":2835,"comment_status":"open","ping_status":"open","sticky":false,"template":"","format":"standard","meta":{"footnotes":""},"categories":[536],"tags":[94,102,731],"class_list":["post-2833","post","type-post","status-publish","format-standard","has-post-thumbnail","hentry","category-salud","tag-covid-19","tag-municipio-de-moreno","tag-situacion-epidemiologica"],"_links":{"self":[{"href":"https:\/\/morenoprimero.com.ar\/archivo\/wp-json\/wp\/v2\/posts\/2833","targetHints":{"allow":["GET"]}}],"collection":[{"href":"https:\/\/morenoprimero.com.ar\/archivo\/wp-json\/wp\/v2\/posts"}],"about":[{"href":"https:\/\/morenoprimero.com.ar\/archivo\/wp-json\/wp\/v2\/types\/post"}],"author":[{"embeddable":true,"href":"https:\/\/morenoprimero.com.ar\/archivo\/wp-json\/wp\/v2\/users\/6"}],"replies":[{"embeddable":true,"href":"https:\/\/morenoprimero.com.ar\/archivo\/wp-json\/wp\/v2\/comments?post=2833"}],"version-history":[{"count":1,"href":"https:\/\/morenoprimero.com.ar\/archivo\/wp-json\/wp\/v2\/posts\/2833\/revisions"}],"predecessor-version":[{"id":2836,"href":"https:\/\/morenoprimero.com.ar\/archivo\/wp-json\/wp\/v2\/posts\/2833\/revisions\/2836"}],"wp:featuredmedia":[{"embeddable":true,"href":"https:\/\/morenoprimero.com.ar\/archivo\/wp-json\/wp\/v2\/media\/2835"}],"wp:attachment":[{"href":"https:\/\/morenoprimero.com.ar\/archivo\/wp-json\/wp\/v2\/media?parent=2833"}],"wp:term":[{"taxonomy":"category","embeddable":true,"href":"https:\/\/morenoprimero.com.ar\/archivo\/wp-json\/wp\/v2\/categories?post=2833"},{"taxonomy":"post_tag","embeddable":true,"href":"https:\/\/morenoprimero.com.ar\/archivo\/wp-json\/wp\/v2\/tags?post=2833"}],"curies":[{"name":"wp","href":"https:\/\/api.w.org\/{rel}","templated":true}]}}