{"id":28156,"date":"2022-05-13T10:22:21","date_gmt":"2022-05-13T13:22:21","guid":{"rendered":"https:\/\/morenoprimero.com.ar\/?p=28156"},"modified":"2022-05-13T10:22:21","modified_gmt":"2022-05-13T13:22:21","slug":"mariel-fernandez-visita-la-ciudad-de-mexico-para-intercambiar-experiencias-de-gestion","status":"publish","type":"post","link":"https:\/\/morenoprimero.com.ar\/archivo\/mariel-fernandez-visita-la-ciudad-de-mexico-para-intercambiar-experiencias-de-gestion\/","title":{"rendered":"Mariel Fern\u00e1ndez visita la ciudad de M\u00e9xico para intercambiar experiencias de gesti\u00f3n"},"content":{"rendered":"\n<p>La intendenta de Moreno, Mariel Fern\u00e1ndez, viaj\u00f3 a la Ciudad de M\u00e9xico invitada por la alcald\u00eda de Iztapalapa, para intercambiar experiencias de gesti\u00f3n y as\u00ed enriquecer el desarrollo de pol\u00edticas p\u00fablicas.\u00a0<\/p>\n\n\n\n<p><strong>Mariel Fern\u00e1ndez<\/strong>, intendenta de Moreno, viaj\u00f3 a la <strong>Ciudad de M\u00e9xico<\/strong> invitada por la alcald\u00eda de Iztapalapa, para intercambiar experiencias de gesti\u00f3n y as\u00ed enriquecer el desarrollo de pol\u00edticas p\u00fablicas.\u00a0<\/p>\n\n\n\n<p>En primer lugar, visit\u00f3 al embajador argentino en M\u00e9xico,<strong> Carlos Tomada<\/strong>, con qui\u00e9n comparti\u00f3 un encuentro de trabajo con parte del gabinete municipal. La jefa comunal de <strong>Moreno<\/strong> est\u00e1 acompa\u00f1ada por la concejala <strong>Noelia Saavedra<\/strong>; la subsecretaria de Mujeres, G\u00e9neros y Diversidad <strong>Gisele Corone<\/strong>l; la secretaria de Ambiente y Desarrollo Sostenible, <strong>Anal\u00eda Caba\u00f1a<\/strong>; la secretaria Privada, <strong>Marcela D\u00edaz <\/strong>y el responsable de Comunicaci\u00f3n P\u00fablica, <strong>Vicente Linares<\/strong>. \u00a0<\/p>\n\n\n\n<div class=\"wp-block-image\"><figure class=\"aligncenter size-full\"><a href=\"https:\/\/morenoprimero.com.ar\/wp-content\/uploads\/2022\/05\/WhatsApp-Image-2022-05-13-at-8.39.03-AM-1.jpeg\"><img loading=\"lazy\" decoding=\"async\" width=\"768\" height=\"1024\" src=\"https:\/\/morenoprimero.com.ar\/wp-content\/uploads\/2022\/05\/WhatsApp-Image-2022-05-13-at-8.39.03-AM-1.jpeg\" alt=\"\" class=\"wp-image-28158\" srcset=\"https:\/\/morenoprimero.com.ar\/archivo\/wp-content\/uploads\/2022\/05\/WhatsApp-Image-2022-05-13-at-8.39.03-AM-1.jpeg 768w, https:\/\/morenoprimero.com.ar\/archivo\/wp-content\/uploads\/2022\/05\/WhatsApp-Image-2022-05-13-at-8.39.03-AM-1-225x300.jpeg 225w\" sizes=\"auto, (max-width: 768px) 100vw, 768px\" \/><\/a><\/figure><\/div>\n\n\n\n<p><\/p>\n\n\n\n<p>\u00abCon la finalidad de compartir el trabajo que la alcaldia ha desempe\u00f1ado en torno al desarrollo urbano de la demarcaci\u00f3n, las pol\u00edticas p\u00fablicas y los programas implementos\u00bb expresa la invitaci\u00f3n de la alcald\u00eda y destaca el desarrollo de las Unidades de Transformaci\u00f3n y Organizaciones para la Inclusi\u00f3n y la Armon\u00eda Social, un&nbsp; proyecto que \u00abpone al alcance de la ni\u00f1ez, los hombres, las mujeres, los adultos mayores, y muchas m\u00e1s colectividades de Iztapalapa la recuperaci\u00f3n y ocupaci\u00f3n del espacio p\u00fablico, la b\u00fasqueda de la obtenci\u00f3n de la justicia social y la construcci\u00f3n de la paz a partir del deporte, el arte, la recreaci\u00f3n y el cuidado.\u00bb&nbsp;<\/p>\n\n\n\n<p>\u00abGenerar un encuentro de intercambio y aprendizaje sobre la recuperaci\u00f3n y ocupaci\u00f3n del espacio p\u00fablico y la b\u00fasqueda de justicia social\u00bb se\u00f1al\u00f3 la intendenta de Moreno sobre la visita y afirm\u00f3 que \u00abla invitaci\u00f3n no implica gastos por parte del Municipio.\u00bb&nbsp;<\/p>\n\n\n\n<p>Adem\u00e1s, resalt\u00f3 que el objetivo del encuentro es \u00abintercambiar experiencias gesti\u00f3n y desaf\u00edos para fortalecer y enriquecer los proyectos para el Municipio de Moreno.\u00bb&nbsp;<\/p>\n\n\n\n<p><strong>Agenda de Trabajo\u00a0<\/strong><\/p>\n\n\n\n<p>Durante la visita, Mariel junto a su equipo recorrer\u00e1n proyectos emblem\u00e1ticos del gobierno de la Ciudad de M\u00e9xico tales como el Parque Ecol\u00f3gico de&nbsp;<\/p>\n\n\n\n<p>Xochimilco, en el \u00c1rea Natural&nbsp;<\/p>\n\n\n\n<p>Protegida Ejidos de Xochimilco y&nbsp;<\/p>\n\n\n\n<p>San Gregorio Atlapulco, d\u00f3nde ser\u00e1 recibida por la Secretar\u00eda del Medio Ambiente del gobierno de la CDMX; el Punto de Innovaci\u00f3n,&nbsp;<\/p>\n\n\n\n<p>Libertad, Arte, Educaci\u00f3n y&nbsp;<\/p>\n\n\n\n<p>Saberes (PILARES)&nbsp;<\/p>\n\n\n\n<p>\u201cEl Molino, recibidas por la secretar\u00eda de Educaci\u00f3n,&nbsp;<\/p>\n\n\n\n<p>Ciencia, Tecnolog\u00eda e&nbsp;<\/p>\n\n\n\n<p>Innovaci\u00f3n\/PILARES&nbsp;<\/p>\n\n\n\n<p>del Gobierno de la CDMX; y la Luna Iztacalco \u201cCoatlicue\u201d, d\u00f3nde ser\u00e1n recibidas por la secretar\u00eda de las Mujeres&nbsp;<\/p>\n\n\n\n<p>Gobierno de la CDMX.&nbsp;<\/p>\n\n\n\n<p><\/p>\n","protected":false},"excerpt":{"rendered":"<p>La intendenta de Moreno, Mariel Fern\u00e1ndez, viaj\u00f3 a la Ciudad de M\u00e9xico invitada por la alcald\u00eda de Iztapalapa, para intercambiar experiencias de gesti\u00f3n y as\u00ed enriquecer el desarrollo de pol\u00edticas p\u00fablicas.\u00a0 Mariel Fern\u00e1ndez, intendenta de Moreno, viaj\u00f3 a la Ciudad &hellip; <a href=\"https:\/\/morenoprimero.com.ar\/archivo\/mariel-fernandez-visita-la-ciudad-de-mexico-para-intercambiar-experiencias-de-gestion\/\">Sigue leyendo <span class=\"meta-nav\">&rarr;<\/span><\/a><\/p>\n","protected":false},"author":6,"featured_media":28157,"comment_status":"closed","ping_status":"closed","sticky":false,"template":"","format":"standard","meta":{"footnotes":""},"categories":[2328],"tags":[276,2967,6,102],"class_list":["post-28156","post","type-post","status-publish","format-standard","has-post-thumbnail","hentry","category-local","tag-mariel-fernandez","tag-mexico","tag-moreno","tag-municipio-de-moreno"],"_links":{"self":[{"href":"https:\/\/morenoprimero.com.ar\/archivo\/wp-json\/wp\/v2\/posts\/28156","targetHints":{"allow":["GET"]}}],"collection":[{"href":"https:\/\/morenoprimero.com.ar\/archivo\/wp-json\/wp\/v2\/posts"}],"about":[{"href":"https:\/\/morenoprimero.com.ar\/archivo\/wp-json\/wp\/v2\/types\/post"}],"author":[{"embeddable":true,"href":"https:\/\/morenoprimero.com.ar\/archivo\/wp-json\/wp\/v2\/users\/6"}],"replies":[{"embeddable":true,"href":"https:\/\/morenoprimero.com.ar\/archivo\/wp-json\/wp\/v2\/comments?post=28156"}],"version-history":[{"count":1,"href":"https:\/\/morenoprimero.com.ar\/archivo\/wp-json\/wp\/v2\/posts\/28156\/revisions"}],"predecessor-version":[{"id":28159,"href":"https:\/\/morenoprimero.com.ar\/archivo\/wp-json\/wp\/v2\/posts\/28156\/revisions\/28159"}],"wp:featuredmedia":[{"embeddable":true,"href":"https:\/\/morenoprimero.com.ar\/archivo\/wp-json\/wp\/v2\/media\/28157"}],"wp:attachment":[{"href":"https:\/\/morenoprimero.com.ar\/archivo\/wp-json\/wp\/v2\/media?parent=28156"}],"wp:term":[{"taxonomy":"category","embeddable":true,"href":"https:\/\/morenoprimero.com.ar\/archivo\/wp-json\/wp\/v2\/categories?post=28156"},{"taxonomy":"post_tag","embeddable":true,"href":"https:\/\/morenoprimero.com.ar\/archivo\/wp-json\/wp\/v2\/tags?post=28156"}],"curies":[{"name":"wp","href":"https:\/\/api.w.org\/{rel}","templated":true}]}}