{"id":28129,"date":"2022-05-12T12:41:01","date_gmt":"2022-05-12T15:41:01","guid":{"rendered":"https:\/\/morenoprimero.com.ar\/?p=28129"},"modified":"2022-05-12T12:41:02","modified_gmt":"2022-05-12T15:41:02","slug":"mariel-fernandez-recibio-a-la-ministra-vilar-y-al-diputado-grosso-en-moreno","status":"publish","type":"post","link":"https:\/\/morenoprimero.com.ar\/archivo\/mariel-fernandez-recibio-a-la-ministra-vilar-y-al-diputado-grosso-en-moreno\/","title":{"rendered":"Mariel Fern\u00e1ndez recibi\u00f3 a la ministra Vilar y al diputado Grosso en Moreno"},"content":{"rendered":"\n<p>Daniela Vilar, ministra provincial de ambiente y Leonardo Grosso, diputado nacional compartieron un encuentro de trabajo y recorrieron el nuevo Paseo Costero del Lago San Francisco, y el vivero y la biblioteca de la Reserva Municipal Los Robles. <\/p>\n\n\n\n<p>M<strong>ariel Fern\u00e1ndez<\/strong>, intendenta de Moreno, recibi\u00f3 a la ministra de Ambiente de la Provincia de Buenos Aires, <strong>Daniela Vilar y al diputado nacional Leo Grosso <\/strong>en Moreno.\u00a0Junto a la secretaria de <strong>Salud y Ambiente, Anal\u00eda Caba\u00f1a<\/strong> y la administradora del<strong> Instituto de Desarrollo Econ\u00f3mico Local,<\/strong> <strong>Daiana Anad\u00f3n<\/strong>, compartieron un encuentro de trabajo y recorrieron el nuevo Paseo Costero del Lago San Francisco, y el vivero y la biblioteca de la <strong>Reserva Municipal Los Robles.<\/strong>\u00a0<\/p>\n\n\n\n<figure class=\"wp-block-gallery columns-2 is-cropped wp-block-gallery-1 is-layout-flex wp-block-gallery-is-layout-flex\"><ul class=\"blocks-gallery-grid\"><li class=\"blocks-gallery-item\"><figure><a href=\"https:\/\/morenoprimero.com.ar\/wp-content\/uploads\/2022\/05\/FOTO1.jpeg\"><img loading=\"lazy\" decoding=\"async\" width=\"1024\" height=\"682\" src=\"https:\/\/morenoprimero.com.ar\/wp-content\/uploads\/2022\/05\/FOTO1.jpeg\" alt=\"\" data-id=\"28130\" class=\"wp-image-28130\" srcset=\"https:\/\/morenoprimero.com.ar\/archivo\/wp-content\/uploads\/2022\/05\/FOTO1.jpeg 1024w, https:\/\/morenoprimero.com.ar\/archivo\/wp-content\/uploads\/2022\/05\/FOTO1-300x200.jpeg 300w, https:\/\/morenoprimero.com.ar\/archivo\/wp-content\/uploads\/2022\/05\/FOTO1-768x512.jpeg 768w\" sizes=\"auto, (max-width: 1024px) 100vw, 1024px\" \/><\/a><\/figure><\/li><li class=\"blocks-gallery-item\"><figure><a href=\"https:\/\/morenoprimero.com.ar\/wp-content\/uploads\/2022\/05\/FOTO2.jpeg\"><img loading=\"lazy\" decoding=\"async\" width=\"1024\" height=\"682\" src=\"https:\/\/morenoprimero.com.ar\/wp-content\/uploads\/2022\/05\/FOTO2.jpeg\" alt=\"\" data-id=\"28131\" data-full-url=\"https:\/\/morenoprimero.com.ar\/wp-content\/uploads\/2022\/05\/FOTO2.jpeg\" data-link=\"https:\/\/morenoprimero.com.ar\/?attachment_id=28131\" class=\"wp-image-28131\" srcset=\"https:\/\/morenoprimero.com.ar\/archivo\/wp-content\/uploads\/2022\/05\/FOTO2.jpeg 1024w, https:\/\/morenoprimero.com.ar\/archivo\/wp-content\/uploads\/2022\/05\/FOTO2-300x200.jpeg 300w, https:\/\/morenoprimero.com.ar\/archivo\/wp-content\/uploads\/2022\/05\/FOTO2-768x512.jpeg 768w\" sizes=\"auto, (max-width: 1024px) 100vw, 1024px\" \/><\/a><\/figure><\/li><\/ul><\/figure>\n\n\n\n<p>Durante la jornada conversaron sobre las pol\u00edticas y los proyectos que el gobierno local lleva adelante en relaci\u00f3n al ambiente, como <strong>el desarrollo del turismo local y la gesti\u00f3n integral de residuos s\u00f3lidos urbano<\/strong>s.\u00a0<\/p>\n\n\n\n<blockquote class=\"wp-block-quote is-layout-flow wp-block-quote-is-layout-flow\"><p>\u201cLa articulaci\u00f3n y el compromiso de trabajo con la Provincia nos va a permitir fortalecer estas pol\u00edticas y seguir trabajando por la transformaci\u00f3n, promoci\u00f3n y cuidado de nuestra casa com\u00fan\u201d, afirm\u00f3 la jefa comunal.\u00a0<\/p><\/blockquote>\n\n\n\n<p>Tambi\u00e9n participaron Jacki Flores, subsecretaria de Residuos S\u00f3lidos Urbanos y Econom\u00eda Circular; Nadia Moragas, directora de la Unidad de Cooperaci\u00f3n y Financiamiento Internacional; Clara Cardenas, directora de Educaci\u00f3n y Participaci\u00f3n Ambiental y Faustina Sarandon, directora de Econom\u00eda Circular del Ministerio de Ambiente de la Provincia. Por parte del Municipio, estuvieron presentes Fernando Barrionuevo, subsecretario de Seguridad Ambiental y Alimentaria y el concejal Emmanuel Fern\u00e1ndez.&nbsp;<\/p>\n\n\n\n<p><\/p>\n","protected":false},"excerpt":{"rendered":"<p>Daniela Vilar, ministra provincial de ambiente y Leonardo Grosso, diputado nacional compartieron un encuentro de trabajo y recorrieron el nuevo Paseo Costero del Lago San Francisco, y el vivero y la biblioteca de la Reserva Municipal Los Robles. Mariel Fern\u00e1ndez, &hellip; <a href=\"https:\/\/morenoprimero.com.ar\/archivo\/mariel-fernandez-recibio-a-la-ministra-vilar-y-al-diputado-grosso-en-moreno\/\">Sigue leyendo <span class=\"meta-nav\">&rarr;<\/span><\/a><\/p>\n","protected":false},"author":6,"featured_media":28132,"comment_status":"closed","ping_status":"closed","sticky":false,"template":"","format":"standard","meta":{"footnotes":""},"categories":[496,2328],"tags":[495,313,276,6,102,60,3170],"class_list":["post-28129","post","type-post","status-publish","format-standard","has-post-thumbnail","hentry","category-ambiente","category-local","tag-ambiente","tag-los-robles","tag-mariel-fernandez","tag-moreno","tag-municipio-de-moreno","tag-provincia-de-buenos-aires","tag-secretaria-de-ambiente-y-desarrollo-sostenible-2"],"_links":{"self":[{"href":"https:\/\/morenoprimero.com.ar\/archivo\/wp-json\/wp\/v2\/posts\/28129","targetHints":{"allow":["GET"]}}],"collection":[{"href":"https:\/\/morenoprimero.com.ar\/archivo\/wp-json\/wp\/v2\/posts"}],"about":[{"href":"https:\/\/morenoprimero.com.ar\/archivo\/wp-json\/wp\/v2\/types\/post"}],"author":[{"embeddable":true,"href":"https:\/\/morenoprimero.com.ar\/archivo\/wp-json\/wp\/v2\/users\/6"}],"replies":[{"embeddable":true,"href":"https:\/\/morenoprimero.com.ar\/archivo\/wp-json\/wp\/v2\/comments?post=28129"}],"version-history":[{"count":1,"href":"https:\/\/morenoprimero.com.ar\/archivo\/wp-json\/wp\/v2\/posts\/28129\/revisions"}],"predecessor-version":[{"id":28133,"href":"https:\/\/morenoprimero.com.ar\/archivo\/wp-json\/wp\/v2\/posts\/28129\/revisions\/28133"}],"wp:featuredmedia":[{"embeddable":true,"href":"https:\/\/morenoprimero.com.ar\/archivo\/wp-json\/wp\/v2\/media\/28132"}],"wp:attachment":[{"href":"https:\/\/morenoprimero.com.ar\/archivo\/wp-json\/wp\/v2\/media?parent=28129"}],"wp:term":[{"taxonomy":"category","embeddable":true,"href":"https:\/\/morenoprimero.com.ar\/archivo\/wp-json\/wp\/v2\/categories?post=28129"},{"taxonomy":"post_tag","embeddable":true,"href":"https:\/\/morenoprimero.com.ar\/archivo\/wp-json\/wp\/v2\/tags?post=28129"}],"curies":[{"name":"wp","href":"https:\/\/api.w.org\/{rel}","templated":true}]}}